{"id":697099,"date":"2025-12-03T21:21:53","date_gmt":"2025-12-04T03:21:53","guid":{"rendered":"https:\/\/www.diarioimagen.net\/?p=697099"},"modified":"2025-12-03T21:21:53","modified_gmt":"2025-12-04T03:21:53","slug":"celebrar-la-navidad-fomenta-la-unidad-familiar-simon-mondragon","status":"publish","type":"post","link":"https:\/\/www.diarioimagen.net\/?p=697099","title":{"rendered":"Celebrar la Navidad fomenta la unidad familiar: Sim\u00f3n Mondrag\u00f3n"},"content":{"rendered":"<p><img loading=\"lazy\" decoding=\"async\" class=\"alignnone wp-image-697097 size-large\" src=\"https:\/\/www.diarioimagen.net\/wp-content\/uploads\/2025\/12\/BAENA-4-ok-2-355x270.jpg\" alt=\"\" width=\"355\" height=\"270\" srcset=\"https:\/\/www.diarioimagen.net\/wp-content\/uploads\/2025\/12\/BAENA-4-ok-2-355x270.jpg 355w, https:\/\/www.diarioimagen.net\/wp-content\/uploads\/2025\/12\/BAENA-4-ok-2-240x183.jpg 240w, https:\/\/www.diarioimagen.net\/wp-content\/uploads\/2025\/12\/BAENA-4-ok-2-768x584.jpg 768w, https:\/\/www.diarioimagen.net\/wp-content\/uploads\/2025\/12\/BAENA-4-ok-2-1536x1169.jpg 1536w, https:\/\/www.diarioimagen.net\/wp-content\/uploads\/2025\/12\/BAENA-4-ok-2-2048x1558.jpg 2048w\" sizes=\"auto, (max-width: 355px) 100vw, 355px\" \/><\/p>\n<p>Naucalpan. Mex.- La importancia de celebrar la Navidad radica en la conexi\u00f3n espiritual, la uni\u00f3n familiar y la transmisi\u00f3n de valores. Para los cristianos, es una celebraci\u00f3n religiosa del nacimiento de Jes\u00fas, mientras que para otros, es un momento para fortalecer lazos afectivos, practicar la solidaridad y reflexionar sobre la alegr\u00eda y la paz. As\u00ed lo expres\u00f3 el profesor Sim\u00f3n Mondrag\u00f3n Bernal, director general de Educaci\u00f3n Media Superior del Estado de M\u00e9xico, al encender el \u00e1rbol navide\u00f1o y dar inicio a las festividades decembrinas acompa\u00f1ado del alcalde Isaac Montoya M\u00e1rquez. Puntualiz\u00f3 que la Navidad permite a las familias reunirse, compartir y fortalecer sus v\u00ednculos, creando un sentido de pertenencia y unidad.<\/p>\n<p>&nbsp;<\/p>\n<p>&nbsp;<\/p>\n<p>&nbsp;<\/p>\n<p>\u00abEs una oportunidad para ense\u00f1ar valores como el amor, la solidaridad, la generosidad, la empat\u00eda y el respeto a los ni\u00f1os y a las familias mexiquenses\u00bb.<\/p>\n<p>&nbsp;<\/p>\n<p>Record\u00f3 que esta celebraci\u00f3n permite\u00a0 la uni\u00f3n y la armon\u00eda, asi como fomenta un ambiente de paz, alegr\u00eda y armon\u00eda, y es una ocasi\u00f3n para demostrar el cari\u00f1o y la preocupaci\u00f3n por los dem\u00e1s.<\/p>\n","protected":false},"excerpt":{"rendered":"<p>Naucalpan. Mex.- La importancia de celebrar la Navidad radica en la conexi\u00f3n espiritual, la uni\u00f3n familiar y la transmisi\u00f3n de valores. Para los cristianos, es una celebraci\u00f3n religiosa del nacimiento de Jes\u00fas, mientras que para otros, es un momento para fortalecer lazos afectivos, practicar la solidaridad y reflexionar sobre la alegr\u00eda y la paz. As\u00ed [&hellip;]<\/p>\n","protected":false},"author":14,"featured_media":697097,"comment_status":"open","ping_status":"open","sticky":false,"template":"","format":"standard","meta":{"_monsterinsights_skip_tracking":false,"_monsterinsights_sitenote_active":false,"_monsterinsights_sitenote_note":"","_monsterinsights_sitenote_category":0,"footnotes":""},"categories":[5],"tags":[],"class_list":["post-697099","post","type-post","status-publish","format-standard","has-post-thumbnail","hentry","category-estado-de-mexico"],"_links":{"self":[{"href":"https:\/\/www.diarioimagen.net\/index.php?rest_route=\/wp\/v2\/posts\/697099","targetHints":{"allow":["GET"]}}],"collection":[{"href":"https:\/\/www.diarioimagen.net\/index.php?rest_route=\/wp\/v2\/posts"}],"about":[{"href":"https:\/\/www.diarioimagen.net\/index.php?rest_route=\/wp\/v2\/types\/post"}],"author":[{"embeddable":true,"href":"https:\/\/www.diarioimagen.net\/index.php?rest_route=\/wp\/v2\/users\/14"}],"replies":[{"embeddable":true,"href":"https:\/\/www.diarioimagen.net\/index.php?rest_route=%2Fwp%2Fv2%2Fcomments&post=697099"}],"version-history":[{"count":1,"href":"https:\/\/www.diarioimagen.net\/index.php?rest_route=\/wp\/v2\/posts\/697099\/revisions"}],"predecessor-version":[{"id":697100,"href":"https:\/\/www.diarioimagen.net\/index.php?rest_route=\/wp\/v2\/posts\/697099\/revisions\/697100"}],"wp:featuredmedia":[{"embeddable":true,"href":"https:\/\/www.diarioimagen.net\/index.php?rest_route=\/wp\/v2\/media\/697097"}],"wp:attachment":[{"href":"https:\/\/www.diarioimagen.net\/index.php?rest_route=%2Fwp%2Fv2%2Fmedia&parent=697099"}],"wp:term":[{"taxonomy":"category","embeddable":true,"href":"https:\/\/www.diarioimagen.net\/index.php?rest_route=%2Fwp%2Fv2%2Fcategories&post=697099"},{"taxonomy":"post_tag","embeddable":true,"href":"https:\/\/www.diarioimagen.net\/index.php?rest_route=%2Fwp%2Fv2%2Ftags&post=697099"}],"curies":[{"name":"wp","href":"https:\/\/api.w.org\/{rel}","templated":true}]}}