{"id":697142,"date":"2025-12-03T21:46:21","date_gmt":"2025-12-04T03:46:21","guid":{"rendered":"https:\/\/www.diarioimagen.net\/?p=697142"},"modified":"2025-12-03T21:46:21","modified_gmt":"2025-12-04T03:46:21","slug":"premios-para-asalariados-palo-para-los-productores-del-campo","status":"publish","type":"post","link":"https:\/\/www.diarioimagen.net\/?p=697142","title":{"rendered":"Premios para asalariados; palo,  para los productores del campo"},"content":{"rendered":"<p><strong>CLASE POLITICA\u00a0 <\/strong>Miguel \u00c1ngel Rivera<\/p>\n<p><strong>\u00a0<\/strong><\/p>\n<p>&nbsp;<\/p>\n<p>&nbsp;<\/p>\n<p>Mientras se mantiene la inconformidad de gran parte de los hombres del campo por las reformas a la Ley Nacional de Aguas que les recorta sus derechos y pone en riesgo la producci\u00f3n agropecuaria, el r\u00e9gimen de la llamada Cuarta Transformaci\u00f3n se afana en ganarse a la clase trabajadora, b\u00e1sicamente urbana, aun a riesgo de poner en riesgo a la de por s\u00ed debilitada econom\u00eda nacional.<\/p>\n<p>En efecto, en su ma\u00f1anera de ayer, la presidenta (con A) Claudia Sheinbaum Pardo hizo dos anuncios orientados b\u00e1sicamente a ganar la buena voluntad (trad\u00fazcase como votos) del sector obrero: uno aumento de salarios y, dos, reducci\u00f3n de la jornada de trabajo.<\/p>\n<p>Son \u201cconquistas\u201d a las que nadie se puede oponer. Esto recuerda la expresi\u00f3n popular \u201ca la gorra ni quien le corra\u201d y, en pol\u00edtica, oponerse significa perder la simpat\u00eda de un importante sector de nuestra sociedad, mientras que estar a favor propicia un aumento de votos.<\/p>\n<p>Al respecto, debe recordarse que el ahora alica\u00eddo PRI present\u00f3 una iniciativa para reducir la jornada semanal a 40 horas, lo que equivale a trabajar s\u00f3lo cinco d\u00edas a la semana.<\/p>\n<p>Esa iniciativa est\u00e1 inmovilizada a pesar de que el coordinador de la bancad del PRI en la C\u00e1mara de Diputados, Rub\u00e9n Moreira Valdez ha insistido en forma repetida para que su propuesta se turne al pleno para su votaci\u00f3n.<\/p>\n<p>El tambi\u00e9n ex gobernador de Coahuila ha acusado a Morena de impedir que avance el proceso de votaci\u00f3n.<\/p>\n<p>Moreira tambi\u00e9n ha destacado la necesidad de otorgar est\u00edmulos fiscales a las peque\u00f1as y medianas empresas para apoyar esta reducci\u00f3n del horario.<\/p>\n<p>Finalmente, el cambio ya es seguro, aunque no se aplicar\u00e1 de inmediato, sino a partir de 2027 (a\u00f1o de elecciones generales) y, en forma gradual. En 2027 se reducir\u00e1 2 horas la jornada laboral, para llegar a 40 en 2030.<\/p>\n<p>La reforma fue confirmada, como apuntamos, durante su conferencia ma\u00f1anera por la presidenta Sheinbaum. Claro, ni una menci\u00f3n a las iniciativas del tricolor y de otras fuerzas de oposici\u00f3n. El cambio deber\u00e1n agradecerlo los trabajadores a Morena y sus sat\u00e9lites del PT y PVEM.<\/p>\n<p>En la misma ma\u00f1anera, el secretario federal del Trabajo, Marath Bola\u00f1os, remarc\u00f3 la participaci\u00f3n del gobierno federal en este cambio. Mencion\u00f3 que, desde el pasado primero de mayo, la presidenta anunci\u00f3 el inicio del di\u00e1logo con la finalidad de construir el proceso para reducir a 40 horas la semana laboral, \u201cse trata de su compromiso n\u00famero 60 y hoy presentamos los primeros avances\u201d,<\/p>\n<p>Por su parte, Sheinbaum advirti\u00f3 que la reducci\u00f3n no implica mayores costos para las empresas y tendr\u00e1n tiempo suficiente para adaptarse a la nueva norma con la posibilidad de mayor calidad en el desempe\u00f1o. \u201cEn 2026 har\u00e1n las adecuaciones necesarias para llegar a 2030 con la jornada laboral de 40 horas, incluso en pa\u00edses n\u00f3rdicos han logrado jornadas de 36 horas y han demostrado mayor productividad\u201d, sostuvo la mandataria.<\/p>\n<p>En su conferencia, la jefa del Ejecutivo federal incluy\u00f3 asimismo otro impactante anuncio: el salario m\u00ednimo aumentar\u00e1 13 por ciento. Este incremento ser\u00e1 efectivo casi de inmediato, pues se empezar\u00e1 a aplicar a partir del pr\u00f3ximo 1 de enero de 2026.<\/p>\n<p>El potencial pol\u00edtico de estas acciones se traduce en los \u00a1millones! de votos que representar\u00e1 el aparecer como el promotor de esas acciones que, sin duda, representar\u00e1n un beneficio para los asalariados.<\/p>\n<p>Por ejemplo, el propio secretario del Trabajo destac\u00f3 que con estas acciones \u201cse busca beneficiar a las m\u00e1s de 13.4 millones de personas trabajadoras que actualmente realizan jornadas de m\u00e1s de 40 horas a la semana\u201d,<\/p>\n<p>En cuanto al aumento al salario m\u00ednimo, el mismo Marath Bola\u00f1os indic\u00f3 que la mejor\u00eda beneficiar\u00e1 a 8.5 millones de trabajadores. El funcionario resalt\u00f3 que el poder adquisitivo del salario m\u00ednimo habr\u00e1 crecido 154% desde 2018.<\/p>\n<p>Este incremento del 13 por ciento, \u201cen t\u00e9rminos mensuales, representa 9 mil 582.47 pesos m\u00e1s\u201d, indic\u00f3 el secretario de Trabajo<\/p>\n<p>A su vez, el presidente del Consejo Coordinador Empresarial (CCE), Francisco Cervantes D\u00edaz, destac\u00f3 que el sector empresarial y el gobierno de M\u00e9xico han mostrado disposici\u00f3n y una especial apertura para negociar condiciones que favorezcan a los distintos grupos de la poblaci\u00f3n, particularmente a los m\u00e1s vulnerables.<\/p>\n<p>Es decir, todas esas mejoras fueron resultado de acuerdos entre el oficialismo y la oposici\u00f3n, as\u00ed como de otros sectores de la sociedad, fundamentalmente los organismos patronales. Pero eso no lo saben o apenas lo intuyen los trabajadores, quienes, como los adultos mayores, expresar\u00e1n su agradecimiento al gobierno en turno.<\/p>\n<p>Todav\u00eda hay mejores noticias para el r\u00e9gimen, las mejoras a esos segmentos del sector laboral tienen un efecto multiplicador, pues a los beneficiados directamente se deber\u00e1n sumar los efectos colaterales, pues el aumento al m\u00ednimo se traducir\u00e1 en incrementos a quienes est\u00e1n en los estratos superiores, ya que podr\u00e1n negociar en mejores condiciones, esto adem\u00e1s de la repercusi\u00f3n en los c\u00edrculos de parientes y amigos.<\/p>\n<p>Este incremento del 13 por ciento, \u201cen t\u00e9rminos mensuales, representa 9 mil 582.47 pesos m\u00e1s\u201d, indic\u00f3 el secretario de Trabajo y Previsi\u00f3n Social. El presidente del Consejo Coordinador Empresarial (CCE), Francisco Cervantes D\u00edaz, destac\u00f3 que el sector empresarial y el gobierno de M\u00e9xico han mostrado disposici\u00f3n y una especial apertura para negociar condiciones que favorezcan a los distintos grupos de la poblaci\u00f3n, particularmente a los m\u00e1s vulnerables.<\/p>\n<p>Vale insistir en que las elecciones generales intermedias, en la que no s\u00f3lo se renovar\u00e1n miles de cargos en el Congreso de la Uni\u00f3n, cambiar\u00e1n de gobernador 17 estados y todav\u00eda m\u00e1s elegir\u00e1n nuevos diputados, adem\u00e1s de que en esta ocasi\u00f3n se incluir\u00e1 en la misma fecha la renovaci\u00f3n de la segunda mitad del Poder Judicial.<\/p>\n<p>Morena, que no est\u00e1 dispuesto a ceder en su conquista de los tres poderes de la Rep\u00fablica, inici\u00f3 el proceso para consolidar su mayor\u00eda en todo el pa\u00eds, tarea que se puso a cargo de Andy L\u00f3pez Beltr\u00e1n, el hijo del caudillo de\u00a0la llamada Cuarta Transformaci\u00f3n, quien se comprometi\u00f3 a afiliar a diez millones de ciudadanos a su partido, Morena, y seg\u00fan informes oficiales ya lo logr\u00f3, claro, no solo, pero s\u00ed al frente de un nutrido contingente al que se han sumado no pocos funcionarios y empleados de gobiernos surgidos de ese \u201cmovimiento\u201d.<\/p>\n<p>Pero con las mencionadas promociones, los allegados a la presidenta Sheinbaum podr\u00e1n presumir que sumaron a las filas del oficialismo muchos m\u00e1s simpatizantes, aunque no aparezcan en el padr\u00f3n de Morena.<\/p>\n<p>Hoy, 3 de diciembre de 2025, contin\u00faan los bloqueos en distintas carreteras del pa\u00eds por protestas de campesinos.<\/p>\n<p>El tino de la 4T al atender las necesidades del sector laboral no se extiende a todos los sectores de la sociedad nacional, pues ayer mismo siguieron las protestas de los productores agropecuarios y sus aliados, los transportistas, en protesta por las reformas a la Ley Nacional de Aguas, las cuales ellos consideran expropiatorias y da\u00f1inas en momentos en que el pa\u00eds requiere con urgencia aumentar la disponibilidad de alimentos y otros productos b\u00e1sicos<\/p>\n<p>Cabe se\u00f1alar que productores agr\u00edcolas y transportistas, de entidades como Guanajuato, Veracruz, Puebla y Tlaxcala, anunciaron una caravana de tractores con rumbo a la Ciudad de M\u00e9xico, como parte de las protestas contra la reforma a la Ley de Aguas Nacionales.<\/p>\n<p>Desde diversos rumbos de la Rep\u00fablica, principalmente en la regi\u00f3n fronteriza y en los alrededores de la capital del pa\u00eds, los medios de comunicaci\u00f3n reportaron marchas, bloqueos y otras manifestaciones en contra de los anunciados cambios a la Ley de Aguas.<\/p>\n<p>Los inconformes anunciaron una \u201cmegamarcha\u201d hacia la Ciudad de M\u00e9xico, mientras que algunos ya est\u00e1n en la capital, donde bloquean la sede de la C\u00e1mara de Diputados y otros entorpecieron el tr\u00e1nsito en las principales carreteras y autopistas que llegan a esta metr\u00f3poli.<\/p>\n<p>En contra de la pregonada atenci\u00f3n a las demandas del pueblo, la mayor\u00eda oficialista en San L\u00e1zaro, conducida por el zacatecano Ricardo Monreal, aceler\u00f3 los tr\u00e1mites para aprobar ayer mismo las anunciadas reformas.<\/p>\n<p>Como siempre, las protestas de la oposici\u00f3n, b\u00e1sicamente del PRI y PAN, quedaron acalladas por los votos de la mayor\u00eda oficialista.<\/p>\n<p>&nbsp;<\/p>\n<p>&nbsp;<\/p>\n<p>&nbsp;<\/p>\n<p>&nbsp;<\/p>\n","protected":false},"excerpt":{"rendered":"<p>CLASE POLITICA\u00a0 Miguel \u00c1ngel Rivera \u00a0 &nbsp; &nbsp; Mientras se mantiene la inconformidad de gran parte de los hombres del campo por las reformas a la Ley Nacional de Aguas que les recorta sus derechos y pone en riesgo la producci\u00f3n agropecuaria, el r\u00e9gimen de la llamada Cuarta Transformaci\u00f3n se afana en ganarse a la [&hellip;]<\/p>\n","protected":false},"author":14,"featured_media":0,"comment_status":"open","ping_status":"open","sticky":false,"template":"","format":"standard","meta":{"_monsterinsights_skip_tracking":false,"_monsterinsights_sitenote_active":false,"_monsterinsights_sitenote_note":"","_monsterinsights_sitenote_category":0,"footnotes":""},"categories":[84119,4],"tags":[],"class_list":["post-697142","post","type-post","status-publish","format-standard","hentry","category-miguel-angel-rivera","category-opinion"],"_links":{"self":[{"href":"https:\/\/www.diarioimagen.net\/index.php?rest_route=\/wp\/v2\/posts\/697142","targetHints":{"allow":["GET"]}}],"collection":[{"href":"https:\/\/www.diarioimagen.net\/index.php?rest_route=\/wp\/v2\/posts"}],"about":[{"href":"https:\/\/www.diarioimagen.net\/index.php?rest_route=\/wp\/v2\/types\/post"}],"author":[{"embeddable":true,"href":"https:\/\/www.diarioimagen.net\/index.php?rest_route=\/wp\/v2\/users\/14"}],"replies":[{"embeddable":true,"href":"https:\/\/www.diarioimagen.net\/index.php?rest_route=%2Fwp%2Fv2%2Fcomments&post=697142"}],"version-history":[{"count":1,"href":"https:\/\/www.diarioimagen.net\/index.php?rest_route=\/wp\/v2\/posts\/697142\/revisions"}],"predecessor-version":[{"id":697157,"href":"https:\/\/www.diarioimagen.net\/index.php?rest_route=\/wp\/v2\/posts\/697142\/revisions\/697157"}],"wp:attachment":[{"href":"https:\/\/www.diarioimagen.net\/index.php?rest_route=%2Fwp%2Fv2%2Fmedia&parent=697142"}],"wp:term":[{"taxonomy":"category","embeddable":true,"href":"https:\/\/www.diarioimagen.net\/index.php?rest_route=%2Fwp%2Fv2%2Fcategories&post=697142"},{"taxonomy":"post_tag","embeddable":true,"href":"https:\/\/www.diarioimagen.net\/index.php?rest_route=%2Fwp%2Fv2%2Ftags&post=697142"}],"curies":[{"name":"wp","href":"https:\/\/api.w.org\/{rel}","templated":true}]}}