{"id":697235,"date":"2025-12-03T22:05:08","date_gmt":"2025-12-04T04:05:08","guid":{"rendered":"https:\/\/www.diarioimagen.net\/?p=697235"},"modified":"2025-12-03T22:05:08","modified_gmt":"2025-12-04T04:05:08","slug":"avalan-en-san-lazaro-dictamen-que-reforma-la-ley-general-de-aguas","status":"publish","type":"post","link":"https:\/\/www.diarioimagen.net\/?p=697235","title":{"rendered":"Avalan en San L\u00e1zaro  dictamen que reforma  la Ley General de Aguas  \u00a0"},"content":{"rendered":"<ul>\n<li><strong>Aprobaci\u00f3n en comisiones<\/strong><\/li>\n<\/ul>\n<div id=\"attachment_697236\" style=\"width: 370px\" class=\"wp-caption alignnone\"><img loading=\"lazy\" decoding=\"async\" aria-describedby=\"caption-attachment-697236\" class=\"wp-image-697236 size-large\" src=\"https:\/\/www.diarioimagen.net\/wp-content\/uploads\/2025\/12\/RESERVAS-2-ok-360x270.jpg\" alt=\"\" width=\"360\" height=\"270\" srcset=\"https:\/\/www.diarioimagen.net\/wp-content\/uploads\/2025\/12\/RESERVAS-2-ok-360x270.jpg 360w, https:\/\/www.diarioimagen.net\/wp-content\/uploads\/2025\/12\/RESERVAS-2-ok-240x180.jpg 240w, https:\/\/www.diarioimagen.net\/wp-content\/uploads\/2025\/12\/RESERVAS-2-ok-768x576.jpg 768w, https:\/\/www.diarioimagen.net\/wp-content\/uploads\/2025\/12\/RESERVAS-2-ok.jpg 1500w\" sizes=\"auto, (max-width: 360px) 100vw, 360px\" \/><p id=\"caption-attachment-697236\" class=\"wp-caption-text\">Campesinos inconformes con una nueva Ley General de Aguas comenzaron a llegar la ma\u00f1ana de este mi\u00e9rcoles a la C\u00e1mara de Diputados, para exigir que se tomen en cuenta sus observaciones, antes de su aproobaci\u00f3n en el Pleno.<\/p><\/div>\n<p><strong>\u00a0<\/strong><\/p>\n<p>&nbsp;<\/p>\n<p>&nbsp;<\/p>\n<p>Pese a la presi\u00f3n de productores de elevar nivel de sus protestas, la Comisi\u00f3n de Recursos Hidr\u00e1ulicos, Agua y Saneamiento de la C\u00e1mara de Diputados aprob\u00f3 este mi\u00e9rcoles el dictamen a la iniciativa del Ejecutivo que crea una nueva Ley General de Aguas y se reforma la Ley de Aguas Nacionales, y lo remiti\u00f3 a la Mesa Directiva, para que comience su debate en el Pleno de inmediato.<\/p>\n<p>El documento se vot\u00f3 en medio de las movilizaciones de campesinos, que llegaron desde temprano a la C\u00e1mara a bordo de tractores, y advirtieron que reforzar\u00e1n el cerco total iniciado en torno del inmueble, y podr\u00edan extenderlo entre hoy y ma\u00f1ana, si no se toman en cuenta sus opiniones sobre ambas normas.<\/p>\n<p>En menos de dos horas, y tras una sola ronda de intervenciones a favor y en contra, el dictamen fue avalado por 28 votos en favor, de Morena y sus aliados; 10 en contra, de PAN y PRI, y dos abstenciones, de los emecistas Miguel Santos y Hugo Manuel Luna.<\/p>\n<p>La sesi\u00f3n se llev\u00f3 a cabo en un entorno de \u00e1nimos caldeados, pues un grupo de legisladores pri\u00edstas que atestiguaban la sesi\u00f3n desde la parte superior del Patio Norte de la C\u00e1mara, donde se realiz\u00f3 el encuentro, gritaban \u201c\u00a1traidor!\u201d a cada uno de los diputados de Morena, PT y PVEM cuando cantaban su voto en favor del documento.<\/p>\n<p>Entre los legisladores que manifestaron su desacuerdo con el dictamen de la comisi\u00f3n \u2014el cual ya hab\u00eda sido modificado con respecto a su versi\u00f3n original, tras una serie de encuentros con productores\u2014 estuvo Francisco Pelayo (PAN), quien alert\u00f3 que la propuesta no est\u00e1 acompa\u00f1ada del presupuesto suficiente para llevarlo a la pr\u00e1ctica y fomenta el \u201ccentralismo absoluto\u201d.<\/p>\n<p>El legislador de Baja California Sur enfatiz\u00f3 que uno de los puntos que generan mayor incertidumbre entre los campesinos es la aparente \u201cincongruencia\u201d entre el art\u00edculo 49 de la LAN, que busca reglamentar las transferencias internas del l\u00edquido en los distritos de riego, y el art\u00edculo 22, en el cual se menciona que los derechos de uso de agua \u201cno ser\u00e1n objeto de transmisi\u00f3n\u201d.<\/p>\n<p>Por tal punto, se\u00f1al\u00f3, la norma \u201cqueda ambigua y a la interpretaci\u00f3n de quien est\u00e9 detr\u00e1s de un escritorio. Pedimos que en el art\u00edculo 49 se contemple la trasferencia interna de los derechos de agua, una frase muy sencillita, para que no se pueda echar para atr\u00e1s\u201d la mencionada garant\u00eda.<\/p>\n<p>En caso da mantenerse la aparente contradicci\u00f3n entre ambos art\u00edculos, los productores no podr\u00e1n utilizar el l\u00edquido de sus concesiones \u201csi no est\u00e1 en la voluntad de los directivos de la Comisi\u00f3n Nacional del Agua\u201d.<\/p>\n<p>En respuesta, Oscar Bautista (PVEM) enfatiz\u00f3 que en el mencionado art\u00edculo 22 de dictamen lo que se evita es hacer que las concesiones se puedan trasferir entre particulares, \u201cpero el art\u00edculo 49 reformado dice bien claro que se mantiene el binomio agua-tierra\u201d para darle certeza jur\u00eddica a los productores.<\/p>\n<p>&nbsp;<\/p>\n<p><strong>Exigen campesinos con protesta en tractores, se tome en cuenta su opini\u00f3n<\/strong><\/p>\n<p>&nbsp;<\/p>\n<p>Grupos de campesinos inconformes con la creaci\u00f3n de una nueva Ley General de Aguas y la reforma a la Ley de Aguas Nacionales (LAN) comenzaron a llegar la ma\u00f1ana de este mi\u00e9rcoles a la C\u00e1mara de Diputados, para exigir que se tomen en cuenta sus observaciones sobre ambas normas antes de su aprobaci\u00f3n.<\/p>\n<p>La presencia de los agricultores \u2013muchos de los cuales llegaron en tractor\u2014gener\u00f3 dificultades de tr\u00e1nsito en los alrededores del Palacio Legislativo de San L\u00e1zaro desde alrededor de las 9 de la ma\u00f1ana.<\/p>\n<p>Como se inform\u00f3 en este diario, la Comisi\u00f3n de Recursos Hidr\u00e1ulicos, Agua y Saneamiento de San L\u00e1zaro est\u00e1 convocada hoy para discutir y eventualmente aprobar el dictamen de las dos mencionadas leyes, enviado por la presidenta Claudia Sheinbaum, ya con diversos cambios con respecto al documento original.<\/p>\n<p>Las modificaciones se realizaron como consecuencia de diversos encuentros realizados las semanas anteriores entre los grupos descontentos con las normas y diputados del bloque mayoritario, quienes \u2013a decir del coordinador de Morena en la C\u00e1mara, Ricardo Monreal&#8211;, atendieron 90 por ciento de los se\u00f1alamientos de los productores.<\/p>\n<p>Pese a ello, muchas organizaciones agr\u00edcolas siguen inconformes con las dos leyes y exigen realizar m\u00e1s modificaciones, en particular en la redacci\u00f3n del art\u00edculo 22 de la LAN, que \u2013seg\u00fan agricultores de Guanajuato y Chihuahua&#8211; proh\u00edbe la transmisi\u00f3n de derechos de agua.<\/p>\n<p>&nbsp;<\/p>\n<p>&nbsp;<\/p>\n<p>&nbsp;<\/p>\n","protected":false},"excerpt":{"rendered":"<p>Aprobaci\u00f3n en comisiones \u00a0 &nbsp; &nbsp; Pese a la presi\u00f3n de productores de elevar nivel de sus protestas, la Comisi\u00f3n de Recursos Hidr\u00e1ulicos, Agua y Saneamiento de la C\u00e1mara de Diputados aprob\u00f3 este mi\u00e9rcoles el dictamen a la iniciativa del Ejecutivo que crea una nueva Ley General de Aguas y se reforma la Ley de [&hellip;]<\/p>\n","protected":false},"author":14,"featured_media":697236,"comment_status":"open","ping_status":"open","sticky":false,"template":"","format":"standard","meta":{"_monsterinsights_skip_tracking":false,"_monsterinsights_sitenote_active":false,"_monsterinsights_sitenote_note":"","_monsterinsights_sitenote_category":0,"footnotes":""},"categories":[3],"tags":[],"class_list":["post-697235","post","type-post","status-publish","format-standard","has-post-thumbnail","hentry","category-nacional"],"_links":{"self":[{"href":"https:\/\/www.diarioimagen.net\/index.php?rest_route=\/wp\/v2\/posts\/697235","targetHints":{"allow":["GET"]}}],"collection":[{"href":"https:\/\/www.diarioimagen.net\/index.php?rest_route=\/wp\/v2\/posts"}],"about":[{"href":"https:\/\/www.diarioimagen.net\/index.php?rest_route=\/wp\/v2\/types\/post"}],"author":[{"embeddable":true,"href":"https:\/\/www.diarioimagen.net\/index.php?rest_route=\/wp\/v2\/users\/14"}],"replies":[{"embeddable":true,"href":"https:\/\/www.diarioimagen.net\/index.php?rest_route=%2Fwp%2Fv2%2Fcomments&post=697235"}],"version-history":[{"count":1,"href":"https:\/\/www.diarioimagen.net\/index.php?rest_route=\/wp\/v2\/posts\/697235\/revisions"}],"predecessor-version":[{"id":697237,"href":"https:\/\/www.diarioimagen.net\/index.php?rest_route=\/wp\/v2\/posts\/697235\/revisions\/697237"}],"wp:featuredmedia":[{"embeddable":true,"href":"https:\/\/www.diarioimagen.net\/index.php?rest_route=\/wp\/v2\/media\/697236"}],"wp:attachment":[{"href":"https:\/\/www.diarioimagen.net\/index.php?rest_route=%2Fwp%2Fv2%2Fmedia&parent=697235"}],"wp:term":[{"taxonomy":"category","embeddable":true,"href":"https:\/\/www.diarioimagen.net\/index.php?rest_route=%2Fwp%2Fv2%2Fcategories&post=697235"},{"taxonomy":"post_tag","embeddable":true,"href":"https:\/\/www.diarioimagen.net\/index.php?rest_route=%2Fwp%2Fv2%2Ftags&post=697235"}],"curies":[{"name":"wp","href":"https:\/\/api.w.org\/{rel}","templated":true}]}}