{"id":697241,"date":"2025-12-03T22:08:58","date_gmt":"2025-12-04T04:08:58","guid":{"rendered":"https:\/\/www.diarioimagen.net\/?p=697241"},"modified":"2025-12-03T22:08:58","modified_gmt":"2025-12-04T04:08:58","slug":"lanzan-superissste-y-banco-del-bienestar-campana-de-descuento-navideno-para-32-millones-de-personas","status":"publish","type":"post","link":"https:\/\/www.diarioimagen.net\/?p=697241","title":{"rendered":"Lanzan SuperISSSTE y Banco del Bienestar Campa\u00f1a  de Descuento Navide\u00f1o para 32 millones de personas"},"content":{"rendered":"<ul>\n<li><strong>Beneficios vigentes hasta el 9 de enero <\/strong><\/li>\n<\/ul>\n<p>&nbsp;<\/p>\n<p>&nbsp;<\/p>\n<p>&nbsp;<\/p>\n<div id=\"attachment_697242\" style=\"width: 420px\" class=\"wp-caption alignnone\"><img loading=\"lazy\" decoding=\"async\" aria-describedby=\"caption-attachment-697242\" class=\"wp-image-697242 size-large\" src=\"https:\/\/www.diarioimagen.net\/wp-content\/uploads\/2025\/12\/ISSSTE-ok-2-410x270.jpg\" alt=\"\" width=\"410\" height=\"270\" srcset=\"https:\/\/www.diarioimagen.net\/wp-content\/uploads\/2025\/12\/ISSSTE-ok-2-410x270.jpg 410w, https:\/\/www.diarioimagen.net\/wp-content\/uploads\/2025\/12\/ISSSTE-ok-2-240x158.jpg 240w, https:\/\/www.diarioimagen.net\/wp-content\/uploads\/2025\/12\/ISSSTE-ok-2-768x505.jpg 768w, https:\/\/www.diarioimagen.net\/wp-content\/uploads\/2025\/12\/ISSSTE-ok-2.jpg 1500w\" sizes=\"auto, (max-width: 410px) 100vw, 410px\" \/><p id=\"caption-attachment-697242\" class=\"wp-caption-text\">El ISSSTE a trav\u00e9s de SuperISSSTE, y en coordinaci\u00f3n con el Banco del Bienestar, present\u00f3 la Campa\u00f1a de Descuento Navide\u00f1o, que estar\u00e1 vigente hasta el 9 de enero.<\/p><\/div>\n<p>El Instituto de Seguridad y Servicios Sociales de los Trabajadores del Estado, a cargo del director general Mart\u00ed Batres Guadarrama, a trav\u00e9s de SuperISSSTE y en coordinaci\u00f3n con el Banco del Bienestar, present\u00f3 la Campa\u00f1a de Descuento Navide\u00f1o.<\/p>\n<p>Dirigida a m\u00e1s de 32 millones de beneficiarias y beneficiarios de los Programas del Bienestar en todo el pa\u00eds, esta iniciativa brinda hasta 10 por ciento de descuento al pagar con la Tarjeta del Banco del Bienestar. Los beneficios estar\u00e1n vigentes del 1 de diciembre de 2025 al 9 de enero de 2026, en todas las sucursales de la red nacional de SuperISSSTE, con m\u00e1s de 5 mil productos participantes disponibles.<\/p>\n<p>Este esfuerzo institucional coordinado por el director general del Banco del Bienestar, V\u00edctor Manuel Lamoyi Bocanegra, y la titular de SUPERISSSTE, Dunia Ludlow Deloya, refuerza el compromiso del Gobierno de M\u00e9xico de garantizar precios justos y facilitar el acceso a productos esenciales para la poblaci\u00f3n que m\u00e1s lo necesita.<\/p>\n<p>El descuento beneficiar\u00e1 a quienes reciben apoyos como las pensiones para personas adultas mayores y personas con discapacidad, las becas de educaci\u00f3n b\u00e1sica, media superior y superior, as\u00ed como los programas Mujeres Bienestar, J\u00f3venes Construyendo el Futuro, Sembrando Vida, Producci\u00f3n para el Bienestar, Bienpesca y Mejoramiento de Vivienda, entre otros.<\/p>\n<p>La campa\u00f1a tambi\u00e9n integra beneficios adicionales para las y los trabajadores del Gobierno de M\u00e9xico y del Gobierno de la Ciudad de M\u00e9xico, ya que durante la temporada decembrina las Tiendas SUPERISSSTE recibir\u00e1n los Vales de Fin de A\u00f1o y aplicar\u00e1 10 por ciento de descuento en compras realizadas con dichos vales.<\/p>\n<p>Adem\u00e1s, se incorporaron opciones de pago a meses sin intereses, y se mantienen los descuentos permanentes que ofrece SuperISSSTE: 5 por ciento con la tarjeta \u201cS\u00f3lo Para Ti\u201d, 10 por ciento para personas adultas mayores con credencial del INAPAM, y 10 por ciento para jubiladas y jubilados del ISSSTE, lo cual permite que la poblaci\u00f3n cuente con m\u00e1s alternativas de ahorro durante sus compras.<\/p>\n<p>Con esta estrategia, SUPERISSSTE consolida una pol\u00edtica de consumo accesible que permite a derechohabientes y poblaci\u00f3n en general hacer rendir mejor sus recursos durante esta temporada decembrina.<\/p>\n<p>En el evento estuvieron presentes los titulares de la Unidad de Banca de Desarrollo de la SHCP, Rogelio Mauricio Rivero M\u00e1rquez; de la Unidad de Banca Social del Banco del Bienestar, Jessica Alejandra Solano Hern\u00e1ndez; de la Direcci\u00f3n General de Educaci\u00f3n y Divulgaci\u00f3n de PROFECO, Naomi Fuentes Fragoso; y el delegado de Programas para el Bienestar en la Ciudad de M\u00e9xico, Diego Hern\u00e1ndez Guti\u00e9rrez.<\/p>\n<p>&nbsp;<\/p>\n<p>&nbsp;<\/p>\n<p><strong>\u00a0<\/strong><\/p>\n","protected":false},"excerpt":{"rendered":"<p>Beneficios vigentes hasta el 9 de enero &nbsp; &nbsp; &nbsp; El Instituto de Seguridad y Servicios Sociales de los Trabajadores del Estado, a cargo del director general Mart\u00ed Batres Guadarrama, a trav\u00e9s de SuperISSSTE y en coordinaci\u00f3n con el Banco del Bienestar, present\u00f3 la Campa\u00f1a de Descuento Navide\u00f1o. Dirigida a m\u00e1s de 32 millones de [&hellip;]<\/p>\n","protected":false},"author":14,"featured_media":697242,"comment_status":"open","ping_status":"open","sticky":false,"template":"","format":"standard","meta":{"_monsterinsights_skip_tracking":false,"_monsterinsights_sitenote_active":false,"_monsterinsights_sitenote_note":"","_monsterinsights_sitenote_category":0,"footnotes":""},"categories":[3],"tags":[],"class_list":["post-697241","post","type-post","status-publish","format-standard","has-post-thumbnail","hentry","category-nacional"],"_links":{"self":[{"href":"https:\/\/www.diarioimagen.net\/index.php?rest_route=\/wp\/v2\/posts\/697241","targetHints":{"allow":["GET"]}}],"collection":[{"href":"https:\/\/www.diarioimagen.net\/index.php?rest_route=\/wp\/v2\/posts"}],"about":[{"href":"https:\/\/www.diarioimagen.net\/index.php?rest_route=\/wp\/v2\/types\/post"}],"author":[{"embeddable":true,"href":"https:\/\/www.diarioimagen.net\/index.php?rest_route=\/wp\/v2\/users\/14"}],"replies":[{"embeddable":true,"href":"https:\/\/www.diarioimagen.net\/index.php?rest_route=%2Fwp%2Fv2%2Fcomments&post=697241"}],"version-history":[{"count":1,"href":"https:\/\/www.diarioimagen.net\/index.php?rest_route=\/wp\/v2\/posts\/697241\/revisions"}],"predecessor-version":[{"id":697243,"href":"https:\/\/www.diarioimagen.net\/index.php?rest_route=\/wp\/v2\/posts\/697241\/revisions\/697243"}],"wp:featuredmedia":[{"embeddable":true,"href":"https:\/\/www.diarioimagen.net\/index.php?rest_route=\/wp\/v2\/media\/697242"}],"wp:attachment":[{"href":"https:\/\/www.diarioimagen.net\/index.php?rest_route=%2Fwp%2Fv2%2Fmedia&parent=697241"}],"wp:term":[{"taxonomy":"category","embeddable":true,"href":"https:\/\/www.diarioimagen.net\/index.php?rest_route=%2Fwp%2Fv2%2Fcategories&post=697241"},{"taxonomy":"post_tag","embeddable":true,"href":"https:\/\/www.diarioimagen.net\/index.php?rest_route=%2Fwp%2Fv2%2Ftags&post=697241"}],"curies":[{"name":"wp","href":"https:\/\/api.w.org\/{rel}","templated":true}]}}