{"id":697244,"date":"2025-12-03T22:10:19","date_gmt":"2025-12-04T04:10:19","guid":{"rendered":"https:\/\/www.diarioimagen.net\/?p=697244"},"modified":"2025-12-03T22:10:19","modified_gmt":"2025-12-04T04:10:19","slug":"la-beca-universal-benito-juarez-amplia-cobertura-en-bachillerato-informa-mario-delgado-carrillo","status":"publish","type":"post","link":"https:\/\/www.diarioimagen.net\/?p=697244","title":{"rendered":"La Beca Universal Benito Ju\u00e1rez  ampl\u00eda cobertura en bachillerato,  informa Mario Delgado Carrillo"},"content":{"rendered":"<p>&nbsp;<\/p>\n<ul>\n<li><strong>Inversi\u00f3n hist\u00f3rica de m\u00e1s de 33,920 mdp<\/strong><\/li>\n<li><strong>A partir de este jueves iniciar\u00e1 la entrega del pago de continuidad del \u00faltimo bimestre<\/strong><\/li>\n<\/ul>\n<div id=\"attachment_697245\" style=\"width: 323px\" class=\"wp-caption alignnone\"><img loading=\"lazy\" decoding=\"async\" aria-describedby=\"caption-attachment-697245\" class=\"wp-image-697245 size-large\" src=\"https:\/\/www.diarioimagen.net\/wp-content\/uploads\/2025\/12\/SEP-ok-3-313x270.jpg\" alt=\"\" width=\"313\" height=\"270\" srcset=\"https:\/\/www.diarioimagen.net\/wp-content\/uploads\/2025\/12\/SEP-ok-3-313x270.jpg 313w, https:\/\/www.diarioimagen.net\/wp-content\/uploads\/2025\/12\/SEP-ok-3-240x207.jpg 240w, https:\/\/www.diarioimagen.net\/wp-content\/uploads\/2025\/12\/SEP-ok-3-768x663.jpg 768w, https:\/\/www.diarioimagen.net\/wp-content\/uploads\/2025\/12\/SEP-ok-3.jpg 1500w\" sizes=\"auto, (max-width: 313px) 100vw, 313px\" \/><p id=\"caption-attachment-697245\" class=\"wp-caption-text\">El secretario de Educaci\u00f3n P\u00fablica, Mario Delgado Carrillo, resalt\u00f3 que la Beca registr\u00f3 una inversi\u00f3n hist\u00f3rica de 33 mil 920.5 millones de pesos, lo que consolida al programa como uno de los pilares m\u00e1s importantes del Gobierno de Claudia Sheinbaum Pardo.<\/p><\/div>\n<p>La Beca Universal Benito Ju\u00e1rez para Educaci\u00f3n Media Superior alcanz\u00f3 en el ciclo escolar 2024\u20132025, una cobertura de crecimiento del 64.2 por ciento, al pasar de 2.5 millones a m\u00e1s de 4.2 millones de estudiantes beneficiados, lo que representa un avance decisivo en la construcci\u00f3n de un bachillerato m\u00e1s equitativo y con igualdad de oportunidades para todas y todos, inform\u00f3 el secretario de Educaci\u00f3n P\u00fablica, Mario Delgado Carrillo.<\/p>\n<p>Resalt\u00f3 que la Beca registr\u00f3 una inversi\u00f3n hist\u00f3rica de 33 mil 920.5 millones de pesos, lo que consolida al programa como uno de los pilares m\u00e1s importantes del Gobierno de la Presidenta Claudia Sheinbaum Pardo.<\/p>\n<p>Detall\u00f3 que, seg\u00fan datos de la Coordinaci\u00f3n Nacional de Becas para el Bienestar (CNBB) a cargo de Julio Le\u00f3n Trujillo, 4 millones 64 mil 815 j\u00f3venes reciben la Beca Universal Benito Ju\u00e1rez, de los cuales, 2 millones 131 mil 873 son mujeres y 1 mill\u00f3n 932 mil 942 son hombres, lo que demuestra el compromiso de la Presidenta de M\u00e9xico con la equidad de g\u00e9nero; la eliminaci\u00f3n de barreras que hist\u00f3ricamente han limitado el acceso a la educaci\u00f3n, y el impulso al ejercicio pleno del derecho a la educaci\u00f3n en todos los niveles.<\/p>\n<p>El titular de Educaci\u00f3n explic\u00f3 que el 97.7 por ciento de las escuelas de Educaci\u00f3n Media Superior son atendidas con este apoyo, al pasar de 12 mil 931 a 13 mil 486 planteles con cobertura activa, lo que garantiza un acompa\u00f1amiento amplio y sostenido en pr\u00e1cticamente todo el territorio nacional.<\/p>\n<p>Se\u00f1al\u00f3 que la Beca Universal Benito Ju\u00e1rez es una herramienta esencial para combatir el abandono escolar, ya que permite que las y los j\u00f3venes cubran gastos de transportaci\u00f3n, materiales escolares y alimentaci\u00f3n, lo que se traduce en mejores condiciones para su permanencia y aprendizaje.<\/p>\n<p>\u201cCada estudiante becado representa una inversi\u00f3n directa en el futuro del pa\u00eds; la educaci\u00f3n es la estrategia m\u00e1s efectiva para fortalecer el tejido social, promover la movilidad educativa y generar m\u00e1s oportunidades para las juventudes de M\u00e9xico\u201d, agreg\u00f3.<\/p>\n<p>El titular de la CNBB, Julio Le\u00f3n Trujillo asegur\u00f3 que la Beca Universal Benito Ju\u00e1rez prioriza a las comunidades m\u00e1s vulnerables; el despliegue que ha realizado la CNBB en las 32 entidades del pa\u00eds ha permitido construir un sistema eficiente y transparente que garantiza la entrega oportuna de los apoyos, resalt\u00f3.<\/p>\n<p>Resalt\u00f3 que, con estas acciones, la SEP refuerza los principios de la Nueva Escuela Mexicana (NEM) al apoyar a las y los j\u00f3venes en la construcci\u00f3n de un pa\u00eds m\u00e1s solidario y con igualdad de oportunidades.<\/p>\n<p>Inform\u00f3 que a partir de ma\u00f1ana jueves 4 de diciembre iniciar\u00e1 la entrega del pago de continuidad del \u00faltimo bimestre (noviembre-diciembre) a las y los alumnos de Educaci\u00f3n Media Superior, y la recibir\u00e1n conforme a la primera letra de su primer apellido: A y B, el d\u00eda 4; la letra C, el 5; de la D a la F, el 8; la letra G, el 9; de la H a la L, el 10; la M, el 11; de la N a la Q, el 15; la R, el 16; la S, el 17 y de la T a la Z, el 18.<\/p>\n<p>&nbsp;<\/p>\n<p>&nbsp;<\/p>\n","protected":false},"excerpt":{"rendered":"<p>&nbsp; Inversi\u00f3n hist\u00f3rica de m\u00e1s de 33,920 mdp A partir de este jueves iniciar\u00e1 la entrega del pago de continuidad del \u00faltimo bimestre La Beca Universal Benito Ju\u00e1rez para Educaci\u00f3n Media Superior alcanz\u00f3 en el ciclo escolar 2024\u20132025, una cobertura de crecimiento del 64.2 por ciento, al pasar de 2.5 millones a m\u00e1s de 4.2 [&hellip;]<\/p>\n","protected":false},"author":14,"featured_media":697245,"comment_status":"open","ping_status":"open","sticky":false,"template":"","format":"standard","meta":{"_monsterinsights_skip_tracking":false,"_monsterinsights_sitenote_active":false,"_monsterinsights_sitenote_note":"","_monsterinsights_sitenote_category":0,"footnotes":""},"categories":[3],"tags":[],"class_list":["post-697244","post","type-post","status-publish","format-standard","has-post-thumbnail","hentry","category-nacional"],"_links":{"self":[{"href":"https:\/\/www.diarioimagen.net\/index.php?rest_route=\/wp\/v2\/posts\/697244","targetHints":{"allow":["GET"]}}],"collection":[{"href":"https:\/\/www.diarioimagen.net\/index.php?rest_route=\/wp\/v2\/posts"}],"about":[{"href":"https:\/\/www.diarioimagen.net\/index.php?rest_route=\/wp\/v2\/types\/post"}],"author":[{"embeddable":true,"href":"https:\/\/www.diarioimagen.net\/index.php?rest_route=\/wp\/v2\/users\/14"}],"replies":[{"embeddable":true,"href":"https:\/\/www.diarioimagen.net\/index.php?rest_route=%2Fwp%2Fv2%2Fcomments&post=697244"}],"version-history":[{"count":1,"href":"https:\/\/www.diarioimagen.net\/index.php?rest_route=\/wp\/v2\/posts\/697244\/revisions"}],"predecessor-version":[{"id":697246,"href":"https:\/\/www.diarioimagen.net\/index.php?rest_route=\/wp\/v2\/posts\/697244\/revisions\/697246"}],"wp:featuredmedia":[{"embeddable":true,"href":"https:\/\/www.diarioimagen.net\/index.php?rest_route=\/wp\/v2\/media\/697245"}],"wp:attachment":[{"href":"https:\/\/www.diarioimagen.net\/index.php?rest_route=%2Fwp%2Fv2%2Fmedia&parent=697244"}],"wp:term":[{"taxonomy":"category","embeddable":true,"href":"https:\/\/www.diarioimagen.net\/index.php?rest_route=%2Fwp%2Fv2%2Fcategories&post=697244"},{"taxonomy":"post_tag","embeddable":true,"href":"https:\/\/www.diarioimagen.net\/index.php?rest_route=%2Fwp%2Fv2%2Ftags&post=697244"}],"curies":[{"name":"wp","href":"https:\/\/api.w.org\/{rel}","templated":true}]}}