{"id":697305,"date":"2025-12-04T19:08:38","date_gmt":"2025-12-05T01:08:38","guid":{"rendered":"https:\/\/www.diarioimagen.net\/?p=697305"},"modified":"2025-12-04T19:08:38","modified_gmt":"2025-12-05T01:08:38","slug":"se-suman-federaciones-al-liderazgo-del-cetemista-janitzio-soto-elguera","status":"publish","type":"post","link":"https:\/\/www.diarioimagen.net\/?p=697305","title":{"rendered":"Se suman federaciones al liderazgo  del cetemista Janitzio Soto Elguera"},"content":{"rendered":"<ul>\n<li><strong>Refrenda compromiso de defender conquistas laborales<\/strong><\/li>\n<\/ul>\n<div id=\"attachment_697306\" style=\"width: 421px\" class=\"wp-caption alignnone\"><img loading=\"lazy\" decoding=\"async\" aria-describedby=\"caption-attachment-697306\" class=\"wp-image-697306 size-large\" src=\"https:\/\/www.diarioimagen.net\/wp-content\/uploads\/2025\/12\/BAENA-1-ok-3-411x270.jpg\" alt=\"\" width=\"411\" height=\"270\" srcset=\"https:\/\/www.diarioimagen.net\/wp-content\/uploads\/2025\/12\/BAENA-1-ok-3-411x270.jpg 411w, https:\/\/www.diarioimagen.net\/wp-content\/uploads\/2025\/12\/BAENA-1-ok-3-240x158.jpg 240w, https:\/\/www.diarioimagen.net\/wp-content\/uploads\/2025\/12\/BAENA-1-ok-3-768x504.jpg 768w, https:\/\/www.diarioimagen.net\/wp-content\/uploads\/2025\/12\/BAENA-1-ok-3.jpg 1500w\" sizes=\"auto, (max-width: 411px) 100vw, 411px\" \/><p id=\"caption-attachment-697306\" class=\"wp-caption-text\">El dirigente sindical tlalnepantlense, Janitzio Soto Elguera, refrend\u00f3 su compromiso de seguir defendiendo las conquistas laborales en el Estado de M\u00e9xico.<\/p><\/div>\n<p>&nbsp;<\/p>\n<p>Por Arturo Baena<\/p>\n<p>&nbsp;<\/p>\n<p>Tultitl\u00e1n, M\u00e9x.- Luego de llevarse a cabo el pleno general extraordinario de la Federaci\u00f3n de Trabajadores de la Regi\u00f3n de Tultitl\u00e1n, el cual cont\u00f3 con la participaci\u00f3n de diversos sindicatos nacionales pertenecientes a la CTM y sus 22 federaciones regionales mexiquenses,\u00a0 reiteraron su apoyo al cetemista Janitzio Soto Elguera.<\/p>\n<p>&nbsp;<\/p>\n<p>El evento\u00a0 tuvo lugar en este municipio en un ambiente lleno de camarader\u00eda, compa\u00f1erismo y apoyo total a Soto Elguera. Ah\u00ed\u00a0 se tocaron temas de la orden del d\u00eda como la reducci\u00f3n de la jornada laboral a 40 horas, la capacitaci\u00f3n constante de los agremiados, la inclusi\u00f3n de hombres y mujeres j\u00f3venes a la vida sindical.<\/p>\n<p>&nbsp;<\/p>\n<p>Adem\u00e1s, hablaron de la\u00a0 integraci\u00f3n de aspirantes a tener cargos p\u00fablicos en los diferentes \u00f3rdenes de gobierno para fomentar el desarrollo de los trabajadores, tanto en el Estado de M\u00e9xico como en el pa\u00eds, as\u00ed como la constante renovaci\u00f3n y unidad de las diferentes federaciones a lo largo y ancho de M\u00e9xico.<\/p>\n<p>&nbsp;<\/p>\n<p>El dirigente sindical tlalnepantlense, refrend\u00f3 su compromiso de seguir defendiendo las conquistas laborales en el Estado de M\u00e9xico.<\/p>\n<p>&nbsp;<\/p>\n<p>Los personajes que formaron parte del presidium fueron Heriberto Serrano Moreno, secretario de organizaci\u00f3n de la Federaci\u00f3n de trabajadores del Estado de M\u00e9xico, Leonardo Perete Rosas, secretario de comunicaci\u00f3n social de la CTM, Estado de M\u00e9xico y secretar\u00eda general de la Federaci\u00f3n de trabajadores de Tultitl\u00e1n, qui\u00e9n adem\u00e1s fungi\u00f3 como anfitri\u00f3n.<\/p>\n<p>&nbsp;<\/p>\n<p>&nbsp;<\/p>\n","protected":false},"excerpt":{"rendered":"<p>Refrenda compromiso de defender conquistas laborales &nbsp; Por Arturo Baena &nbsp; Tultitl\u00e1n, M\u00e9x.- Luego de llevarse a cabo el pleno general extraordinario de la Federaci\u00f3n de Trabajadores de la Regi\u00f3n de Tultitl\u00e1n, el cual cont\u00f3 con la participaci\u00f3n de diversos sindicatos nacionales pertenecientes a la CTM y sus 22 federaciones regionales mexiquenses,\u00a0 reiteraron su apoyo [&hellip;]<\/p>\n","protected":false},"author":14,"featured_media":697306,"comment_status":"open","ping_status":"open","sticky":false,"template":"","format":"standard","meta":{"_monsterinsights_skip_tracking":false,"_monsterinsights_sitenote_active":false,"_monsterinsights_sitenote_note":"","_monsterinsights_sitenote_category":0,"footnotes":""},"categories":[5],"tags":[],"class_list":["post-697305","post","type-post","status-publish","format-standard","has-post-thumbnail","hentry","category-estado-de-mexico"],"_links":{"self":[{"href":"https:\/\/www.diarioimagen.net\/index.php?rest_route=\/wp\/v2\/posts\/697305","targetHints":{"allow":["GET"]}}],"collection":[{"href":"https:\/\/www.diarioimagen.net\/index.php?rest_route=\/wp\/v2\/posts"}],"about":[{"href":"https:\/\/www.diarioimagen.net\/index.php?rest_route=\/wp\/v2\/types\/post"}],"author":[{"embeddable":true,"href":"https:\/\/www.diarioimagen.net\/index.php?rest_route=\/wp\/v2\/users\/14"}],"replies":[{"embeddable":true,"href":"https:\/\/www.diarioimagen.net\/index.php?rest_route=%2Fwp%2Fv2%2Fcomments&post=697305"}],"version-history":[{"count":1,"href":"https:\/\/www.diarioimagen.net\/index.php?rest_route=\/wp\/v2\/posts\/697305\/revisions"}],"predecessor-version":[{"id":697307,"href":"https:\/\/www.diarioimagen.net\/index.php?rest_route=\/wp\/v2\/posts\/697305\/revisions\/697307"}],"wp:featuredmedia":[{"embeddable":true,"href":"https:\/\/www.diarioimagen.net\/index.php?rest_route=\/wp\/v2\/media\/697306"}],"wp:attachment":[{"href":"https:\/\/www.diarioimagen.net\/index.php?rest_route=%2Fwp%2Fv2%2Fmedia&parent=697305"}],"wp:term":[{"taxonomy":"category","embeddable":true,"href":"https:\/\/www.diarioimagen.net\/index.php?rest_route=%2Fwp%2Fv2%2Fcategories&post=697305"},{"taxonomy":"post_tag","embeddable":true,"href":"https:\/\/www.diarioimagen.net\/index.php?rest_route=%2Fwp%2Fv2%2Ftags&post=697305"}],"curies":[{"name":"wp","href":"https:\/\/api.w.org\/{rel}","templated":true}]}}