{"id":697311,"date":"2025-12-04T19:12:21","date_gmt":"2025-12-05T01:12:21","guid":{"rendered":"https:\/\/www.diarioimagen.net\/?p=697311"},"modified":"2025-12-04T19:12:21","modified_gmt":"2025-12-05T01:12:21","slug":"los-servicios-publicos-son-prioridad-del-gobierno-de-naucalpan-isaac-montoya","status":"publish","type":"post","link":"https:\/\/www.diarioimagen.net\/?p=697311","title":{"rendered":"Los servicios p\u00fablicos son prioridad del  gobierno de Naucalpan: Isaac Montoya"},"content":{"rendered":"<p>&nbsp;<\/p>\n<ul>\n<li><strong>Fortalece compromiso con la ciudadan\u00eda<\/strong><\/li>\n<\/ul>\n<p><strong>\u00a0<\/strong><\/p>\n<div id=\"attachment_697312\" style=\"width: 399px\" class=\"wp-caption alignnone\"><img loading=\"lazy\" decoding=\"async\" aria-describedby=\"caption-attachment-697312\" class=\"wp-image-697312 size-large\" src=\"https:\/\/www.diarioimagen.net\/wp-content\/uploads\/2025\/12\/BAENA-3-ok-4-389x270.jpg\" alt=\"\" width=\"389\" height=\"270\" srcset=\"https:\/\/www.diarioimagen.net\/wp-content\/uploads\/2025\/12\/BAENA-3-ok-4-389x270.jpg 389w, https:\/\/www.diarioimagen.net\/wp-content\/uploads\/2025\/12\/BAENA-3-ok-4-240x167.jpg 240w, https:\/\/www.diarioimagen.net\/wp-content\/uploads\/2025\/12\/BAENA-3-ok-4-768x534.jpg 768w, https:\/\/www.diarioimagen.net\/wp-content\/uploads\/2025\/12\/BAENA-3-ok-4.jpg 1500w\" sizes=\"auto, (max-width: 389px) 100vw, 389px\" \/><p id=\"caption-attachment-697312\" class=\"wp-caption-text\">El gobierno de Isaac Montoya, a trav\u00e9s de la Direcci\u00f3n de Servicios P\u00fablicos, contin\u00faa fortaleciendo su compromiso con la ciudadan\u00eda.<\/p><\/div>\n<p>&nbsp;<\/p>\n<p>Naucalpan, M\u00e9x.- En menos de un a\u00f1o del Gobierno de la Transformaci\u00f3n en Naucalpan, se ha recuperado m\u00e1s del 40% del espacio p\u00fablico al rehabilitarlos y dignificarlos a trav\u00e9s de m\u00e1s de 50 Huellas de la Transformaci\u00f3n y operativos prioritarios; as\u00ed como la construcci\u00f3n de 10 Senderos Seguros y Luminosos que impactan a m\u00e1s de 400 mil naucalpenses de por lo menos 120 colonias.<\/p>\n<p>&nbsp;<\/p>\n<p>El gobierno de Naucalpan, encabezado por el alcalde Isaac Montoya, a trav\u00e9s de la Direcci\u00f3n de Servicios P\u00fablicos contin\u00faa fortaleciendo su compromiso con la ciudadan\u00eda, durante este periodo se atendieron m\u00e1s de 2 mil peticiones generadas por la poblaci\u00f3n, alcanzando una cobertura de 216 colonias, donde se brind\u00f3 atenci\u00f3n directa al menos una vez en el presente a\u00f1o.<\/p>\n<p>&nbsp;<\/p>\n<p>Los servicios de limpia y recolecci\u00f3n de desechos s\u00f3lidos se realizan a trav\u00e9s de jornadas de limpieza, as\u00ed como operativos de manera extraordinaria. Aunado a las Huellas de la Transformaci\u00f3n y Operativos de recuperaci\u00f3n de espacios p\u00fablicos que el presidente municipal deja en sus recorridos por todo el territorio municipal, lo que ha permitido avanzar en la recuperaci\u00f3n del espacio p\u00fablico en m\u00e1s del 40%.<\/p>\n<p>&nbsp;<\/p>\n<p>Adem\u00e1s, el gobierno municipal llev\u00f3 a cabo diversas acciones para dotar a los trabajadores de las herramientas necesarias, reforz\u00f3 la flotilla de camiones compactadores con 50 nuevas unidades y contenedores para atender la recolecci\u00f3n de una mayor cantidad de basura diaria. Alcanzando una disposici\u00f3n final de residuos s\u00f3lidos urbanos de 189 mil toneladas este a\u00f1o.<\/p>\n<p>&nbsp;<\/p>\n<p>Estas acciones se lograron, gracias a la reestructura financiera y a la pol\u00edtica de cero tolerancia a la corrupci\u00f3n, as\u00ed se logr\u00f3 la adquisici\u00f3n de equipo como los camiones recolectores, pipas, retroexcavadoras, camiones de volteo y gr\u00faas, todo ello para construir un Naucalpan m\u00e1s limpio, iluminado y seguro.<\/p>\n<p>&nbsp;<\/p>\n<p>De esta manera, con los operativos se impulsa el mejoramiento urbano, hoy Naucalpan luce con calles limpias, para ello se ha realizado el barrido manual de vialidades de m\u00e1s de 124,830,000 metros lineales, superando por mucho lo realizado en la administraci\u00f3n pasada.<\/p>\n<p>&nbsp;<\/p>\n<p>Adem\u00e1s, en la limpieza de barrancas se recolectaron 88,860 m2 de desechos, 5,460 m2 m\u00e1s de lo que se ten\u00eda estimado en el a\u00f1o.<\/p>\n<p>&nbsp;<\/p>\n<p>&nbsp;<\/p>\n<p>&nbsp;<\/p>\n<p><strong>\u00a0<\/strong><\/p>\n","protected":false},"excerpt":{"rendered":"<p>&nbsp; Fortalece compromiso con la ciudadan\u00eda \u00a0 &nbsp; Naucalpan, M\u00e9x.- En menos de un a\u00f1o del Gobierno de la Transformaci\u00f3n en Naucalpan, se ha recuperado m\u00e1s del 40% del espacio p\u00fablico al rehabilitarlos y dignificarlos a trav\u00e9s de m\u00e1s de 50 Huellas de la Transformaci\u00f3n y operativos prioritarios; as\u00ed como la construcci\u00f3n de 10 Senderos [&hellip;]<\/p>\n","protected":false},"author":14,"featured_media":697312,"comment_status":"open","ping_status":"open","sticky":false,"template":"","format":"standard","meta":{"_monsterinsights_skip_tracking":false,"_monsterinsights_sitenote_active":false,"_monsterinsights_sitenote_note":"","_monsterinsights_sitenote_category":0,"footnotes":""},"categories":[5],"tags":[],"class_list":["post-697311","post","type-post","status-publish","format-standard","has-post-thumbnail","hentry","category-estado-de-mexico"],"_links":{"self":[{"href":"https:\/\/www.diarioimagen.net\/index.php?rest_route=\/wp\/v2\/posts\/697311","targetHints":{"allow":["GET"]}}],"collection":[{"href":"https:\/\/www.diarioimagen.net\/index.php?rest_route=\/wp\/v2\/posts"}],"about":[{"href":"https:\/\/www.diarioimagen.net\/index.php?rest_route=\/wp\/v2\/types\/post"}],"author":[{"embeddable":true,"href":"https:\/\/www.diarioimagen.net\/index.php?rest_route=\/wp\/v2\/users\/14"}],"replies":[{"embeddable":true,"href":"https:\/\/www.diarioimagen.net\/index.php?rest_route=%2Fwp%2Fv2%2Fcomments&post=697311"}],"version-history":[{"count":1,"href":"https:\/\/www.diarioimagen.net\/index.php?rest_route=\/wp\/v2\/posts\/697311\/revisions"}],"predecessor-version":[{"id":697313,"href":"https:\/\/www.diarioimagen.net\/index.php?rest_route=\/wp\/v2\/posts\/697311\/revisions\/697313"}],"wp:featuredmedia":[{"embeddable":true,"href":"https:\/\/www.diarioimagen.net\/index.php?rest_route=\/wp\/v2\/media\/697312"}],"wp:attachment":[{"href":"https:\/\/www.diarioimagen.net\/index.php?rest_route=%2Fwp%2Fv2%2Fmedia&parent=697311"}],"wp:term":[{"taxonomy":"category","embeddable":true,"href":"https:\/\/www.diarioimagen.net\/index.php?rest_route=%2Fwp%2Fv2%2Fcategories&post=697311"},{"taxonomy":"post_tag","embeddable":true,"href":"https:\/\/www.diarioimagen.net\/index.php?rest_route=%2Fwp%2Fv2%2Ftags&post=697311"}],"curies":[{"name":"wp","href":"https:\/\/api.w.org\/{rel}","templated":true}]}}