{"id":697331,"date":"2025-12-04T19:32:07","date_gmt":"2025-12-05T01:32:07","guid":{"rendered":"https:\/\/www.diarioimagen.net\/?p=697331"},"modified":"2025-12-04T19:32:07","modified_gmt":"2025-12-05T01:32:07","slug":"claudia-sheinbaum-encabeza-entrega-de-escrituras-a-354-familias-reubicadas-del-chiquihuite","status":"publish","type":"post","link":"https:\/\/www.diarioimagen.net\/?p=697331","title":{"rendered":"Claudia Sheinbaum encabeza  entrega de escrituras a 354 familias  reubicadas del Chiquihuite  \u00a0"},"content":{"rendered":"<ul>\n<li><strong>Cumplimiento a otro compromiso<\/strong><\/li>\n<li><strong>M\u00e1s de 200 viviendas fueron reubicadas en Tlalnepantla, Edomex, y 144 en la alcald\u00eda Gustavo A. Madero<\/strong><\/li>\n<\/ul>\n<p><strong> <img loading=\"lazy\" decoding=\"async\" class=\"alignnone wp-image-697332 size-large\" src=\"https:\/\/www.diarioimagen.net\/wp-content\/uploads\/2025\/12\/MANANERA-ok-4-405x270.jpg\" alt=\"\" width=\"405\" height=\"270\" srcset=\"https:\/\/www.diarioimagen.net\/wp-content\/uploads\/2025\/12\/MANANERA-ok-4-405x270.jpg 405w, https:\/\/www.diarioimagen.net\/wp-content\/uploads\/2025\/12\/MANANERA-ok-4-240x160.jpg 240w, https:\/\/www.diarioimagen.net\/wp-content\/uploads\/2025\/12\/MANANERA-ok-4-768x512.jpg 768w, https:\/\/www.diarioimagen.net\/wp-content\/uploads\/2025\/12\/MANANERA-ok-4.jpg 1500w\" sizes=\"auto, (max-width: 405px) 100vw, 405px\" \/><\/strong><\/p>\n<p>&nbsp;<\/p>\n<p>Desde la conferencia matutina: \u201cLas ma\u00f1aneras del pueblo\u201d, la Presidenta de M\u00e9xico, Claudia Sheinbaum Pardo, encabez\u00f3 la entrega de escrituras a 354 familias que fueron reubicadas del Chiquihuite, en la alcald\u00eda Gustavo A. Madero, como parte de un compromiso que hizo durante su gesti\u00f3n como jefa de Gobierno en la Ciudad de M\u00e9xico.<\/p>\n<p>\u201cVamos a tener un enlace muy r\u00e1pido con Edna Vega, la secretaria de Sedatu; la jefa de Gobierno (Clara Brugada), y el alcalde de la Gustavo A. Madero (Janecarlo Lozano), por la inauguraci\u00f3n de unas viviendas de una reubicaci\u00f3n de una zona de alto riesgo, que se hizo cuando yo era Jefa de Gobierno y que ahora estamos finalmente inaugurando\u201d, explic\u00f3 la Jefa del Ejecutivo Federal.<\/p>\n<p>La secretaria de Desarrollo Agrario, Territorial y Urbano, Edna Elena Vega Rangel, detall\u00f3 que la reubicaci\u00f3n se llev\u00f3 a cabo luego de un deslizamiento que se present\u00f3 en la zona el 10 de septiembre de 2021, por ello, tras un proceso de di\u00e1logo con las y los habitantes, 210 viviendas fueron ubicadas en Tlalnepantla, Estado de M\u00e9xico, y 144 en la Alcald\u00eda Gustavo A. Madero.<\/p>\n<p>El director de la Comisi\u00f3n Nacional de Vivienda (Conavi), Rodrigo Ch\u00e1vez Contreras, inform\u00f3 que las viviendas en las que se reubic\u00f3 a las familias son de 65 metros cuadrados y cuentan con todos los servicios.<\/p>\n<p>La jefa de Gobierno de la Ciudad de M\u00e9xico, Clara Brugada Molina, destac\u00f3 que la entrega de las escrituras significa un sue\u00f1o hecho realidad y demuestra que los gobiernos de la Cuarta Transformaci\u00f3n cumplen con sus compromisos.<\/p>\n<p>&nbsp;<\/p>\n<p>&nbsp;<\/p>\n<p>&nbsp;<\/p>\n<p><strong>Avanza construcci\u00f3n de los trenes del norte<\/strong><\/p>\n<p>&nbsp;<\/p>\n<p>&nbsp;<\/p>\n<p>El gobierno de M\u00e9xico, a trav\u00e9s de la Agencia Reguladora del Transporte Ferroviario (ARTF) de la Secretar\u00eda de Infraestructura, Comunicaciones y Transportes (SICT), inform\u00f3 que ma\u00f1ana 5 de diciembre se publicar\u00e1 la licitaci\u00f3n del tramo A del tren Saltillo-Nuevo Laredo y est\u00e1 en proceso de licitaci\u00f3n su tramo B, ambos ubicados en la Zona Metropolitana de Monterrey.<\/p>\n<p>La presidenta Sheinbaum Pardo, resalt\u00f3 el avance en la construcci\u00f3n de los trenes del norte y puntualiz\u00f3 que la recuperaci\u00f3n de los trenes de pasajeros que realiza la Cuarta Transformaci\u00f3n permite que el Estado mexicano genere desarrollo en el pa\u00eds.<\/p>\n<p>\u201cAl privatizarse los trenes se abandonaron los trenes de pasajeros y se dejaron cantidad de comunidades que viv\u00edan de paso del tren al olvido. Nosotros creemos que hay que seguir construyendo trenes en el pa\u00eds y que el Estado debe tener una empresa de trenes, los privados tambi\u00e9n pueden tener, pero el Estado debe tener trenes que permitan el desarrollo\u201d, destac\u00f3 en la conferencia matutina: \u201cLas ma\u00f1aneras del pueblo\u201d.<\/p>\n<p>Sobre el Tren del Golfo de M\u00e9xico: Saltillo a Nuevo Laredo, el titular de la ARTF, Andr\u00e9s Lajous Loaeza, inform\u00f3 que ma\u00f1ana 5 de diciembre se publica la licitaci\u00f3n del tramo A, cuya extensi\u00f3n es de 18.1 kil\u00f3metros (km). En tanto que est\u00e1 en proceso de licitaci\u00f3n el tramo B, de una longitud de 30.7 km; ambos ramales ubicados en la Zona Metropolitana de Monterrey. Aunado a que tambi\u00e9n est\u00e1n en proceso de concurso p\u00fablico las estaciones que ir\u00e1n de Derramadero hasta Garc\u00eda en la zona de Coahuila.<\/p>\n<p>Explic\u00f3 que ya se tiene la Manifestaci\u00f3n de Impacto Ambiental del tramo completo de Saltillo-Nuevo Laredo y en los lugares donde hay ejidos se trabaja en la liberaci\u00f3n de v\u00eda. Puntualiz\u00f3 que la ingenier\u00eda a detalle del tramo I de Saltillo a Santa Catarina tiene un avance de 8.18 por ciento, del tramo IV de San Javier a Arroyo El Sauz del 51.06 por ciento y el tramo V de Arroyo El Sauz a Nuevo Laredo del 18.17 por ciento.<\/p>\n<p>Respecto al tramo Quer\u00e9taro-Irapuato expuso que se trabaja en la ingenier\u00eda a detalle en el tramo I de Quer\u00e9taro Zona Industrial\/Apaseo el Grande con un avance de 65.15 por ciento y el Tramo II de Apaseo el Grande Zona Industrial\/Irapuato del 6.08 por ciento. Adem\u00e1s, ya se coloca la estructura del terrapl\u00e9n y la preparaci\u00f3n para la construcci\u00f3n de un puente ferroviario.\u00a0 Anunci\u00f3 que contin\u00faan las licitaciones de edificios auxiliares y base de mantenimiento.<\/p>\n<p>El comandante del Agrupamiento de Ingenieros \u00abFelipe \u00c1ngeles\u00bb, Gustavo Ricardo Vallejo Su\u00e1rez, se\u00f1al\u00f3 que del tren Ciudad de M\u00e9xico-Pachuca, se tienen cinco frentes de construcci\u00f3n de obra pesada, as\u00ed como frentes de energizaci\u00f3n de catenaria y de estudios de ingenier\u00eda, generando m\u00e1s de 9 mil empleos.\u00a0 Sobre el Ciudad de M\u00e9xico-Quer\u00e9taro, se tienen 14 frentes de trabajo de los que 12 son de construcci\u00f3n pesada y dos de estudios de ingenier\u00eda, generando m\u00e1s de 11 mil empleos.<\/p>\n<p>&nbsp;<\/p>\n<p><strong>CSP informar\u00e1 de rumbo y retos de su gobierno<\/strong><\/p>\n<p>&nbsp;<\/p>\n<p>La presidenta Claudia Sheinbaum, durante la concentraci\u00f3n que encabezar\u00e1 este s\u00e1bado, destacar\u00e1 la necesidad de renovar esfuerzos para consolidar la transformaci\u00f3n y definir cu\u00e1l es el rumbo, hacia d\u00f3nde va el pa\u00eds, \u201cporque tenemos que seguir luchando. No es que hayamos dejado de luchar, antes luch\u00e1bamos para que se transformara el pa\u00eds y cambiara el gobierno, ahora desde el gobierno es luchar por la transformaci\u00f3n con nuevos mecanismos.<\/p>\n<p>A pregunta expresa, la mandataria dijo que ser\u00e1 importante destacar los logros, pero tambi\u00e9n mencionar los retos que se tienen en el futuro, por lo que explicar\u00e1 por qu\u00e9 es necesario preservar las pol\u00edticas de austeridad y el combate a la corrupci\u00f3n, as\u00ed como las acciones para continuar con las pol\u00edticas para reducir la pobreza que ha permitido, por ahora, que salgan 13.5 millones de personas.<\/p>\n<p>La mandataria destac\u00f3 que la visi\u00f3n de pa\u00eds actual es radicalmente diferente a la que prevaleci\u00f3 en el periodo neoliberal porque parte de que no se puede abandonar el papel del Estado para garantizar los derechos de la poblaci\u00f3n, abandonando la pol\u00edtica de dejar todo al mercado, incluso la educaci\u00f3n y la salud.<\/p>\n<p>Sobre la eventual presencia de Andr\u00e9s Manuel L\u00f3pez Obrador en la concentraci\u00f3n, Sheinbaum descart\u00f3 que asistir\u00e1. No est\u00e1n los elementos que dijo deber\u00edan darse para su reaparici\u00f3n, no hay golpe de Estado, la soberan\u00eda no est\u00e1 en riesgo y hay democracia.<\/p>\n","protected":false},"excerpt":{"rendered":"<p>Cumplimiento a otro compromiso M\u00e1s de 200 viviendas fueron reubicadas en Tlalnepantla, Edomex, y 144 en la alcald\u00eda Gustavo A. Madero &nbsp; Desde la conferencia matutina: \u201cLas ma\u00f1aneras del pueblo\u201d, la Presidenta de M\u00e9xico, Claudia Sheinbaum Pardo, encabez\u00f3 la entrega de escrituras a 354 familias que fueron reubicadas del Chiquihuite, en la alcald\u00eda Gustavo A. [&hellip;]<\/p>\n","protected":false},"author":14,"featured_media":697332,"comment_status":"open","ping_status":"open","sticky":false,"template":"","format":"standard","meta":{"_monsterinsights_skip_tracking":false,"_monsterinsights_sitenote_active":false,"_monsterinsights_sitenote_note":"","_monsterinsights_sitenote_category":0,"footnotes":""},"categories":[3],"tags":[],"class_list":["post-697331","post","type-post","status-publish","format-standard","has-post-thumbnail","hentry","category-nacional"],"_links":{"self":[{"href":"https:\/\/www.diarioimagen.net\/index.php?rest_route=\/wp\/v2\/posts\/697331","targetHints":{"allow":["GET"]}}],"collection":[{"href":"https:\/\/www.diarioimagen.net\/index.php?rest_route=\/wp\/v2\/posts"}],"about":[{"href":"https:\/\/www.diarioimagen.net\/index.php?rest_route=\/wp\/v2\/types\/post"}],"author":[{"embeddable":true,"href":"https:\/\/www.diarioimagen.net\/index.php?rest_route=\/wp\/v2\/users\/14"}],"replies":[{"embeddable":true,"href":"https:\/\/www.diarioimagen.net\/index.php?rest_route=%2Fwp%2Fv2%2Fcomments&post=697331"}],"version-history":[{"count":1,"href":"https:\/\/www.diarioimagen.net\/index.php?rest_route=\/wp\/v2\/posts\/697331\/revisions"}],"predecessor-version":[{"id":697333,"href":"https:\/\/www.diarioimagen.net\/index.php?rest_route=\/wp\/v2\/posts\/697331\/revisions\/697333"}],"wp:featuredmedia":[{"embeddable":true,"href":"https:\/\/www.diarioimagen.net\/index.php?rest_route=\/wp\/v2\/media\/697332"}],"wp:attachment":[{"href":"https:\/\/www.diarioimagen.net\/index.php?rest_route=%2Fwp%2Fv2%2Fmedia&parent=697331"}],"wp:term":[{"taxonomy":"category","embeddable":true,"href":"https:\/\/www.diarioimagen.net\/index.php?rest_route=%2Fwp%2Fv2%2Fcategories&post=697331"},{"taxonomy":"post_tag","embeddable":true,"href":"https:\/\/www.diarioimagen.net\/index.php?rest_route=%2Fwp%2Fv2%2Ftags&post=697331"}],"curies":[{"name":"wp","href":"https:\/\/api.w.org\/{rel}","templated":true}]}}