{"id":697361,"date":"2025-12-04T20:01:43","date_gmt":"2025-12-05T02:01:43","guid":{"rendered":"https:\/\/www.diarioimagen.net\/?p=697361"},"modified":"2025-12-04T20:01:43","modified_gmt":"2025-12-05T02:01:43","slug":"el-pastor-de-los-diputados-oficialistas-se-convierte-en-capitan-de-porras","status":"publish","type":"post","link":"https:\/\/www.diarioimagen.net\/?p=697361","title":{"rendered":"El pastor de los diputados oficialistas  se convierte en capit\u00e1n de porras"},"content":{"rendered":"<p><strong>CLASE POLITICA\u00a0 <\/strong>Miguel \u00c1ngel Rivera<\/p>\n<p>&nbsp;<\/p>\n<p>&nbsp;<\/p>\n<p>A partir de ayer, el ex gobernador de Zacatecas Ricardo Monreal \u00c1vila, aument\u00f3 uno m\u00e1s a los muchos cargos y atribuciones que tiene en la C\u00e1mara de Diputados, al convertirse en capit\u00e1n de porra.<\/p>\n<p>Este personaje es coordinador de la bancada de Morena y al mismo tiempo presidente de la Junta de Coordinaci\u00f3n Pol\u00edtica (Jucopo), el verdadero \u00f3rgano de gobierno de esa C\u00e1mara. En su ficha en la enciclopedia electr\u00f3nica Wikipedia se le describe como acad\u00e9mico, abogado y pol\u00edtico.<\/p>\n<p>En su carrera pol\u00edtica ha sido cuatro veces diputado, dos veces por el PRI, una por el que ahora se conoce como Movimiento Ciudadano (MC) y actualmente por Morena. Adem\u00e1s, ha sido tres veces senador, una (como suplente) por el PRI; otra m\u00e1s por el Partido del Trabajo (PT), de cuya bancada fue coordinador, y la tercera por Morena, de cuyo grupo parlamentario fue coordinador. En esa trayectoria multilateral para ser gobernador de Zacatecas, fue postulado por el ahora casi extinto PRD.<\/p>\n<p>En esa extensa y variada carrera pol\u00edtica, destaca que en dos ocasiones ha competido con la ahora presidenta (con A) Claudia Sheinbaum Pardo. Primero por la postulaci\u00f3n para la Jefatura de Gobierno de la Ciudad de M\u00e9xico y la segunda nada menos que por la Presidencia de la Rep\u00fablica.<\/p>\n<p>Precisamente como resultado de esta \u00faltima contienda, gan\u00f3 como premio de consolaci\u00f3n ser el l\u00edder de la C\u00e1mara de Diputados, de acuerdo con las condiciones fijadas por el caudillo de\u00a0la llamada Cuarta Transformaci\u00f3n, el ex presidente Andr\u00e9s Manuel L\u00f3pez Obrador, quien margin\u00f3 al impresentable Gerardo Fern\u00e1ndez Noro\u00f1a a pesar de que en las encuestas (no conocidas por nadie m\u00e1s) lo ubicaron por encima del zacatecano, pero esto se justific\u00f3 porque el ex dirigente de los deudores de la banca no militaba en Morena, sino en el PT, partido al que posteriormente renunci\u00f3 para dar el salto al organismo oficial.<\/p>\n<p>Por estos antecedentes, Monreal es calificado en medios pol\u00edticos cercanos al oficialismo como una imposici\u00f3n del caudillo tabasque\u00f1o, lo cual a su vez sustenta versiones en el sentido de que el ex presidente L\u00f3pez ha creado un nuevo maximato y mantiene el control sobre la Presidenta (con A).<\/p>\n<p>Para contrarrestar tales versiones interesadas, el zacatecano Monreal se ha esforzado por dejar constancia de su sumisi\u00f3n a Sheinbaum, por lo cual ha procurado dar celeridad a la aprobaci\u00f3n de cualquier asunto que se considere de inter\u00e9s para la inquilina de Palacio Nacional.<\/p>\n<p>En estas circunstancias llegamos a la tramitaci\u00f3n de la controvertida iniciativa de reformas a la Ley Nacional de Aguas, repudiada por los productores agropecuarios, quienes han realizado diversas protestas, en las que sobresalen los bloqueos a las principales carreteras y autopistas del pa\u00eds.<\/p>\n<p>En lo que los hombres del campo y los dirigentes de los partidos opositores califican de simulaci\u00f3n, el oficialismo convoc\u00f3 a foros de negociaci\u00f3n, supuestamente para incorporar a la iniciativa las propuestas de los trabajadores del campo.<\/p>\n<p>En esta fase, el oficialismo, en particular el mencionado Monreal, destacaron haber introducido 50 cambios a la iniciativa original, con lo cual supon\u00edan cumplir con las exigencias de los productores agropecuarios, quienes recibieron el respaldo de los transportistas aquejados por los imparables atracos en las carreteras nacionales, inclusive en las que se suponen m\u00e1s vigiladas. Esto, sin contar que muchas veces los atracadores son los presuntos agentes del orden que deber\u00edan cuidarlos. Para ponerlo en t\u00e9rminos comunes, son v\u00edctimas, tambi\u00e9n, de los \u201cmordelones\u201d.<\/p>\n<p>Las exigencias de los productores agropecuarios fueron asumidas por los legisladores de oposici\u00f3n, quienes presentaron centenas de mociones suspensivas que fueron discutidas, pero ninguna aprobada. S\u00f3lo prosperaron las propuestas de los legisladores del oficialismo que, se presume, responden a las inconformidades de los productores agropecuarios.<\/p>\n<p>La parte estelar le correspondi\u00f3 al coordinador de los \u201cmorenos\u201d, el referido Ricardo Monreal, quien present\u00f3 en tribuna no una ni dos propuestas de correcci\u00f3n sino 18 de golpe, las cuales ya fueron aprobadas en lo particular.<\/p>\n<p>Estas correcciones se sumaron a cerca de 50 cambios previos realizados al dictamen original, que seg\u00fan los argumentos del oficialismo pretenden principalmente aclarar y dar certeza jur\u00eddica sobre las concesiones existentes de aprovechamiento del agua, especialmente para los sectores agr\u00edcola y ejidal.<\/p>\n<p>Las 18 modificaciones, presentadas en bloque y respaldadas por los partidos Morena, PT y PVEM, abordan varios puntos sensibles que generaron preocupaci\u00f3n entre productores y campesinos, como la transmisi\u00f3n de concesiones. Para ello, se ajust\u00f3 la redacci\u00f3n para dar mayor claridad y certeza jur\u00eddica a los mecanismos de transmisi\u00f3n de derechos de agua (herencias, compra-venta) entre particulares y ejidos, evitando interpretaciones que pudieran sugerir su prohibici\u00f3n o expropiaci\u00f3n.<\/p>\n<p>Adem\u00e1s, se precisaron las definiciones relacionadas con el uso del agua en actividades agr\u00edcolas y ganaderas y los procedimientos para la reasignaci\u00f3n de vol\u00famenes, respondiendo a las demandas de los productores. Tambi\u00e9n se incluyeron ajustes relativos al funcionamiento del Registro P\u00fablico de Derechos de Agua (RPDA) y su vinculaci\u00f3n con los padrones agrarios y sistemas comunitarios.<\/p>\n<p>Las modificaciones reafirman el objetivo principal de la ley de garantizar el agua como un derecho humano y no como una mercanc\u00eda, dijeron los legisladores del bloque oficialista, que no perdieron la oportunidad de acusar a la oposici\u00f3n de intransigencia.<\/p>\n<p>La consecuencia de las diferencias entre oficialistas y oposici\u00f3n fue que la sesi\u00f3n, iniciada el mi\u00e9rcoles 3 de diciembre se prolongara 24 horas, lo que la convirti\u00f3 en una de las de m\u00e1s duraci\u00f3n en la C\u00e1mara de Diputadas, aunque sin llegar a los casi tres d\u00edas que se extendi\u00f3 la asamblea en la que, en el sexenio de Enrique Pe\u00f1a Nieto, se validaron las leyes reglamentarias de la reforma energ\u00e9tica, todas las cuales quedaron anuladas por la llamada Cuarta Transformaci\u00f3n. Pero esa es otra historia.<\/p>\n<p>El hecho es que al t\u00e9rmino de la m\u00e1s reciente jornada marat\u00f3nica, en la que se aprobaron las reformas en materia de agua, el coordinador de Morena, Ricardo Monreal, aprovech\u00f3 una \u00faltima intervenci\u00f3n en tribuna para destacar los supuestos beneficios de los cambios aprobados, que todav\u00eda no tienen valor de ley, pues deber\u00e1n ser ratificados por el Senado.<\/p>\n<p>El zacatecano subi\u00f3 a tribuna rodeado de una buena parte de los integrantes de la bancada oficialista y no se limit\u00f3 al recuento de los supuestos avances aprobados con el respaldo de sus sat\u00e9lites del PT y PVEM, sino que se erigi\u00f3 en jefe de porra.<\/p>\n<p>\u201cQuiero felicitar a mis compa\u00f1eros de Morena, les puedo decir que me siento muy orgulloso de ustedes porque hicieron un gran papel en la tribuna y en las comisiones. Y me siento muy halagado de ser su compa\u00f1ero de lucha y ser su coordinador que me enaltece\u201d, manifest\u00f3 el legislador zacatecano, paro luego concluir como conductor del coro formado por los diputados que le rodeaban:<\/p>\n<p>\u201cQue viva Morena, viva M\u00e9xico, viva la presidenta Claudia Sheinbaum\u201d, arengas repetidas por el coro. \u201cLos invito, los invito a que nos acompa\u00f1en de manera respetuosa a ser testigos del gran movimiento que va a acompa\u00f1ar a la presidenta Claudia Sheinbaum el s\u00e1bado a las 10 de la ma\u00f1ana. Ah\u00ed nos vemos en el Z\u00f3calo\u201d, agreg\u00f3 el coordinador.<\/p>\n<p>El \u201cgran movimiento\u201d al que hizo referencia Monreal es a la concentraci\u00f3n que el r\u00e9gimen prepara para ma\u00f1ana, s\u00e1bado 6, para retacar el Z\u00f3calo de la Ciudad de M\u00e9xico con miles de acarreados, procedentes de todos los rumbos de la Rep\u00fablica.<\/p>\n<p>No se trata de ning\u00fan infundio, el acarreo fue exhibido no s\u00f3lo por los cr\u00edticos del gobierno de la llamada Cuarta Transformaci\u00f3n, sino tambi\u00e9n por sus propios integrantes.<\/p>\n<p>All\u00ed est\u00e1, por ejemplo, un video de\u00a0Viridiana Rom\u00e1n, titular del Centro de Empoderamiento y Protecci\u00f3n para la Mujer en el estado de Baja California, quien denunci\u00f3 p\u00fablicamente la cancelaci\u00f3n de una ceremonia de graduaci\u00f3n organizada por su dependencia, debido a una instrucciones para movilizar personas para participar en la manifestaci\u00f3n preparada por Morena para la mencionada fecha del 6 de diciembre en la capital del pa\u00eds.<\/p>\n<p>Sin embargo, eso no es motivo para acallar las porras \u00bfo s\u00ed?<\/p>\n<p>&nbsp;<\/p>\n<p>&nbsp;<\/p>\n","protected":false},"excerpt":{"rendered":"<p>CLASE POLITICA\u00a0 Miguel \u00c1ngel Rivera &nbsp; &nbsp; A partir de ayer, el ex gobernador de Zacatecas Ricardo Monreal \u00c1vila, aument\u00f3 uno m\u00e1s a los muchos cargos y atribuciones que tiene en la C\u00e1mara de Diputados, al convertirse en capit\u00e1n de porra. Este personaje es coordinador de la bancada de Morena y al mismo tiempo presidente [&hellip;]<\/p>\n","protected":false},"author":14,"featured_media":0,"comment_status":"open","ping_status":"open","sticky":false,"template":"","format":"standard","meta":{"_monsterinsights_skip_tracking":false,"_monsterinsights_sitenote_active":false,"_monsterinsights_sitenote_note":"","_monsterinsights_sitenote_category":0,"footnotes":""},"categories":[84119,4],"tags":[],"class_list":["post-697361","post","type-post","status-publish","format-standard","hentry","category-miguel-angel-rivera","category-opinion"],"_links":{"self":[{"href":"https:\/\/www.diarioimagen.net\/index.php?rest_route=\/wp\/v2\/posts\/697361","targetHints":{"allow":["GET"]}}],"collection":[{"href":"https:\/\/www.diarioimagen.net\/index.php?rest_route=\/wp\/v2\/posts"}],"about":[{"href":"https:\/\/www.diarioimagen.net\/index.php?rest_route=\/wp\/v2\/types\/post"}],"author":[{"embeddable":true,"href":"https:\/\/www.diarioimagen.net\/index.php?rest_route=\/wp\/v2\/users\/14"}],"replies":[{"embeddable":true,"href":"https:\/\/www.diarioimagen.net\/index.php?rest_route=%2Fwp%2Fv2%2Fcomments&post=697361"}],"version-history":[{"count":1,"href":"https:\/\/www.diarioimagen.net\/index.php?rest_route=\/wp\/v2\/posts\/697361\/revisions"}],"predecessor-version":[{"id":697362,"href":"https:\/\/www.diarioimagen.net\/index.php?rest_route=\/wp\/v2\/posts\/697361\/revisions\/697362"}],"wp:attachment":[{"href":"https:\/\/www.diarioimagen.net\/index.php?rest_route=%2Fwp%2Fv2%2Fmedia&parent=697361"}],"wp:term":[{"taxonomy":"category","embeddable":true,"href":"https:\/\/www.diarioimagen.net\/index.php?rest_route=%2Fwp%2Fv2%2Fcategories&post=697361"},{"taxonomy":"post_tag","embeddable":true,"href":"https:\/\/www.diarioimagen.net\/index.php?rest_route=%2Fwp%2Fv2%2Ftags&post=697361"}],"curies":[{"name":"wp","href":"https:\/\/api.w.org\/{rel}","templated":true}]}}