{"id":697369,"date":"2025-12-04T20:07:36","date_gmt":"2025-12-05T02:07:36","guid":{"rendered":"https:\/\/www.diarioimagen.net\/?p=697369"},"modified":"2025-12-04T20:07:36","modified_gmt":"2025-12-05T02:07:36","slug":"con-el-pais-hirviendo-sheinbaum-va-a-su-primer-encuentro-con-trump","status":"publish","type":"post","link":"https:\/\/www.diarioimagen.net\/?p=697369","title":{"rendered":"Con el pa\u00eds hirviendo, Sheinbaum  va a su primer encuentro con Trump"},"content":{"rendered":"<p><strong>\u00a0<\/strong><\/p>\n<p>&nbsp;<\/p>\n<p><strong>\u00a0<\/strong><\/p>\n<p><strong>TRAS LA PUERTA DEL PODER Roberto Vizca\u00edno<\/strong><\/p>\n<p><strong>\u00a0<\/strong><\/p>\n<p><strong>\u00a0<\/strong><\/p>\n<p><strong>Claudia Sheinbaum<\/strong>\u00a0amaneci\u00f3 hoy en Washington confiada en que su primer encuentro cara a cara con\u00a0<strong>Donald Trump<\/strong>\u00a0no pasar\u00e1 del saludo y su participaci\u00f3n en un evento vistoso, populachero, dise\u00f1ado para que, v\u00eda medios y redes sociales, llegue a todo el mundo con motivo del Mundial de Futbol 2026, sin mayor trascendencia que la comercial y deportiva.<\/p>\n<p>Gran parte de M\u00e9xico la seguir\u00e1 en este viaje en medio de un hervidero social nacional provocado por la inconformidad y reclamos de unos 4 millones de productores agr\u00edcolas que basan su actividad en unas 600 mil concesiones de agua y que hoy con la aprobaci\u00f3n de una nueva ley del l\u00edquido quedan, dicen en el desamparo jur\u00eddico.<\/p>\n<p>Una creciente inconformidad social que a ratos amenaza rebasar los l\u00edmites del reclamo pac\u00edfico que hasta hoy se ha mantenido en cierres de carreteras, tomas de casetas, invasi\u00f3n de aduanas y el bloqueo de puentes fronterizos en el norte y sur del pa\u00eds.<\/p>\n<p>Todo ello porque en largas, pero urgentes sesiones de diputados y senadores el oficialismo sac\u00f3 adelante entre el mi\u00e9rcoles y este fin de semana la nueva Ley de Aguas, que comuneros, campesinos, ejidatarios, peque\u00f1os y grandes productores agr\u00edcolas y ganaderos ven como un golpe artero que les arrebata la seguridad sobre sus tierras y atenta contra su vocaci\u00f3n de productores agr\u00edcolas.<\/p>\n<p>De todo esto y m\u00e1s, seguro estar\u00e1 enterado puntualmente el presidente de EU,\u00a0<strong>Donald Trump,<\/strong>\u00a0por su embajador en M\u00e9xico,\u00a0<strong>Ronald D. Johnson<\/strong>.<\/p>\n<p><strong>Claudia<\/strong>\u00a0(de fuertes ideas y formaci\u00f3n de izquierdas, socialistas, que ha sido incluso se\u00f1alada de haber pertenecido o colaborado con la guerrilla colombiana del M19, de la cual surgi\u00f3 el ahora presidente colombiano\u00a0<strong>Gustavo Petro<\/strong>\u00a0-lo que ella ha negado-; que apoya abierta y pol\u00edticamente al r\u00e9gimen cubano de\u00a0<strong>Miguel D\u00edaz-Canel<\/strong>, a quien env\u00eda miles de millones de d\u00f3lares en petr\u00f3leo y gasolinas) llega a Washington a sabiendas de que\u00a0<strong>Trump<\/strong>\u00a0es impredecible y que, si se le pega la gana, sin m\u00e1s puede convertir ese primer encuentro en un asunto del m\u00e1s alto nivel bilateral.<\/p>\n<p>Todos los grandes temas (fin cantado de T-MEC, combate militar a c\u00e1rteles, reclamos por el agua, econom\u00eda a la baja, quejas de inversionistas e industriales estadounidenses por la ausencia de un Estado de Derecho y la ausencia de garant\u00eds jur\u00eddicas a sus inversiones y actividad productiva en M\u00e9xico, la persistencia de la plaga de gusano barrenador, deportaci\u00f3n de migrantes, etc, etc), est\u00e1n en este escenario para que el imprevisto ocurra.<\/p>\n<p>En medio de todo este entramado,\u00a0<strong>Sheinbaum-Trump<\/strong>\u00a0estar\u00e1 el primer ministro de Canad\u00e1,\u00a0<strong>Mark Carney,<\/strong>\u00a0quien ya a sido v\u00edctima del maltrato del presidente norteamericano y que de seguro no meter\u00e1 las manos para defender a la mandataria mexicana.<\/p>\n<p>Si ocurre un desaguisado \u00e9l huir\u00e1 sonriente hacia el norte, hacia Canad\u00e1.<\/p>\n<p>Habr\u00e1 que estar hoy muy pendientes de esta visita de\u00a0<strong>Claudia Sheinbaum<\/strong>\u00a0a Washington porque puede que no pase nada o puede que pase todo.<\/p>\n<p>&nbsp;<\/p>\n<p><strong>Hacerlo igual, lleva a los mismos resultados<\/strong><\/p>\n<p>&nbsp;<\/p>\n<p>Con un crecimiento persistente en 0.3 por ciento, los 7 a\u00f1os de la 4T no ha visto ning\u00fan resultado de justicia social favorable en la puesta en marcha de consejos de empresarios e inversionistas.<\/p>\n<p>A lo largo de este tiempo todos esos grupos han sido puestos en marcha, tanto por el presidente\u00a0<strong>Andr\u00e9s Manuel L\u00f3pez Obrador<\/strong>\u00a0como por la presidenta\u00a0<strong>Claudia Sheinbaum<\/strong>\u00a0y en ellos siempre figura un primer nombre como si fuese el diamante de una corona:\u00a0<strong>Carlos Slim<\/strong>.<\/p>\n<p>El grupo empresarial echado a andar el mi\u00e9rcoles pasado en Palacio Nacional es una repetici\u00f3n de lo mismo. Y los mismos lo integran: de\u00a0<strong>Carlos Slim<\/strong>\u00a0a <strong>Altagracia G\u00f3mez.<\/strong><\/p>\n<p><strong>Igual que el anterior, y el que le precedi\u00f3 este nuevo consejo,\u00a0<\/strong>se dijo, impulsar\u00e1 la inversi\u00f3n en el pa\u00eds dentro del m\u00edtico\u00a0<strong>Plan M\u00e9xico<\/strong>.<\/p>\n<p>Todo ello bajo la sonrisa de la presidenta\u00a0<strong>Claudia Sheinbaum y el aplauso del resto del grupo de siempre: Jos\u00e9 Antonio Fern\u00e1ndez, Carlos Hank Gonz\u00e1lez, Alejandro Sober\u00f3n, Guadalupe de la Vega, Laura Diez Barroso, y Altagracia G\u00f3mez Sierra -quien es la m\u00e1s cercana a la mandataria y por eso quien coordinara al grupo- y Francisco Cervantes<\/strong>, presidente saliente del Consejo Coordinador Empresarial.<\/p>\n<p>\u201c\u2026 acordamos reunirnos peri\u00f3dicamente a trav\u00e9s de un consejo para la promoci\u00f3n de inversiones orientado al Plan M\u00e9xico\u201d, anunci\u00f3\u00a0<strong>Sheinbaum<\/strong>\u00a0en redes sociales.<\/p>\n<p>El anuncio de este nuevo consejo -igualito que los anteriores- se hizo convenientemente antes del viaje de\u00a0<strong>Sheinbaum<\/strong>\u00a0de este fin de semana a encontrarse con\u00a0<strong>Donald Trump<\/strong>\u00a0en Washington.<\/p>\n<p>\u00bfRealmente creen ella y sus colaboradores que este tipo de anuncios sirven de algo? \u00bfQu\u00e9 alguien se lo cree en M\u00e9xico?<\/p>\n<p>&nbsp;<\/p>\n<p>Twitter: @_Vizcaino \/ Facebook<\/p>\n<p>\/\u00a0<a href=\"https:\/\/www.facebook.com\/rvizcainoa\">https:\/\/www.facebook.com\/rvizcainoa<\/a><\/p>\n<p>&nbsp;<\/p>\n","protected":false},"excerpt":{"rendered":"<p>\u00a0 &nbsp; \u00a0 TRAS LA PUERTA DEL PODER Roberto Vizca\u00edno \u00a0 \u00a0 Claudia Sheinbaum\u00a0amaneci\u00f3 hoy en Washington confiada en que su primer encuentro cara a cara con\u00a0Donald Trump\u00a0no pasar\u00e1 del saludo y su participaci\u00f3n en un evento vistoso, populachero, dise\u00f1ado para que, v\u00eda medios y redes sociales, llegue a todo el mundo con motivo del [&hellip;]<\/p>\n","protected":false},"author":14,"featured_media":0,"comment_status":"open","ping_status":"open","sticky":false,"template":"","format":"standard","meta":{"_monsterinsights_skip_tracking":false,"_monsterinsights_sitenote_active":false,"_monsterinsights_sitenote_note":"","_monsterinsights_sitenote_category":0,"footnotes":""},"categories":[4,136],"tags":[],"class_list":["post-697369","post","type-post","status-publish","format-standard","hentry","category-opinion","category-roberto-vizcaino-opinion"],"_links":{"self":[{"href":"https:\/\/www.diarioimagen.net\/index.php?rest_route=\/wp\/v2\/posts\/697369","targetHints":{"allow":["GET"]}}],"collection":[{"href":"https:\/\/www.diarioimagen.net\/index.php?rest_route=\/wp\/v2\/posts"}],"about":[{"href":"https:\/\/www.diarioimagen.net\/index.php?rest_route=\/wp\/v2\/types\/post"}],"author":[{"embeddable":true,"href":"https:\/\/www.diarioimagen.net\/index.php?rest_route=\/wp\/v2\/users\/14"}],"replies":[{"embeddable":true,"href":"https:\/\/www.diarioimagen.net\/index.php?rest_route=%2Fwp%2Fv2%2Fcomments&post=697369"}],"version-history":[{"count":1,"href":"https:\/\/www.diarioimagen.net\/index.php?rest_route=\/wp\/v2\/posts\/697369\/revisions"}],"predecessor-version":[{"id":697370,"href":"https:\/\/www.diarioimagen.net\/index.php?rest_route=\/wp\/v2\/posts\/697369\/revisions\/697370"}],"wp:attachment":[{"href":"https:\/\/www.diarioimagen.net\/index.php?rest_route=%2Fwp%2Fv2%2Fmedia&parent=697369"}],"wp:term":[{"taxonomy":"category","embeddable":true,"href":"https:\/\/www.diarioimagen.net\/index.php?rest_route=%2Fwp%2Fv2%2Fcategories&post=697369"},{"taxonomy":"post_tag","embeddable":true,"href":"https:\/\/www.diarioimagen.net\/index.php?rest_route=%2Fwp%2Fv2%2Ftags&post=697369"}],"curies":[{"name":"wp","href":"https:\/\/api.w.org\/{rel}","templated":true}]}}