{"id":697522,"date":"2025-12-07T20:31:15","date_gmt":"2025-12-08T02:31:15","guid":{"rendered":"https:\/\/www.diarioimagen.net\/?p=697522"},"modified":"2025-12-07T20:31:15","modified_gmt":"2025-12-08T02:31:15","slug":"presento-isaac-montoya-su-primer-informe-de-gobierno-en-naucalpan","status":"publish","type":"post","link":"https:\/\/www.diarioimagen.net\/?p=697522","title":{"rendered":"Present\u00f3 Isaac Montoya su primer  informe de gobierno en Naucalpan"},"content":{"rendered":"<ul>\n<li><strong>Destac\u00f3 avances hist\u00f3ricos de la transformaci\u00f3n<\/strong><\/li>\n<\/ul>\n<div id=\"attachment_697523\" style=\"width: 415px\" class=\"wp-caption alignnone\"><img loading=\"lazy\" decoding=\"async\" aria-describedby=\"caption-attachment-697523\" class=\"wp-image-697523 size-large\" src=\"https:\/\/www.diarioimagen.net\/wp-content\/uploads\/2025\/12\/BAENA-3-ok-5-405x270.jpg\" alt=\"\" width=\"405\" height=\"270\" srcset=\"https:\/\/www.diarioimagen.net\/wp-content\/uploads\/2025\/12\/BAENA-3-ok-5-405x270.jpg 405w, https:\/\/www.diarioimagen.net\/wp-content\/uploads\/2025\/12\/BAENA-3-ok-5-240x160.jpg 240w, https:\/\/www.diarioimagen.net\/wp-content\/uploads\/2025\/12\/BAENA-3-ok-5-768x513.jpg 768w, https:\/\/www.diarioimagen.net\/wp-content\/uploads\/2025\/12\/BAENA-3-ok-5.jpg 1500w\" sizes=\"auto, (max-width: 405px) 100vw, 405px\" \/><p id=\"caption-attachment-697523\" class=\"wp-caption-text\">El alcalde Isaac Montoya M\u00e1rquez, acompa\u00f1ado de la gobernadora del Estado de M\u00e9xico, Delfina G\u00f3mez \u00c1lvarez, rindi\u00f3 su Primer Informe de Resultados.<\/p><\/div>\n<p>&nbsp;<\/p>\n<p>Naucalpan, M\u00e9x.- Ante cerca de 10 mil naucalpenses que desbordaron desde temprana hora la explanada del Palacio Municipal, el alcalde Isaac Montoya M\u00e1rquez, acompa\u00f1ado de la gobernadora del Estado de M\u00e9xico, Delfina G\u00f3mez \u00c1lvarez, rindi\u00f3 su Primer Informe de Resultados, en el que destac\u00f3 avances hist\u00f3ricos para la Transformaci\u00f3n de Naucalpan, que reconoci\u00f3 la mandataria estatal.<\/p>\n<p>&nbsp;<\/p>\n<p>El presidente municipal entreg\u00f3 a la gobernadora G\u00f3mez \u00c1lvarez el informe, para quien pidi\u00f3 un fuerte aplauso de los asistentes, a quien dedic\u00f3 su rendici\u00f3n de cuentas y se\u00f1al\u00f3 que, en este primer a\u00f1o se demuestra que, con la inversi\u00f3n hist\u00f3rica en obra p\u00fablica, en agua, en servicios y en seguridad, s\u00ed se puede transformar Naucalpan, con trabajo, transparencia, dedicaci\u00f3n y vocaci\u00f3n de servicio.<\/p>\n<p>&nbsp;<\/p>\n<p>En sesi\u00f3n solemne de Cabildo y en presencia de servidores p\u00fablicos municipales e invitados especiales, el alcalde refiri\u00f3 que la rendici\u00f3n de cuentas se sustenta en la estrat\u00e9gica Plan de Desarrollo Municipal 2025-2027, elaborado con amplia participaci\u00f3n ciudadana.<\/p>\n<p>&nbsp;<\/p>\n<p>Destac\u00f3 cero corrupci\u00f3n y buen gobierno, bienestar ambiental, acceso universal al agua, empleo digno y desarrollo econ\u00f3mico municipal,<\/p>\n<p>as\u00ed como seguridad y cumplimiento a los objetivos de desarrollo sostenible, aline\u00e1ndose a la agenda 2030 de las Naciones Unidas.<\/p>\n<p>&nbsp;<\/p>\n<p>Reiter\u00f3 que en este primer a\u00f1o de la administraci\u00f3n 2025-2027 se impuls\u00f3 un Plan de Obra P\u00fablica con inversi\u00f3n hist\u00f3rica e in\u00e9dita de m\u00e1s de mil millones de pesos, la Estrategia de Seguridad con Todo encabezada por una Guardia Municipal de proximidad, un Plan H\u00eddrico en marcha, operativos para recuperar espacios y programas que dejaron m\u00e1s de 50 Huellas de la Transformaci\u00f3n en todas las comunidades.<\/p>\n<p>&nbsp;<\/p>\n<p><strong>\u00a0<\/strong><\/p>\n<p>&nbsp;<\/p>\n","protected":false},"excerpt":{"rendered":"<p>Destac\u00f3 avances hist\u00f3ricos de la transformaci\u00f3n &nbsp; Naucalpan, M\u00e9x.- Ante cerca de 10 mil naucalpenses que desbordaron desde temprana hora la explanada del Palacio Municipal, el alcalde Isaac Montoya M\u00e1rquez, acompa\u00f1ado de la gobernadora del Estado de M\u00e9xico, Delfina G\u00f3mez \u00c1lvarez, rindi\u00f3 su Primer Informe de Resultados, en el que destac\u00f3 avances hist\u00f3ricos para la [&hellip;]<\/p>\n","protected":false},"author":14,"featured_media":697523,"comment_status":"open","ping_status":"open","sticky":false,"template":"","format":"standard","meta":{"_monsterinsights_skip_tracking":false,"_monsterinsights_sitenote_active":false,"_monsterinsights_sitenote_note":"","_monsterinsights_sitenote_category":0,"footnotes":""},"categories":[5],"tags":[],"class_list":["post-697522","post","type-post","status-publish","format-standard","has-post-thumbnail","hentry","category-estado-de-mexico"],"_links":{"self":[{"href":"https:\/\/www.diarioimagen.net\/index.php?rest_route=\/wp\/v2\/posts\/697522","targetHints":{"allow":["GET"]}}],"collection":[{"href":"https:\/\/www.diarioimagen.net\/index.php?rest_route=\/wp\/v2\/posts"}],"about":[{"href":"https:\/\/www.diarioimagen.net\/index.php?rest_route=\/wp\/v2\/types\/post"}],"author":[{"embeddable":true,"href":"https:\/\/www.diarioimagen.net\/index.php?rest_route=\/wp\/v2\/users\/14"}],"replies":[{"embeddable":true,"href":"https:\/\/www.diarioimagen.net\/index.php?rest_route=%2Fwp%2Fv2%2Fcomments&post=697522"}],"version-history":[{"count":1,"href":"https:\/\/www.diarioimagen.net\/index.php?rest_route=\/wp\/v2\/posts\/697522\/revisions"}],"predecessor-version":[{"id":697524,"href":"https:\/\/www.diarioimagen.net\/index.php?rest_route=\/wp\/v2\/posts\/697522\/revisions\/697524"}],"wp:featuredmedia":[{"embeddable":true,"href":"https:\/\/www.diarioimagen.net\/index.php?rest_route=\/wp\/v2\/media\/697523"}],"wp:attachment":[{"href":"https:\/\/www.diarioimagen.net\/index.php?rest_route=%2Fwp%2Fv2%2Fmedia&parent=697522"}],"wp:term":[{"taxonomy":"category","embeddable":true,"href":"https:\/\/www.diarioimagen.net\/index.php?rest_route=%2Fwp%2Fv2%2Fcategories&post=697522"},{"taxonomy":"post_tag","embeddable":true,"href":"https:\/\/www.diarioimagen.net\/index.php?rest_route=%2Fwp%2Fv2%2Ftags&post=697522"}],"curies":[{"name":"wp","href":"https:\/\/api.w.org\/{rel}","templated":true}]}}