{"id":697557,"date":"2025-12-07T21:34:06","date_gmt":"2025-12-08T03:34:06","guid":{"rendered":"https:\/\/www.diarioimagen.net\/?p=697557"},"modified":"2025-12-07T21:34:06","modified_gmt":"2025-12-08T03:34:06","slug":"se-busca-erradicar-vapeadores-con-sanciones-de-hasta-8-anos-de-carcel","status":"publish","type":"post","link":"https:\/\/www.diarioimagen.net\/?p=697557","title":{"rendered":"Se busca erradicar vapeadores con sanciones de hasta 8 a\u00f1os de c\u00e1rcel"},"content":{"rendered":"<ul>\n<li><strong>Listo el dictamen en San L\u00e1zaro para su aprobaci\u00f3n<\/strong><\/li>\n<li><strong>La oposici\u00f3n advierte criminalizaci\u00f3n y fomento del mercado negro<\/strong><\/li>\n<\/ul>\n<p><img loading=\"lazy\" decoding=\"async\" class=\"alignnone wp-image-697566 size-large\" src=\"https:\/\/www.diarioimagen.net\/wp-content\/uploads\/2025\/12\/VAPEADORES-360x270.jpeg\" alt=\"\" width=\"360\" height=\"270\" srcset=\"https:\/\/www.diarioimagen.net\/wp-content\/uploads\/2025\/12\/VAPEADORES-360x270.jpeg 360w, https:\/\/www.diarioimagen.net\/wp-content\/uploads\/2025\/12\/VAPEADORES-240x180.jpeg 240w, https:\/\/www.diarioimagen.net\/wp-content\/uploads\/2025\/12\/VAPEADORES-768x577.jpeg 768w, https:\/\/www.diarioimagen.net\/wp-content\/uploads\/2025\/12\/VAPEADORES.jpeg 887w\" sizes=\"auto, (max-width: 360px) 100vw, 360px\" \/><\/p>\n<p>Aunque en M\u00e9xico ya est\u00e1 prohibida la importaci\u00f3n y comercializaci\u00f3n de cigarrillos electr\u00f3nicos y vapeadores desde 2022, la C\u00e1mara de Diputados se prepara para votar la prohibici\u00f3n total de estos productos con medidas severas que van de uno a ocho a\u00f1os de prisi\u00f3n, hasta multas que pueden alcanzar los 226,000 pesos para quienes participen en la comercializaci\u00f3n, fabricaci\u00f3n, importaci\u00f3n, exportaci\u00f3n, venta y uso de estos dispositivos.<\/p>\n<p>Especialistas opinan que si no se corrige la redacci\u00f3n del Art\u00edculo 282 de la Ley General de Salud y del Art\u00edculo 456 Bis, que criminaliza de forma indiscriminada, cualquier polic\u00eda podr\u00eda detener a quien vean usando uno de estos dispositivos o podr\u00eda aprovechar para extorsionar y sacarle dinero a la gente bajo amenaza de encarcelamiento.<\/p>\n<p>La reforma estaba originalmente agendada para la semana pasada, sin embargo, los grupos parlamentarios acordaron, a trav\u00e9s de la Junta de Coordinaci\u00f3n Pol\u00edtica, reordenar la agenda y pasar su an\u00e1lisis para este martes. Este ajuste permite m\u00e1s tiempo para la negociaci\u00f3n de reservas ante las controversias que ha generado el dictamen.<\/p>\n<p>El documento de m\u00e1s de 800 p\u00e1ginas insiste en que, pese a la percepci\u00f3n de que los vapeadores son una alternativa m\u00e1s segura para los consumidores de tabaco, estos representan un riesgo sanitario, pues contienen \u201cuna mezcla compleja de sustancias qu\u00edmicas, incluidos metales pesados con un gran potencial para da\u00f1ar la salud\u201d.<\/p>\n<p>La comisi\u00f3n advierte de que la venta de estos aparatos, muchos de ellos importados de manera irregular, ha ido en aumento impulsada por campa\u00f1as que los presentan como herramientas para dejar de fumar, en un discurso que confunde especialmente a los adolescentes, que son de los principales consumidores de estos productos.<\/p>\n<p>La iniciativa recoge investigaciones que alertan sobre los efectos de sus componentes, entre los que pueden estar el n\u00edquel, plomo, cadmio y compuestos asociados a inflamaci\u00f3n cr\u00f3nica y disfunci\u00f3n pulmonar. \u201cLa proscripci\u00f3n total\u201d, insiste el texto, \u201cbusca enfrentar un riesgo sanitario en el pa\u00eds\u201d, especialmente entre los consumidores m\u00e1s j\u00f3venes, quienes \u201chan sido objeto de agresivas y enga\u00f1osas estrategias comerciales por parte de la industria\u201d para fomentar la adicci\u00f3n desde edades tempranas.<\/p>\n<p>La comisi\u00f3n asegura que la regulaci\u00f3n se volvi\u00f3 insuficiente y que solo una prohibici\u00f3n absoluta frenar\u00e1 su distribuci\u00f3n. Por ello, propone sancionar con prisi\u00f3n y multas de entre 11,314 y 226,000 pesos a quienes violen la prohibici\u00f3n, incluidas personas que porten o compren estos dispositivos. Para Morena y el Partido Verde se trata de una medida necesaria para evitar que esta industria crezca en la ilegalidad. Para la oposici\u00f3n -y para parte del PT-, la reforma criminaliza a los consumidores.<\/p>\n<p>Cuando se aprob\u00f3 en comisiones con 27 votos en favor, ocho en contra y una abstenci\u00f3n, Movimiento Ciudadano, PAN y PRI acusaron al bloque oficialista de presentarse como defensor de pol\u00edticas progresistas mientras impulsa medidas \u201csobrerregulatorias\u201d que afectar\u00e1n sobre todo a los j\u00f3venes.<\/p>\n<p>Algunos diputados han advertido de que la prohibici\u00f3n podr\u00eda producir el efecto contrario, reforzando el mercado negro y dejando a los consumidores sin informaci\u00f3n verificable sobre lo que est\u00e1n consumiendo. \u201cLa prohibici\u00f3n criminaliza a los consumidores y le regala un nuevo mercado al crimen organizado. Este es uno de los dict\u00e1menes m\u00e1s punitivos que han pasado por aqu\u00ed\u201d, dijo Juan Ignacio Zavala Guti\u00e9rrez, de Movimiento Ciudadano.<\/p>\n<p>Incluso hubo dudas dentro del PT, desde donde se cuestionaron las consecuencias penales por el uso o compra, y pidieron revisar el impacto.<\/p>\n<p>&nbsp;<\/p>\n<p>&nbsp;<\/p>\n<p><strong>Fortalecen las facultades de la Secretar\u00eda de Salud<\/strong><\/p>\n<p>&nbsp;<\/p>\n<p>El dictamen tambi\u00e9n incluye otras reconfiguraciones, como la solicitud de la presidenta Claudia Sheinbaum para fortalecer las facultades de la Secretar\u00eda de Salud en la compra consolidada de medicamentos y la contrataci\u00f3n de equipo m\u00e9dico de alta tecnolog\u00eda. Tambi\u00e9n incluye disposiciones para combatir el tr\u00e1fico de precursores qu\u00edmicos que se utilizan en la fabricaci\u00f3n del fentanilo, as\u00ed como nuevas reglas para el control de sustancias peligrosas.<\/p>\n<p>La combinaci\u00f3n tambi\u00e9n ha sido criticada por la oposici\u00f3n, pues han se\u00f1alado que el documento \u201cempaqueta\u201d temas sin relaci\u00f3n entre s\u00ed para acelerar la aprobaci\u00f3n. El oficialismo defendi\u00f3 que todas las iniciativas forman parte de \u201cuna estrategia integral de salud\u201d. Con el amplio margen que posee el oficialismo para lograr la mayor\u00eda calificada necesaria, de aprobarse, el dictamen pasar\u00e1 al Senado.<\/p>\n<p>&nbsp;<\/p>\n<p>&nbsp;<\/p>\n<p><strong>\u00bfCu\u00e1les son las penas propuestas para los vapeadores? <\/strong><\/p>\n<p>&nbsp;<\/p>\n<p>La reforma al Art\u00edculo 282 de la Ley General de Salud y del Art\u00edculo 456 Bis de la misma propone sanciones como la pena de uno a ocho a\u00f1os de prisi\u00f3n y una multa equivalente de 100 a 2,000 veces el valor diario de la UMA (11,314 a 226,280 pesos) por violar la prohibici\u00f3n de cualquiera de las siguientes conductas respecto a los vapeadores:<\/p>\n<p>&nbsp;<\/p>\n<ul>\n<li>Adquisici\u00f3n<\/li>\n<li>Preparaci\u00f3n<\/li>\n<li>Conservaci\u00f3n<\/li>\n<li>Producci\u00f3n<\/li>\n<li>Fabricaci\u00f3n<\/li>\n<li>Mezclado<\/li>\n<li>Acondicionamiento<\/li>\n<li>Envasado<\/li>\n<li>Transporte con fines comerciales<\/li>\n<li>Almacenamiento<\/li>\n<li>Importaci\u00f3n<\/li>\n<li>Exportaci\u00f3n<\/li>\n<li>Comercio<\/li>\n<li>Distribuci\u00f3n<\/li>\n<li>Venta<\/li>\n<li>Y suministro.<\/li>\n<\/ul>\n<p>&nbsp;<\/p>\n<p>De igual forma, la reforma plantea prohibir todos los actos de publicidad o propaganda para que se consuman vapeadores a trav\u00e9s de cualquier medio impreso, digital, televisivo, radial u otro medio de comunicaci\u00f3n.<\/p>\n<p>&nbsp;<\/p>\n<p><strong>\u00a0<\/strong><\/p>\n<p><strong>Los j\u00f3venes que vapean tienen tres veces m\u00e1s probabilidades de comenzar a fumar<\/strong><\/p>\n<p>&nbsp;<\/p>\n<p>Vapear ya no es solo una moda pasajera entre adolescentes, pues se ha consolidado como un h\u00e1bito que ha superado al de fumar. A simple vista, un vapeador puede parecer inofensivo. Este peque\u00f1o y discreto dispositivo emite vapor en lugar de humo y sus cartuchos de sabores dulces o afrutados muchas veces camuflan el gusto amargo de la nicotina. A\u00fan as\u00ed, liberan esta sustancia adictiva, pudiendo afectar a los cerebros j\u00f3venes en desarrollo.<\/p>\n<p>Ahora, un nuevo estudio que se publica en la revista Tobacco Control refuerza estos antecedentes con nuevas evidencias. Liderado por investigadores del Reino Unido, el trabajo analiz\u00f3 56 revisiones sistem\u00e1ticas que, en conjunto, abarcan 384 estudios sobre el uso de vapeador en menores de 25 a\u00f1os. Y pese a que los an\u00e1lisis variaban en calidad, todos llegaron a conclusiones similares: los j\u00f3venes que vapean tienen hasta tres veces m\u00e1s probabilidades de iniciarse en el consumo de cigarrillos convencionales que aquellos que no lo hacen.<\/p>\n<p>Seg\u00fan la investigadora de salud p\u00fablica y autora principal, Su Golder tambi\u00e9n se encontraron asociaciones claras entre el vapeo y un mayor consumo posterior de otras sustancias como marihuana y alcohol.<\/p>\n<p>Seg\u00fan la investigadora de salud p\u00fablica y autora principal, Su Golder tambi\u00e9n se encontraron asociaciones claras entre el vapeo y un mayor consumo posterior de otras sustancias como marihuana y alcohol.<\/p>\n<p>&nbsp;<\/p>\n<p>&nbsp;<\/p>\n<p>&nbsp;<\/p>\n<p>&nbsp;<\/p>\n<p>&nbsp;<\/p>\n","protected":false},"excerpt":{"rendered":"<p>Listo el dictamen en San L\u00e1zaro para su aprobaci\u00f3n La oposici\u00f3n advierte criminalizaci\u00f3n y fomento del mercado negro Aunque en M\u00e9xico ya est\u00e1 prohibida la importaci\u00f3n y comercializaci\u00f3n de cigarrillos electr\u00f3nicos y vapeadores desde 2022, la C\u00e1mara de Diputados se prepara para votar la prohibici\u00f3n total de estos productos con medidas severas que van de [&hellip;]<\/p>\n","protected":false},"author":14,"featured_media":697566,"comment_status":"open","ping_status":"open","sticky":false,"template":"","format":"standard","meta":{"_monsterinsights_skip_tracking":false,"_monsterinsights_sitenote_active":false,"_monsterinsights_sitenote_note":"","_monsterinsights_sitenote_category":0,"footnotes":""},"categories":[16,877],"tags":[],"class_list":["post-697557","post","type-post","status-publish","format-standard","has-post-thumbnail","hentry","category-destacadas","category-salud"],"_links":{"self":[{"href":"https:\/\/www.diarioimagen.net\/index.php?rest_route=\/wp\/v2\/posts\/697557","targetHints":{"allow":["GET"]}}],"collection":[{"href":"https:\/\/www.diarioimagen.net\/index.php?rest_route=\/wp\/v2\/posts"}],"about":[{"href":"https:\/\/www.diarioimagen.net\/index.php?rest_route=\/wp\/v2\/types\/post"}],"author":[{"embeddable":true,"href":"https:\/\/www.diarioimagen.net\/index.php?rest_route=\/wp\/v2\/users\/14"}],"replies":[{"embeddable":true,"href":"https:\/\/www.diarioimagen.net\/index.php?rest_route=%2Fwp%2Fv2%2Fcomments&post=697557"}],"version-history":[{"count":1,"href":"https:\/\/www.diarioimagen.net\/index.php?rest_route=\/wp\/v2\/posts\/697557\/revisions"}],"predecessor-version":[{"id":697574,"href":"https:\/\/www.diarioimagen.net\/index.php?rest_route=\/wp\/v2\/posts\/697557\/revisions\/697574"}],"wp:featuredmedia":[{"embeddable":true,"href":"https:\/\/www.diarioimagen.net\/index.php?rest_route=\/wp\/v2\/media\/697566"}],"wp:attachment":[{"href":"https:\/\/www.diarioimagen.net\/index.php?rest_route=%2Fwp%2Fv2%2Fmedia&parent=697557"}],"wp:term":[{"taxonomy":"category","embeddable":true,"href":"https:\/\/www.diarioimagen.net\/index.php?rest_route=%2Fwp%2Fv2%2Fcategories&post=697557"},{"taxonomy":"post_tag","embeddable":true,"href":"https:\/\/www.diarioimagen.net\/index.php?rest_route=%2Fwp%2Fv2%2Ftags&post=697557"}],"curies":[{"name":"wp","href":"https:\/\/api.w.org\/{rel}","templated":true}]}}