{"id":697726,"date":"2025-12-08T21:12:21","date_gmt":"2025-12-09T03:12:21","guid":{"rendered":"https:\/\/www.diarioimagen.net\/?p=697726"},"modified":"2025-12-08T21:12:21","modified_gmt":"2025-12-09T03:12:21","slug":"esperan-a-13-5-millones-de-peregrinos-a-la-basilica-de-guadalupe","status":"publish","type":"post","link":"https:\/\/www.diarioimagen.net\/?p=697726","title":{"rendered":"Esperan a 13.5 millones de peregrinos a la Bas\u00edlica de Guadalupe"},"content":{"rendered":"<ul>\n<li><strong>Arranca operativo\u00a0<\/strong><strong>\u00a0<\/strong><\/li>\n<li><strong>Se desplegaron m\u00e1s de\u00a06 mil polic\u00edas, apoyados con veh\u00edculos y drones, para garantizar su seguridad<\/strong><\/li>\n<\/ul>\n<div id=\"attachment_697727\" style=\"width: 370px\" class=\"wp-caption alignnone\"><img loading=\"lazy\" decoding=\"async\" aria-describedby=\"caption-attachment-697727\" class=\"wp-image-697727 size-large\" src=\"https:\/\/www.diarioimagen.net\/wp-content\/uploads\/2025\/12\/GUADALUPANA-360x270.jpeg\" alt=\"\" width=\"360\" height=\"270\" srcset=\"https:\/\/www.diarioimagen.net\/wp-content\/uploads\/2025\/12\/GUADALUPANA-360x270.jpeg 360w, https:\/\/www.diarioimagen.net\/wp-content\/uploads\/2025\/12\/GUADALUPANA-240x180.jpeg 240w, https:\/\/www.diarioimagen.net\/wp-content\/uploads\/2025\/12\/GUADALUPANA-768x576.jpeg 768w, https:\/\/www.diarioimagen.net\/wp-content\/uploads\/2025\/12\/GUADALUPANA-1536x1152.jpeg 1536w, https:\/\/www.diarioimagen.net\/wp-content\/uploads\/2025\/12\/GUADALUPANA-2048x1536.jpeg 2048w\" sizes=\"auto, (max-width: 360px) 100vw, 360px\" \/><p id=\"caption-attachment-697727\" class=\"wp-caption-text\">Se puso en marcha el Operativo Bas\u00edlica 2025, que se mantendr\u00e1 hasta el domingo 14 de diciembre para garantizar seguridad, atenci\u00f3n y movilidad de millones de fieles que visitan la bas\u00edlica de Guadalupe<\/p><\/div>\n<p>Como cada a\u00f1o, la alcald\u00eda Gustavo A. Madero puso en marcha el Operativo Bas\u00edlica 2025, que se mantendr\u00e1 hasta el domingo 14 de diciembre para garantizar seguridad, atenci\u00f3n y movilidad de millones de fieles que visitan la bas\u00edlica en este 494 aniversario de la aparici\u00f3n de la Virgen de Guadalupe.<\/p>\n<p>Los d\u00edas con mayor actividad ser\u00e1n el 11 y 12 de diciembre, cuando miles de peregrinos llegar\u00e1n en mayor n\u00famero al templo mariano para participar en la serenata y en la misa principal que se realiza durante la noche de este jueves.<\/p>\n<p>Este a\u00f1o se espera romper r\u00e9cord con 13.5 millones de asistentes, superando las cifras de 2024, cuando se registraron cerca de 12 millones de visitantes. Durante estas celebraciones es com\u00fan que haya afectaciones en el tr\u00e1nsito, as\u00ed como cierres de accesos en las zonas cercanas al recinto religioso, por lo que se recomienda tomar previsiones.<\/p>\n<p>Se desplegaron m\u00e1s de\u00a06 mil polic\u00edas, apoyados con 251 veh\u00edculos, 40 camionetas, 53 motocicletas, 19 gr\u00faas, dos drones, ocho ambulancias y cuatro motoambulancias del Escuadr\u00f3n de Rescate y Urgencias M\u00e9dicas (ERUM). Efectivos de la polic\u00eda tur\u00edstica tambi\u00e9n participaran en el operativo para realizar traducciones en ingl\u00e9s, chino e italiano, n\u00e1huatl, totonaco, zapoteco y mixteco.<\/p>\n<p>La alcald\u00eda tambi\u00e9n comparti\u00f3 recomendaciones b\u00e1sicas para quienes acudir\u00e1n a la Bas\u00edlica. Entre ellas est\u00e1n mantenerse en contacto con familiares o acompa\u00f1antes, definir un punto de reuni\u00f3n en caso de extrav\u00edo, prestar atenci\u00f3n especial a ni\u00f1as, ni\u00f1os, adultos mayores y personas con movilidad limitada, as\u00ed como protegerse del fr\u00edo con ropa adecuada, buena alimentaci\u00f3n e hidrataci\u00f3n.<\/p>\n<p>&nbsp;<\/p>\n<p><strong>C\u00f3mo inici\u00f3 la tradici\u00f3n\u00a0<\/strong><\/p>\n<p>&nbsp;<\/p>\n<p>La conmemoraci\u00f3n de la Virgen de Guadalupe, la fiesta religiosa m\u00e1s importante de M\u00e9xico, re\u00fane cada a\u00f1o a millones de peregrinos, pero detr\u00e1s de la celebraci\u00f3n del doce de diciembre hay una historia que mezcla espiritualidad, arte, resistencia cultural y hechos que han sorprendido incluso a investigadores cient\u00edficos.<\/p>\n<p>La tradici\u00f3n guadalupana narra que la Virgen Mar\u00eda se apareci\u00f3 cuatro veces al ind\u00edgena Juan Diego en el cerro del Tepeyac en diciembre de 1531. El relato qued\u00f3 plasmado en el Nican Mopohua, texto en n\u00e1huatl escrito hacia 1545 y considerado una de las principales fuentes hist\u00f3ricas sobre el acontecimiento. All\u00ed se detalla el mensaje que Mar\u00eda dio al macehual: la petici\u00f3n de construir una \u201ccasita sagrada\u201d para consolar a todos sus hijos.<\/p>\n<p>Para convencer al primer obispo de M\u00e9xico, fray Juan de Zum\u00e1rraga, la Virgen pidi\u00f3 a Juan Diego recoger rosas de Castilla que milagrosamente florecieron en pleno invierno. Al extender su tilma ante el obispo, las flores cayeron y apareci\u00f3 impresa la imagen que desde entonces se venera en el Tepeyac.<\/p>\n<p>En los siguientes a\u00f1os, el impacto fue inmediato: m\u00e1s de nueve millones de ind\u00edgenas se convirtieron al cristianismo, seg\u00fan recuentos eclesi\u00e1sticos de la \u00e9poca.<\/p>\n<p>&nbsp;<\/p>\n<p><strong>Una imagen que cruz\u00f3 oc\u00e9anos y se volvi\u00f3 s\u00edmbolo global<\/strong><\/p>\n<p>&nbsp;<\/p>\n<p>Aunque la aparici\u00f3n ocurri\u00f3 en 1531, fue hasta mediados del siglo XVII cuando su culto tom\u00f3 fuerza y trascendi\u00f3 fronteras. Investigadores como Paula Mues Orts, co curadora de la exposici\u00f3n Tan cerca, tan lejos del Museo del Prado, destacan que la Virgen de Guadalupe se convirti\u00f3 en la primera aparici\u00f3n mariana de alcance global, difundida masivamente gracias a copias enviadas desde la Nueva Espa\u00f1a a la pen\u00ednsula ib\u00e9rica, Filipinas y otros puntos del imperio espa\u00f1ol.<\/p>\n<p>M\u00e1s de un millar de representaciones se conservan hoy en Espa\u00f1a. Una de las m\u00e1s antiguas, realizada por Jos\u00e9 Ju\u00e1rez en 1656, fue copiada directamente de la tilma original cuando se descorrieron los velos que la proteg\u00edan. Lleg\u00f3 a \u00c1greda como un regalo de la camarera de la virreina a un convento, donde permaneci\u00f3 siglos.<\/p>\n<p>Pese al control del Arzobispado sobre la reproducci\u00f3n de la imagen, tambi\u00e9n existieron copistas ind\u00edgenas elegidos mediante ceremonias propias, como Luis de Tejeda y m\u00e1s tarde, a finales del siglo XVII, el pintor mulato Juan Correa realiz\u00f3 el primer calco directo colocando tiras de papel engrasado sobre la tilma para copiar sus contornos. Este proceso facilit\u00f3 crear facs\u00edmiles que reforzaron la expansi\u00f3n del culto.<\/p>\n<p>El gale\u00f3n de Manila, que conectaba M\u00e9xico con Asia, ayud\u00f3 a consolidar la presencia guadalupana en puertos como Sevilla y C\u00e1diz, y en regiones del norte de Espa\u00f1a. Para entonces, la Virgen de Guadalupe ya era un emblema identitario de los novohispanos y en el siglo XIX se transform\u00f3 en estandarte de los insurgentes.<\/p>\n<p>Intacta<\/p>\n<p>La tela sobre la que se imprimi\u00f3 la imagen (hecha de fibras de cactus) deber\u00eda haberse deteriorado en menos de veinte a\u00f1os. Sin embargo, ha sobrevivido casi cinco siglos con una luminosidad que desconcierta a los expertos.<\/p>\n<p>&nbsp;<\/p>\n<p><strong>Devoci\u00f3n<\/strong><\/p>\n<p>&nbsp;<\/p>\n<p>El 12 de diciembre congrega cada a\u00f1o a millones de peregrinos en la Bas\u00edlica de Guadalupe, considerada uno de los centros marianos m\u00e1s visitados del mundo.<\/p>\n<p>La fecha marca tanto la \u00faltima aparici\u00f3n a Juan Diego como el reconocimiento oficial de su mensaje. Para fieles y estudiosos, la Virgen de Guadalupe es un puente cultural y espiritual que ha acompa\u00f1ado procesos hist\u00f3ricos, identitarios y sociales de M\u00e9xico durante casi quinientos a\u00f1os.<\/p>\n<p>Su historia, entre fe, arte e investigaci\u00f3n cient\u00edfica, contin\u00faa generando nuevas lecturas. Y su imagen, que cruz\u00f3 mares y desafi\u00f3 el desgaste del tiempo, permanece como uno de los s\u00edmbolos m\u00e1s poderosos de la tradici\u00f3n mexicana.<\/p>\n<p>&nbsp;<\/p>\n<p>&nbsp;<\/p>\n","protected":false},"excerpt":{"rendered":"<p>Arranca operativo\u00a0\u00a0 Se desplegaron m\u00e1s de\u00a06 mil polic\u00edas, apoyados con veh\u00edculos y drones, para garantizar su seguridad Como cada a\u00f1o, la alcald\u00eda Gustavo A. Madero puso en marcha el Operativo Bas\u00edlica 2025, que se mantendr\u00e1 hasta el domingo 14 de diciembre para garantizar seguridad, atenci\u00f3n y movilidad de millones de fieles que visitan la bas\u00edlica [&hellip;]<\/p>\n","protected":false},"author":14,"featured_media":697727,"comment_status":"open","ping_status":"open","sticky":false,"template":"","format":"standard","meta":{"_monsterinsights_skip_tracking":false,"_monsterinsights_sitenote_active":false,"_monsterinsights_sitenote_note":"","_monsterinsights_sitenote_category":0,"footnotes":""},"categories":[16,6],"tags":[],"class_list":["post-697726","post","type-post","status-publish","format-standard","has-post-thumbnail","hentry","category-destacadas","category-cd-de-mexico"],"_links":{"self":[{"href":"https:\/\/www.diarioimagen.net\/index.php?rest_route=\/wp\/v2\/posts\/697726","targetHints":{"allow":["GET"]}}],"collection":[{"href":"https:\/\/www.diarioimagen.net\/index.php?rest_route=\/wp\/v2\/posts"}],"about":[{"href":"https:\/\/www.diarioimagen.net\/index.php?rest_route=\/wp\/v2\/types\/post"}],"author":[{"embeddable":true,"href":"https:\/\/www.diarioimagen.net\/index.php?rest_route=\/wp\/v2\/users\/14"}],"replies":[{"embeddable":true,"href":"https:\/\/www.diarioimagen.net\/index.php?rest_route=%2Fwp%2Fv2%2Fcomments&post=697726"}],"version-history":[{"count":1,"href":"https:\/\/www.diarioimagen.net\/index.php?rest_route=\/wp\/v2\/posts\/697726\/revisions"}],"predecessor-version":[{"id":697728,"href":"https:\/\/www.diarioimagen.net\/index.php?rest_route=\/wp\/v2\/posts\/697726\/revisions\/697728"}],"wp:featuredmedia":[{"embeddable":true,"href":"https:\/\/www.diarioimagen.net\/index.php?rest_route=\/wp\/v2\/media\/697727"}],"wp:attachment":[{"href":"https:\/\/www.diarioimagen.net\/index.php?rest_route=%2Fwp%2Fv2%2Fmedia&parent=697726"}],"wp:term":[{"taxonomy":"category","embeddable":true,"href":"https:\/\/www.diarioimagen.net\/index.php?rest_route=%2Fwp%2Fv2%2Fcategories&post=697726"},{"taxonomy":"post_tag","embeddable":true,"href":"https:\/\/www.diarioimagen.net\/index.php?rest_route=%2Fwp%2Fv2%2Ftags&post=697726"}],"curies":[{"name":"wp","href":"https:\/\/api.w.org\/{rel}","templated":true}]}}