{"id":697793,"date":"2025-12-08T22:12:42","date_gmt":"2025-12-09T04:12:42","guid":{"rendered":"https:\/\/www.diarioimagen.net\/?p=697793"},"modified":"2025-12-08T22:12:42","modified_gmt":"2025-12-09T04:12:42","slug":"la-facultad-de-ciencias-exhibe-21-obras-de-papiroflexia-que-unen-arte-y-matematicas","status":"publish","type":"post","link":"https:\/\/www.diarioimagen.net\/?p=697793","title":{"rendered":"La Facultad de Ciencias exhibe 21 obras de papiroflexia que unen arte y matem\u00e1ticas"},"content":{"rendered":"<div id=\"attachment_697794\" style=\"width: 429px\" class=\"wp-caption alignnone\"><img loading=\"lazy\" decoding=\"async\" aria-describedby=\"caption-attachment-697794\" class=\"wp-image-697794 size-large\" src=\"https:\/\/www.diarioimagen.net\/wp-content\/uploads\/2025\/12\/Captura-de-Pantalla-2025-12-08-a-las-22.08.44-419x270.png\" alt=\"\" width=\"419\" height=\"270\" srcset=\"https:\/\/www.diarioimagen.net\/wp-content\/uploads\/2025\/12\/Captura-de-Pantalla-2025-12-08-a-las-22.08.44-419x270.png 419w, https:\/\/www.diarioimagen.net\/wp-content\/uploads\/2025\/12\/Captura-de-Pantalla-2025-12-08-a-las-22.08.44-240x155.png 240w, https:\/\/www.diarioimagen.net\/wp-content\/uploads\/2025\/12\/Captura-de-Pantalla-2025-12-08-a-las-22.08.44-768x495.png 768w, https:\/\/www.diarioimagen.net\/wp-content\/uploads\/2025\/12\/Captura-de-Pantalla-2025-12-08-a-las-22.08.44-1536x990.png 1536w, https:\/\/www.diarioimagen.net\/wp-content\/uploads\/2025\/12\/Captura-de-Pantalla-2025-12-08-a-las-22.08.44-2048x1320.png 2048w\" sizes=\"auto, (max-width: 419px) 100vw, 419px\" \/><p id=\"caption-attachment-697794\" class=\"wp-caption-text\">La acad\u00e9mica Mar\u00eda del Roc\u00edo Rojas Monroy imparte, en la Facultad de Ciencias de la Universidad Aut\u00f3noma del Estado de M\u00e9xico (UAEM\u00e9x), el Taller de Gr\u00e1ficas, Poliedros y Papiroflexia.<\/p><\/div>\n<p><strong>\u00a0<\/strong><\/p>\n<p>Toluca, M\u00e9x. El arte de doblar papel es mucho m\u00e1s que una actividad recreativa: es una herramienta formativa que integra matem\u00e1ticas, l\u00f3gica, creatividad y perseverancia. Con esta premisa, desde hace 24 a\u00f1os, la acad\u00e9mica Mar\u00eda del Roc\u00edo Rojas Monroy imparte, en la Facultad de Ciencias de la Universidad Aut\u00f3noma del Estado de M\u00e9xico (UAEM\u00e9x), el Taller de Gr\u00e1ficas, Poliedros y Papiroflexia.<\/p>\n<p>La matem\u00e1tica explic\u00f3 que su inter\u00e9s por esta disciplina surgi\u00f3 a partir de un ejercicio en el que descubri\u00f3 la relaci\u00f3n entre los m\u00f3dulos de papel y la Teor\u00eda de Gr\u00e1ficas, \u00e1rea en la que se especializa. Desde entonces, unir las matem\u00e1ticas con el arte se convirti\u00f3 en una pasi\u00f3n que la ha llevado a construir figuras inspiradas en poliedros regulares, coloraciones y estructuras geom\u00e9tricas complejas.<\/p>\n<p>\u201cLa papiroflexia desarrolla habilidades que suelen subestimarse, como la motricidad fina, la paciencia, la precisi\u00f3n y la concentraci\u00f3n. La clave est\u00e1 en disfrutar la actividad y practicar constantemente. El aprendizaje llega al repetir pasos, identificar errores y perfeccionar la t\u00e9cnica\u201d, destac\u00f3.<\/p>\n<p>El taller se distingue por el cuidado en la colorimetr\u00eda de las piezas y por la participaci\u00f3n de profesores y estudiantes de matem\u00e1ticas, f\u00edsica, ingenier\u00eda y qu\u00edmica, quienes realizan servicio social o pr\u00e1cticas profesionales. Gracias a su formaci\u00f3n, suelen comprender con facilidad la l\u00f3gica detr\u00e1s de esta actividad. No obstante, la papiroflexia tambi\u00e9n ha cautivado al p\u00fablico infantil en eventos como la Noche de las Estrellas, del Gobierno del Estado de M\u00e9xico, o en festivales matem\u00e1ticos, donde se convierte en un espacio de curiosidad, descubrimiento y convivencia.<\/p>\n<p>&nbsp;<\/p>\n<p>&nbsp;<\/p>\n","protected":false},"excerpt":{"rendered":"<p>\u00a0 Toluca, M\u00e9x. El arte de doblar papel es mucho m\u00e1s que una actividad recreativa: es una herramienta formativa que integra matem\u00e1ticas, l\u00f3gica, creatividad y perseverancia. Con esta premisa, desde hace 24 a\u00f1os, la acad\u00e9mica Mar\u00eda del Roc\u00edo Rojas Monroy imparte, en la Facultad de Ciencias de la Universidad Aut\u00f3noma del Estado de M\u00e9xico (UAEM\u00e9x), [&hellip;]<\/p>\n","protected":false},"author":14,"featured_media":697794,"comment_status":"open","ping_status":"open","sticky":false,"template":"","format":"standard","meta":{"_monsterinsights_skip_tracking":false,"_monsterinsights_sitenote_active":false,"_monsterinsights_sitenote_note":"","_monsterinsights_sitenote_category":0,"footnotes":""},"categories":[16,5],"tags":[],"class_list":["post-697793","post","type-post","status-publish","format-standard","has-post-thumbnail","hentry","category-destacadas","category-estado-de-mexico"],"_links":{"self":[{"href":"https:\/\/www.diarioimagen.net\/index.php?rest_route=\/wp\/v2\/posts\/697793","targetHints":{"allow":["GET"]}}],"collection":[{"href":"https:\/\/www.diarioimagen.net\/index.php?rest_route=\/wp\/v2\/posts"}],"about":[{"href":"https:\/\/www.diarioimagen.net\/index.php?rest_route=\/wp\/v2\/types\/post"}],"author":[{"embeddable":true,"href":"https:\/\/www.diarioimagen.net\/index.php?rest_route=\/wp\/v2\/users\/14"}],"replies":[{"embeddable":true,"href":"https:\/\/www.diarioimagen.net\/index.php?rest_route=%2Fwp%2Fv2%2Fcomments&post=697793"}],"version-history":[{"count":1,"href":"https:\/\/www.diarioimagen.net\/index.php?rest_route=\/wp\/v2\/posts\/697793\/revisions"}],"predecessor-version":[{"id":697795,"href":"https:\/\/www.diarioimagen.net\/index.php?rest_route=\/wp\/v2\/posts\/697793\/revisions\/697795"}],"wp:featuredmedia":[{"embeddable":true,"href":"https:\/\/www.diarioimagen.net\/index.php?rest_route=\/wp\/v2\/media\/697794"}],"wp:attachment":[{"href":"https:\/\/www.diarioimagen.net\/index.php?rest_route=%2Fwp%2Fv2%2Fmedia&parent=697793"}],"wp:term":[{"taxonomy":"category","embeddable":true,"href":"https:\/\/www.diarioimagen.net\/index.php?rest_route=%2Fwp%2Fv2%2Fcategories&post=697793"},{"taxonomy":"post_tag","embeddable":true,"href":"https:\/\/www.diarioimagen.net\/index.php?rest_route=%2Fwp%2Fv2%2Ftags&post=697793"}],"curies":[{"name":"wp","href":"https:\/\/api.w.org\/{rel}","templated":true}]}}