{"id":697897,"date":"2025-12-09T20:09:55","date_gmt":"2025-12-10T02:09:55","guid":{"rendered":"https:\/\/www.diarioimagen.net\/?p=697897"},"modified":"2025-12-09T20:09:55","modified_gmt":"2025-12-10T02:09:55","slug":"en-elecciones-de-2027-el-pueblo-le-dara-la-espalda-a-morena-anuar-azar","status":"publish","type":"post","link":"https:\/\/www.diarioimagen.net\/?p=697897","title":{"rendered":"En elecciones de 2027, el pueblo le  dar\u00e1 la espalda a Morena: Anuar Azar"},"content":{"rendered":"<ul>\n<li><strong>Ciudadanos est\u00e1n cansados de mentiras\u201d<\/strong><\/li>\n<\/ul>\n<div id=\"attachment_697898\" style=\"width: 280px\" class=\"wp-caption alignnone\"><img loading=\"lazy\" decoding=\"async\" aria-describedby=\"caption-attachment-697898\" class=\"wp-image-697898 size-large\" src=\"https:\/\/www.diarioimagen.net\/wp-content\/uploads\/2025\/12\/BAENA-1-ok-5-270x270.jpg\" alt=\"\" width=\"270\" height=\"270\" srcset=\"https:\/\/www.diarioimagen.net\/wp-content\/uploads\/2025\/12\/BAENA-1-ok-5-270x270.jpg 270w, https:\/\/www.diarioimagen.net\/wp-content\/uploads\/2025\/12\/BAENA-1-ok-5-240x240.jpg 240w, https:\/\/www.diarioimagen.net\/wp-content\/uploads\/2025\/12\/BAENA-1-ok-5-150x150.jpg 150w, https:\/\/www.diarioimagen.net\/wp-content\/uploads\/2025\/12\/BAENA-1-ok-5-768x768.jpg 768w, https:\/\/www.diarioimagen.net\/wp-content\/uploads\/2025\/12\/BAENA-1-ok-5-50x50.jpg 50w, https:\/\/www.diarioimagen.net\/wp-content\/uploads\/2025\/12\/BAENA-1-ok-5-75x75.jpg 75w, https:\/\/www.diarioimagen.net\/wp-content\/uploads\/2025\/12\/BAENA-1-ok-5-70x70.jpg 70w, https:\/\/www.diarioimagen.net\/wp-content\/uploads\/2025\/12\/BAENA-1-ok-5.jpg 1500w\" sizes=\"auto, (max-width: 270px) 100vw, 270px\" \/><p id=\"caption-attachment-697898\" class=\"wp-caption-text\">El l\u00edder del PAN en Edomex, Anuar Azar, se\u00f1al\u00f3 que el pueblo cobrar\u00e1 la factura a Morena en las pr\u00f3ximas elecciones, pues no le ha cumplido.<\/p><\/div>\n<p>&nbsp;<\/p>\n<p>&nbsp;<\/p>\n<p>Atizap\u00e1n de Zaragoza, M\u00e9x.- La sociedad en general est\u00e1 cansada de mentiras y enga\u00f1os de Morena, partido que\u00a0 enfrenta un desgaste pol\u00edtico. Las\u00a0 consecuencias por sus acciones y esc\u00e1ndalos se ver\u00e1n reflejado en los procesos electorales de 2027.<\/p>\n<p>&nbsp;<\/p>\n<p>Se\u00f1al\u00f3 lo anterior el legislador Anuar Azar Figueroa, presidente del PAN en el Estado de M\u00e9xico, entrevistado al t\u00e9rmino del primer informe del alcalde Pedro Rodr\u00edguez, luego de insistir que \u201cAcci\u00f3n Nacional, recuperar\u00e1 varios municipios\u00bb. El pueblo cobrar\u00e1 la factura a Morena, partido que no le ha cumplido a las y los mexiquenses\u201d.<\/p>\n<p>&nbsp;<\/p>\n<p>El pol\u00edtico panista mexiquense destac\u00f3 que la ciudadan\u00eda est\u00e1 molesta por no contar con seguridad, agua, servicios p\u00fablicos eficientes. \u201cHay una preocupaci\u00f3n genuina de la ciudadan\u00eda por saber qu\u00e9 est\u00e1 sucediendo por tanta violencia en el pa\u00eds\u201d, reiter\u00f3.<\/p>\n<p>&nbsp;<\/p>\n<p>\u201cLos gobiernos emanados de Morena le han fallado a la sociedad con promesas falsas. El pueblo ya est\u00e1 m\u00e1s que cansado de mentiras y enga\u00f1os. En los pr\u00f3ximos procesos le dar\u00e1n la espalda a ese partido pol\u00edtico\u201d, puntualiz\u00f3.<\/p>\n<p>&nbsp;<\/p>\n<p>Por otra parte, Anuar Azar reiter\u00f3 su compromiso de seguir recorriendo calles y avenidas de este municipio llevando diversos\u00a0 programas m\u00e9dico asistenciales a quienes m\u00e1s lo necesitan.<\/p>\n<p>&nbsp;<\/p>\n<p>&nbsp;<\/p>\n<p>&nbsp;<\/p>\n","protected":false},"excerpt":{"rendered":"<p>Ciudadanos est\u00e1n cansados de mentiras\u201d &nbsp; &nbsp; Atizap\u00e1n de Zaragoza, M\u00e9x.- La sociedad en general est\u00e1 cansada de mentiras y enga\u00f1os de Morena, partido que\u00a0 enfrenta un desgaste pol\u00edtico. Las\u00a0 consecuencias por sus acciones y esc\u00e1ndalos se ver\u00e1n reflejado en los procesos electorales de 2027. &nbsp; Se\u00f1al\u00f3 lo anterior el legislador Anuar Azar Figueroa, presidente [&hellip;]<\/p>\n","protected":false},"author":14,"featured_media":697898,"comment_status":"open","ping_status":"open","sticky":false,"template":"","format":"standard","meta":{"_monsterinsights_skip_tracking":false,"_monsterinsights_sitenote_active":false,"_monsterinsights_sitenote_note":"","_monsterinsights_sitenote_category":0,"footnotes":""},"categories":[5],"tags":[],"class_list":["post-697897","post","type-post","status-publish","format-standard","has-post-thumbnail","hentry","category-estado-de-mexico"],"_links":{"self":[{"href":"https:\/\/www.diarioimagen.net\/index.php?rest_route=\/wp\/v2\/posts\/697897","targetHints":{"allow":["GET"]}}],"collection":[{"href":"https:\/\/www.diarioimagen.net\/index.php?rest_route=\/wp\/v2\/posts"}],"about":[{"href":"https:\/\/www.diarioimagen.net\/index.php?rest_route=\/wp\/v2\/types\/post"}],"author":[{"embeddable":true,"href":"https:\/\/www.diarioimagen.net\/index.php?rest_route=\/wp\/v2\/users\/14"}],"replies":[{"embeddable":true,"href":"https:\/\/www.diarioimagen.net\/index.php?rest_route=%2Fwp%2Fv2%2Fcomments&post=697897"}],"version-history":[{"count":1,"href":"https:\/\/www.diarioimagen.net\/index.php?rest_route=\/wp\/v2\/posts\/697897\/revisions"}],"predecessor-version":[{"id":697899,"href":"https:\/\/www.diarioimagen.net\/index.php?rest_route=\/wp\/v2\/posts\/697897\/revisions\/697899"}],"wp:featuredmedia":[{"embeddable":true,"href":"https:\/\/www.diarioimagen.net\/index.php?rest_route=\/wp\/v2\/media\/697898"}],"wp:attachment":[{"href":"https:\/\/www.diarioimagen.net\/index.php?rest_route=%2Fwp%2Fv2%2Fmedia&parent=697897"}],"wp:term":[{"taxonomy":"category","embeddable":true,"href":"https:\/\/www.diarioimagen.net\/index.php?rest_route=%2Fwp%2Fv2%2Fcategories&post=697897"},{"taxonomy":"post_tag","embeddable":true,"href":"https:\/\/www.diarioimagen.net\/index.php?rest_route=%2Fwp%2Fv2%2Ftags&post=697897"}],"curies":[{"name":"wp","href":"https:\/\/api.w.org\/{rel}","templated":true}]}}