{"id":697920,"date":"2025-12-09T20:46:44","date_gmt":"2025-12-10T02:46:44","guid":{"rendered":"https:\/\/www.diarioimagen.net\/?p=697920"},"modified":"2025-12-09T20:46:44","modified_gmt":"2025-12-10T02:46:44","slug":"luis-angel-el-flaco-y-sus-amigos-subiran-al-escenario-de-la-arena-cdmx","status":"publish","type":"post","link":"https:\/\/www.diarioimagen.net\/?p=697920","title":{"rendered":"Luis \u00c1ngel \u201cEl Flaco\u201d y sus Amigos subir\u00e1n al escenario de la Arena CDMX"},"content":{"rendered":"<div id=\"attachment_697921\" style=\"width: 370px\" class=\"wp-caption alignnone\"><img loading=\"lazy\" decoding=\"async\" aria-describedby=\"caption-attachment-697921\" class=\"wp-image-697921 size-large\" src=\"https:\/\/www.diarioimagen.net\/wp-content\/uploads\/2025\/12\/LUIS-ANGEL-360x270.jpeg\" alt=\"\" width=\"360\" height=\"270\" srcset=\"https:\/\/www.diarioimagen.net\/wp-content\/uploads\/2025\/12\/LUIS-ANGEL-360x270.jpeg 360w, https:\/\/www.diarioimagen.net\/wp-content\/uploads\/2025\/12\/LUIS-ANGEL-240x180.jpeg 240w, https:\/\/www.diarioimagen.net\/wp-content\/uploads\/2025\/12\/LUIS-ANGEL-768x576.jpeg 768w, https:\/\/www.diarioimagen.net\/wp-content\/uploads\/2025\/12\/LUIS-ANGEL.jpeg 1260w\" sizes=\"auto, (max-width: 360px) 100vw, 360px\" \/><p id=\"caption-attachment-697921\" class=\"wp-caption-text\">Luis \u00c1ngel \u201cEl Flaco\u201d y sus Amigos subir\u00e1n al escenario de la Arena CDMX<\/p><\/div>\n<p><em>Por: Asael Grande<\/em><\/p>\n<p>El inicio de a\u00f1o 2026 marcar\u00e1 en el calendario de Luis \u00c1ngel \u201cEl Flaco\u201d una noche llena de emociones, m\u00fasica de calidad y una celebraci\u00f3n del talento mexicano en su m\u00e1xima expresi\u00f3n, pues no solo ofrecer\u00e1, el pr\u00f3ximo 17 de enero, un espect\u00e1culo de alto nivel, sino tambi\u00e9n un mensaje de uni\u00f3n entre artistas y de gratitud hacia su p\u00fablico, ese que lo ha acompa\u00f1ado en cada paso y que ahora tendr\u00e1 la oportunidad de vivir junto a \u00e9l una noche hist\u00f3rica en la Arena CDMX.<\/p>\n<p>La Arena Ciudad de M\u00e9xico ser\u00e1 testigo de uno de los eventos m\u00e1s esperados del a\u00f1o dentro del regional mexicano: El Flaco y sus Amigos en la Arena CDMX, un concierto estelar encabezado por Luis \u00c1ngel \u201cEl Flaco\u201d, quien reunir\u00e1 a grandes figuras de la m\u00fasica para ofrecer una noche inolvidable repleta de banda, nostalgia, fiesta y talento.<\/p>\n<p>En conferencia de prensa, Luis \u00c1ngel \u201cEl Flaco\u201d Franco Rivera, originario de Mazatl\u00e1n, Sinaloa, que se lanz\u00f3 como solista en 2020, y quien fuese miembro de la banda Los Recoditos durante 16 a\u00f1os antes de iniciar su carrera en solitario, coment\u00f3: \u201c<em>espero que el 17 de enero mi concierto sea un \u00e9xito, con mis amigos en la Arena Ciudad de M\u00e9xico, es un concepto en el que invito dos, tres, cuatro artistas, es un poco dependiendo de lograrlo porque, la mayor\u00eda tiene trabajo o andan de giras, entonces estamos buscando los artistas que creemos que el \u00e1rea en donde nos vamos a presentar pueda causar revuelo a la hora de que se suban\u00a0 cantar una canci\u00f3n, y es como un plus el invitar a ciertos artistas, poco a poco los iremos confirmando, cuando se suben los artistas a un escenario puede pasar cualquier cosa, y la gente no lo quiere dejar bajar del escenario, al final se trata de unir fuerzas y hacer un espect\u00e1culo mejor para que la gente lo disfrute<\/em>\u201d.<\/p>\n<p>Luis \u00c1ngel \u201cEl Flaco\u201d, una de las voces m\u00e1s queridas y representativas del g\u00e9nero banda, regresa a la capital del pa\u00eds con un show que promete superar todas las expectativas. Despu\u00e9s de consolidarse como solista tras su salida de Los Recoditos y de cosechar \u00e9xitos como Y si se quiere ir, Reflexi\u00f3n, Hasta la miel amarga y Mi \u00faltimo deseo, el cantante ha demostrado que su carrera sigue en ascenso y que su conexi\u00f3n con el p\u00fablico permanece tan fuerte como siempre.<\/p>\n<p>Recientemente, Luis \u00c1ngel \u201cEl Flaco\u201d uni\u00f3 su voz con la leyenda Vicente Fern\u00e1ndez en una versi\u00f3n especial de \u2018Cuando Quer\u00eda Ser Grande\u2019: \u201c<em>es un reto muy grande, es un disco en donde vienen muchos artistas, \u00e9sta canci\u00f3n no estaba en la lista de las que se pod\u00edan grabar del disco, y yo perd\u00ed permiso para grabarla, gracias a la tecnolog\u00eda, es una canci\u00f3n que tiene mucho sentimiento, va a salir pronto<\/em>\u201d.<\/p>\n<p>Para esta ocasi\u00f3n tan especial, El Flaco ha preparado una velada \u00fanica en formato de colaboraci\u00f3n, en la que estar\u00e1 acompa\u00f1ado por varios artistas invitados de primer nivel, con quienes compartir\u00e1 el escenario para interpretar temas en conjunto, recordar viejas glorias del regional y, sobre todo, celebrar la amistad, la m\u00fasica y la vida: \u201c<em>recientemente fui a Colombia, y eso me motiv\u00f3 a hacer un EP con m\u00fasica colombiana, sin dejar la m\u00fasica mexicana, vamos a combinar un poco la m\u00fasica colombiana con el mariachi, la banda, el norte\u00f1o, pero hacer un disco muy especial para la gente de Sudam\u00e9rica, estoy muy emocionado; mi sue\u00f1o m\u00e1s grande es que mi madre me vaya a ver alg\u00fan d\u00eda a un show en Espa\u00f1a<\/em>\u201d.<\/p>\n<p>\u201cEl Flaco y sus Amigos en la Arena CDMX\u201d no ser\u00e1 un concierto cualquiera: se trata de una fiesta musical de gran producci\u00f3n, que incluir\u00e1 banda en vivo, duetos emotivos, nuevas versiones de cl\u00e1sicos del regional mexicano y muchas sorpresas.<\/p>\n<p>&nbsp;<\/p>\n<p><em>\u00a0<\/em><\/p>\n","protected":false},"excerpt":{"rendered":"<p>Por: Asael Grande El inicio de a\u00f1o 2026 marcar\u00e1 en el calendario de Luis \u00c1ngel \u201cEl Flaco\u201d una noche llena de emociones, m\u00fasica de calidad y una celebraci\u00f3n del talento mexicano en su m\u00e1xima expresi\u00f3n, pues no solo ofrecer\u00e1, el pr\u00f3ximo 17 de enero, un espect\u00e1culo de alto nivel, sino tambi\u00e9n un mensaje de uni\u00f3n [&hellip;]<\/p>\n","protected":false},"author":14,"featured_media":697921,"comment_status":"open","ping_status":"open","sticky":false,"template":"","format":"standard","meta":{"_monsterinsights_skip_tracking":false,"_monsterinsights_sitenote_active":false,"_monsterinsights_sitenote_note":"","_monsterinsights_sitenote_category":0,"footnotes":""},"categories":[12],"tags":[],"class_list":["post-697920","post","type-post","status-publish","format-standard","has-post-thumbnail","hentry","category-espectaculos"],"_links":{"self":[{"href":"https:\/\/www.diarioimagen.net\/index.php?rest_route=\/wp\/v2\/posts\/697920","targetHints":{"allow":["GET"]}}],"collection":[{"href":"https:\/\/www.diarioimagen.net\/index.php?rest_route=\/wp\/v2\/posts"}],"about":[{"href":"https:\/\/www.diarioimagen.net\/index.php?rest_route=\/wp\/v2\/types\/post"}],"author":[{"embeddable":true,"href":"https:\/\/www.diarioimagen.net\/index.php?rest_route=\/wp\/v2\/users\/14"}],"replies":[{"embeddable":true,"href":"https:\/\/www.diarioimagen.net\/index.php?rest_route=%2Fwp%2Fv2%2Fcomments&post=697920"}],"version-history":[{"count":1,"href":"https:\/\/www.diarioimagen.net\/index.php?rest_route=\/wp\/v2\/posts\/697920\/revisions"}],"predecessor-version":[{"id":697922,"href":"https:\/\/www.diarioimagen.net\/index.php?rest_route=\/wp\/v2\/posts\/697920\/revisions\/697922"}],"wp:featuredmedia":[{"embeddable":true,"href":"https:\/\/www.diarioimagen.net\/index.php?rest_route=\/wp\/v2\/media\/697921"}],"wp:attachment":[{"href":"https:\/\/www.diarioimagen.net\/index.php?rest_route=%2Fwp%2Fv2%2Fmedia&parent=697920"}],"wp:term":[{"taxonomy":"category","embeddable":true,"href":"https:\/\/www.diarioimagen.net\/index.php?rest_route=%2Fwp%2Fv2%2Fcategories&post=697920"},{"taxonomy":"post_tag","embeddable":true,"href":"https:\/\/www.diarioimagen.net\/index.php?rest_route=%2Fwp%2Fv2%2Ftags&post=697920"}],"curies":[{"name":"wp","href":"https:\/\/api.w.org\/{rel}","templated":true}]}}