{"id":698366,"date":"2025-12-11T20:07:04","date_gmt":"2025-12-12T02:07:04","guid":{"rendered":"https:\/\/www.diarioimagen.net\/?p=698366"},"modified":"2025-12-11T20:07:04","modified_gmt":"2025-12-12T02:07:04","slug":"se-publicaron-en-el-dof-las-reformas-legales-en-materia-hidrica-avance-hacia-la-consolidacion-del-derecho-al-agua","status":"publish","type":"post","link":"https:\/\/www.diarioimagen.net\/?p=698366","title":{"rendered":"Se publicaron en el DOF las reformas  legales en materia h\u00eddrica; avance hacia  la consolidaci\u00f3n del derecho al agua  \u00a0"},"content":{"rendered":"<p>&nbsp;<\/p>\n<p><strong>\u00a0<\/strong><\/p>\n<ul>\n<li><strong>Se establecen medidas para evitar el acaparamiento, prevenir la sobre explotaci\u00f3n de acu\u00edferos y erradicar el mercado negro del agua<\/strong><\/li>\n<\/ul>\n<div id=\"attachment_698367\" style=\"width: 470px\" class=\"wp-caption alignnone\"><img loading=\"lazy\" decoding=\"async\" aria-describedby=\"caption-attachment-698367\" class=\"wp-image-698367 size-large\" src=\"https:\/\/www.diarioimagen.net\/wp-content\/uploads\/2025\/12\/CONAGUA-OK-1-460x258.jpg\" alt=\"\" width=\"460\" height=\"258\" srcset=\"https:\/\/www.diarioimagen.net\/wp-content\/uploads\/2025\/12\/CONAGUA-OK-1-460x258.jpg 460w, https:\/\/www.diarioimagen.net\/wp-content\/uploads\/2025\/12\/CONAGUA-OK-1-240x135.jpg 240w, https:\/\/www.diarioimagen.net\/wp-content\/uploads\/2025\/12\/CONAGUA-OK-1-768x431.jpg 768w, https:\/\/www.diarioimagen.net\/wp-content\/uploads\/2025\/12\/CONAGUA-OK-1-480x270.jpg 480w, https:\/\/www.diarioimagen.net\/wp-content\/uploads\/2025\/12\/CONAGUA-OK-1-235x132.jpg 235w, https:\/\/www.diarioimagen.net\/wp-content\/uploads\/2025\/12\/CONAGUA-OK-1-202x114.jpg 202w, https:\/\/www.diarioimagen.net\/wp-content\/uploads\/2025\/12\/CONAGUA-OK-1-350x196.jpg 350w, https:\/\/www.diarioimagen.net\/wp-content\/uploads\/2025\/12\/CONAGUA-OK-1-220x123.jpg 220w, https:\/\/www.diarioimagen.net\/wp-content\/uploads\/2025\/12\/CONAGUA-OK-1-237x132.jpg 237w, https:\/\/www.diarioimagen.net\/wp-content\/uploads\/2025\/12\/CONAGUA-OK-1.jpg 1500w\" sizes=\"auto, (max-width: 460px) 100vw, 460px\" \/><p id=\"caption-attachment-698367\" class=\"wp-caption-text\">Se public\u00f3 el Decreto que expide la Ley General de Aguas y reforma disposiciones de la Ley de Aguas Nacionales, impulsado por la Presidenta Claudia Sheinbaum Pardo.<\/p><\/div>\n<p>&nbsp;<\/p>\n<p>Ayer, el Diario Oficial de la Federaci\u00f3n (DOF) public\u00f3 el Decreto que expide la Ley General de Aguas y reforma disposiciones de la Ley de Aguas Nacionales, impulsado por la Presidenta Claudia Sheinbaum Pardo. Con esta legislaci\u00f3n, el agua deja de considerarse una mercanc\u00eda y se avanza hacia la consolidaci\u00f3n del derecho humano al agua.<\/p>\n<p>&nbsp;<\/p>\n<p>La nueva ley responde a desaf\u00edos hist\u00f3ricos en la administraci\u00f3n del agua, estableciendo medidas para evitar el acaparamiento, prevenir la sobreexplotaci\u00f3n de los acu\u00edferos y erradicar el mercado negro de este recurso.<\/p>\n<p>&nbsp;<\/p>\n<p>Sobre el r\u00e9gimen de concesiones, la Comisi\u00f3n Nacional del Agua (Conagua) precisa que las reformas no afectan derechos adquiridos ni dificultan la actividad productiva. Su objetivo es evitar pr\u00e1cticas de acaparamiento, mejorar la transparencia y dar certeza jur\u00eddica a todos los usuarios.<\/p>\n<p>&nbsp;<\/p>\n<p>Aunque se fortalecen facultades federales, la ley mantiene esquemas de coordinaci\u00f3n con estados y municipios, por lo que la gesti\u00f3n del agua seguir\u00e1 siendo un esfuerzo conjunto.<\/p>\n<p>&nbsp;<\/p>\n<p>La Conagua refrenda su compromiso de mantener una comunicaci\u00f3n abierta con usuarios, autoridades locales y organizaciones sociales, por lo que se continuar\u00e1 informando sobre la implementaci\u00f3n de la nueva LGA y se acompa\u00f1ar\u00e1 a los sectores productivos en la adaptaci\u00f3n a las nuevas disposiciones, en la b\u00fasqueda de un uso del agua m\u00e1s sustentable, en beneficio de todo el pueblo de M\u00e9xico.<\/p>\n<p><strong>\u00a0<\/strong><\/p>\n<p>&nbsp;<\/p>\n<p>&nbsp;<\/p>\n<p>&nbsp;<\/p>\n","protected":false},"excerpt":{"rendered":"<p>&nbsp; \u00a0 Se establecen medidas para evitar el acaparamiento, prevenir la sobre explotaci\u00f3n de acu\u00edferos y erradicar el mercado negro del agua &nbsp; Ayer, el Diario Oficial de la Federaci\u00f3n (DOF) public\u00f3 el Decreto que expide la Ley General de Aguas y reforma disposiciones de la Ley de Aguas Nacionales, impulsado por la Presidenta Claudia [&hellip;]<\/p>\n","protected":false},"author":14,"featured_media":698367,"comment_status":"open","ping_status":"open","sticky":false,"template":"","format":"standard","meta":{"_monsterinsights_skip_tracking":false,"_monsterinsights_sitenote_active":false,"_monsterinsights_sitenote_note":"","_monsterinsights_sitenote_category":0,"footnotes":""},"categories":[3],"tags":[],"class_list":["post-698366","post","type-post","status-publish","format-standard","has-post-thumbnail","hentry","category-nacional"],"_links":{"self":[{"href":"https:\/\/www.diarioimagen.net\/index.php?rest_route=\/wp\/v2\/posts\/698366","targetHints":{"allow":["GET"]}}],"collection":[{"href":"https:\/\/www.diarioimagen.net\/index.php?rest_route=\/wp\/v2\/posts"}],"about":[{"href":"https:\/\/www.diarioimagen.net\/index.php?rest_route=\/wp\/v2\/types\/post"}],"author":[{"embeddable":true,"href":"https:\/\/www.diarioimagen.net\/index.php?rest_route=\/wp\/v2\/users\/14"}],"replies":[{"embeddable":true,"href":"https:\/\/www.diarioimagen.net\/index.php?rest_route=%2Fwp%2Fv2%2Fcomments&post=698366"}],"version-history":[{"count":1,"href":"https:\/\/www.diarioimagen.net\/index.php?rest_route=\/wp\/v2\/posts\/698366\/revisions"}],"predecessor-version":[{"id":698368,"href":"https:\/\/www.diarioimagen.net\/index.php?rest_route=\/wp\/v2\/posts\/698366\/revisions\/698368"}],"wp:featuredmedia":[{"embeddable":true,"href":"https:\/\/www.diarioimagen.net\/index.php?rest_route=\/wp\/v2\/media\/698367"}],"wp:attachment":[{"href":"https:\/\/www.diarioimagen.net\/index.php?rest_route=%2Fwp%2Fv2%2Fmedia&parent=698366"}],"wp:term":[{"taxonomy":"category","embeddable":true,"href":"https:\/\/www.diarioimagen.net\/index.php?rest_route=%2Fwp%2Fv2%2Fcategories&post=698366"},{"taxonomy":"post_tag","embeddable":true,"href":"https:\/\/www.diarioimagen.net\/index.php?rest_route=%2Fwp%2Fv2%2Ftags&post=698366"}],"curies":[{"name":"wp","href":"https:\/\/api.w.org\/{rel}","templated":true}]}}