{"id":698622,"date":"2025-12-14T23:36:35","date_gmt":"2025-12-15T05:36:35","guid":{"rendered":"https:\/\/www.diarioimagen.net\/?p=698622"},"modified":"2025-12-14T23:36:35","modified_gmt":"2025-12-15T05:36:35","slug":"sheinbaum-pardo-conversa-via-telefonica-con-el-papa-leon-xiv-para-invitarlo-a-mexico","status":"publish","type":"post","link":"https:\/\/www.diarioimagen.net\/?p=698622","title":{"rendered":"Sheinbaum Pardo conversa  v\u00eda telef\u00f3nica con el papa Le\u00f3n  XIV para invitarlo a M\u00e9xico"},"content":{"rendered":"<ul>\n<li><strong>Envi\u00f3 saludos y bendiciones<\/strong><\/li>\n<li><strong>\u201cM\u00e1s all\u00e1 de la religi\u00f3n que profese cada quien, la Virgen de Guadalupe es s\u00edmbolo de identidad y paz\u201d, se\u00f1ala <\/strong><\/li>\n<\/ul>\n<p><img loading=\"lazy\" decoding=\"async\" class=\"alignnone wp-image-698624 size-large\" src=\"https:\/\/www.diarioimagen.net\/wp-content\/uploads\/2025\/12\/MANANERA-ok-9-460x270.jpg\" alt=\"\" width=\"460\" height=\"270\" srcset=\"https:\/\/www.diarioimagen.net\/wp-content\/uploads\/2025\/12\/MANANERA-ok-9-460x270.jpg 460w, https:\/\/www.diarioimagen.net\/wp-content\/uploads\/2025\/12\/MANANERA-ok-9-240x140.jpg 240w, https:\/\/www.diarioimagen.net\/wp-content\/uploads\/2025\/12\/MANANERA-ok-9-768x449.jpg 768w, https:\/\/www.diarioimagen.net\/wp-content\/uploads\/2025\/12\/MANANERA-ok-9.jpg 1500w\" sizes=\"auto, (max-width: 460px) 100vw, 460px\" \/><\/p>\n<p>La Presidenta de M\u00e9xico, Claudia Sheinbaum Pardo, sostuvo una llamada telef\u00f3nica con el papa Le\u00f3n XIV en la que reiter\u00f3 su invitaci\u00f3n al sumo pont\u00edfice para que visite el pa\u00eds.<\/p>\n<p>\u201cEn esta fecha tan especial para el pueblo de M\u00e9xico, convers\u00e9 por llamada telef\u00f3nica con su santidad el papa Le\u00f3n XIV para invitarlo a visitar nuestro pa\u00eds. Env\u00eda bendiciones y saludos a todos con motivo del D\u00eda de la Virgen de Guadalupe.<\/p>\n<p>\u201cCoincidimos en que, m\u00e1s all\u00e1 de la religi\u00f3n que profese cada persona y de la laicidad del Estado, la Virgen de Guadalupe es s\u00edmbolo de identidad y paz para las y los mexicanos\u201d, comparti\u00f3 a trav\u00e9s de sus redes sociales.<\/p>\n<p>Durante la conversaci\u00f3n telef\u00f3nica, la Jefa del Ejecutivo Federal estuvo acompa\u00f1ada de la secretaria de Gobernaci\u00f3n, Rosa Icela Rodr\u00edguez Vel\u00e1zquez, y del subsecretario para Am\u00e9rica del Norte y encargado del despacho de la Secretar\u00eda de Relaciones Exteriores, Roberto Velasco \u00c1lvarez.<\/p>\n<p>En mayo pasado, en la Bas\u00edlica de San Pedro, en el Vaticano, la secretaria de Gobernaci\u00f3n, Rosa Icela Rodr\u00edguez, de propia mano entreg\u00f3 al papa Le\u00f3n XIV la invitaci\u00f3n formal de la presidenta Sheinbaum para visitar M\u00e9xico.<\/p>\n<p>Al asistir a la ceremonia del inicio de su pontificado, y durante la recepci\u00f3n de las delegaciones de los pa\u00edses, la funcionaria felicit\u00f3 a Le\u00f3n XIV.<\/p>\n<p>&nbsp;<\/p>\n<p>&nbsp;<\/p>\n<p><strong>Acuerdan respaldo nacional a la lucha contra la extorsi\u00f3n<\/strong><\/p>\n<p>&nbsp;<\/p>\n<p>&nbsp;<\/p>\n<p>En la 52 sesi\u00f3n ordinaria del Consejo Nacional de Seguridad P\u00fablica y 8\u00aa Sesi\u00f3n Ordinaria del Consejo Nacional de Protecci\u00f3n Civil, la presidenta Sheinbaum Pardo, resalt\u00f3 que el objetivo de la Ley General para Prevenir, Investigar y Sancionar la Extorsi\u00f3n y su homologaci\u00f3n en las 32 entidades federativas es reducir y erradicar coordinadamente este delito y con ello avanzar en la Estrategia Nacional de Seguridad.<\/p>\n<p>\u201cJuntos hemos reducido en 37 por ciento los homicidios dolosos y juntos hemos reducido el robo de veh\u00edculo con violencia, el robo (a casa) habitaci\u00f3n con violencia, que son delitos que afectan mucho a la ciudadan\u00eda, y creo que trabajando juntos, el pr\u00f3ximo a\u00f1o, a finales del pr\u00f3ximo a\u00f1o, cuando nos veamos en esta sesi\u00f3n ordinaria, podemos decir que juntos hemos bajado de manera importante este delito de la extorsi\u00f3n\u201c, agreg\u00f3 en la 52 sesi\u00f3n ordinaria del Consejo Nacional de Seguridad P\u00fablica y 8.\u00aa Sesi\u00f3n Ordinaria del Consejo Nacional de Protecci\u00f3n Civil.<\/p>\n<p>A\u00f1adi\u00f3 que anteriormente la extorsi\u00f3n depend\u00eda de la denuncia ciudadana, por lo que la Ley General persigue de oficio este delito y la responsabilidad ya no recae en la v\u00edctima. Adem\u00e1s, se\u00f1al\u00f3 que el registro telef\u00f3nico ayudar\u00e1 a que el tel\u00e9fono celular no sea utilizado como una v\u00eda para la extorsi\u00f3n.<\/p>\n<p>&nbsp;<\/p>\n<p><strong>Reducci\u00f3n de 37% en los homicidios dolosos<\/strong><\/p>\n<p>&nbsp;<\/p>\n<p>Por su parte, el secretario de Seguridad y Protecci\u00f3n Ciudadana, Omar Garc\u00eda Harfuch, resalt\u00f3 que en estos primeros 14 meses de gobierno se logr\u00f3 la reducci\u00f3n de 37 por ciento en los homicidios dolosos; la detenci\u00f3n de m\u00e1s de 38 mil 700 personas por delitos de alto impacto, m\u00e1s de 20 mil armas y m\u00e1s de 311 toneladas de droga asegurada, el desmantelamiento de mil 700 laboratorios de metanfetaminas. En el combate a la extorsi\u00f3n, destac\u00f3 la detenci\u00f3n de m\u00e1s de 600 personas vinculadas con este delito en 22 entidades del pa\u00eds.<\/p>\n<p>La secretaria de Gobernaci\u00f3n, Rosa Icela Rodr\u00edguez Vel\u00e1zquez, reconoci\u00f3 que, como parte de la Estrategia Nacional de Seguridad, se han articulado los esfuerzos de 53 dependencias federales y de los tres \u00f3rdenes de gobierno para trabajar en las zonas de mayor incidencia delictiva con programas de Atenci\u00f3n a las causas para prevenir violencia y adicciones, mediante Jornadas de Paz, Ferias de Paz y la instalaci\u00f3n de m\u00f3dulos de S\u00ed al Desarme, S\u00ed a la Paz, que en sus m\u00f3dulos han recibido 8 mil 700 armas de fuego.<\/p>\n<p>La fiscal general de la Rep\u00fablica, Ernestina Godoy Ramos, reconoci\u00f3 que la Estrategia Nacional de Seguridad requiere de la coordinaci\u00f3n permanente con las Fiscal\u00edas de todos los estados y anunci\u00f3 que asume el compromiso para fortalecer la coordinaci\u00f3n con el Gabinete federal, a trav\u00e9s de un plan de seis ejes: coordinaci\u00f3n, fortalecimiento de las Fiscal\u00edas estatales, nuevo modelo de investigaci\u00f3n e inteligencia, reestructuraci\u00f3n interna, modernizaci\u00f3n de la Agencia Criminal y reorientaci\u00f3n de recursos para la atenci\u00f3n de delitos de alto impacto.<\/p>\n<p>La secretaria ejecutiva del Sistema Nacional de Seguridad P\u00fablica, Marcela Figueroa Franco, inform\u00f3 que se aprobaron con 39 votos a favor en unanimidad los 11 acuerdos para fortalecer la Estrategia Nacional de Seguridad: entre ellos, el 01\/LII\/25 en el que el Consejo Nacional de Seguridad P\u00fablica instruye a las y los gobernadores a presentar ante sus Congresos locales las iniciativas de reforma legislativa para armonizar sus marcos jur\u00eddicos con la Ley General para Prevenir, Investigar y Sancionar la Extorsi\u00f3n e informar al Secretariado a m\u00e1s tardar el \u00faltimo d\u00eda h\u00e1bil de enero de 2026. En tanto que a la Fiscal\u00eda General de la Rep\u00fablica se le instruye emitir un manual de operaci\u00f3n de las fiscal\u00edas o unidades especializadas para la recepci\u00f3n de denuncias, investigaci\u00f3n y persecuci\u00f3n del delito de extorsi\u00f3n a m\u00e1s tardar el \u00faltimo d\u00eda h\u00e1bil de febrero de 2026.<\/p>\n<p>&nbsp;<\/p>\n<p><strong>Gobernadores rfeconocen resultados<\/strong><\/p>\n<p>&nbsp;<\/p>\n<p>La gobernadora y los gobernadores de Aguascalientes, Mar\u00eda Teresa Jim\u00e9nez; de Coahuila, Manolo Jim\u00e9nez Salinas; y de Nuevo Le\u00f3n, Samuel Garc\u00eda Sep\u00falveda, reconocieron los resultados de la Estrategia Nacional de Seguridad, los cuales se han visto reflejados en cada una de las entidades federativas y agradecieron el apoyo del Gabinete de Seguridad del Gobierno de M\u00e9xico; mientras que el gobernador de Michoac\u00e1n, Alfredo Ram\u00edrez Bedolla, celebr\u00f3 este acuerdo para homologar en los estados el marco normativo para combatir la extorsi\u00f3n.<\/p>\n<p>La coordinadora general de Protecci\u00f3n Civil, Laura Vel\u00e1zquez Alz\u00faa, present\u00f3 un informe de lo realizado en 2025 y destac\u00f3 las acciones realizadas para atender la emergencia por lluvias en Puebla, Veracruz, Hidalgo, Quer\u00e9taro y San Luis Potos\u00ed, as\u00ed como los dos simulacros nacionales en los que se puso a prueba en todo el pa\u00eds el sistema de alertamiento v\u00eda celular.<\/p>\n<p>&nbsp;<\/p>\n<p>&nbsp;<\/p>\n","protected":false},"excerpt":{"rendered":"<p>Envi\u00f3 saludos y bendiciones \u201cM\u00e1s all\u00e1 de la religi\u00f3n que profese cada quien, la Virgen de Guadalupe es s\u00edmbolo de identidad y paz\u201d, se\u00f1ala La Presidenta de M\u00e9xico, Claudia Sheinbaum Pardo, sostuvo una llamada telef\u00f3nica con el papa Le\u00f3n XIV en la que reiter\u00f3 su invitaci\u00f3n al sumo pont\u00edfice para que visite el pa\u00eds. \u201cEn [&hellip;]<\/p>\n","protected":false},"author":14,"featured_media":698624,"comment_status":"open","ping_status":"open","sticky":false,"template":"","format":"standard","meta":{"_monsterinsights_skip_tracking":false,"_monsterinsights_sitenote_active":false,"_monsterinsights_sitenote_note":"","_monsterinsights_sitenote_category":0,"footnotes":""},"categories":[3],"tags":[],"class_list":["post-698622","post","type-post","status-publish","format-standard","has-post-thumbnail","hentry","category-nacional"],"_links":{"self":[{"href":"https:\/\/www.diarioimagen.net\/index.php?rest_route=\/wp\/v2\/posts\/698622","targetHints":{"allow":["GET"]}}],"collection":[{"href":"https:\/\/www.diarioimagen.net\/index.php?rest_route=\/wp\/v2\/posts"}],"about":[{"href":"https:\/\/www.diarioimagen.net\/index.php?rest_route=\/wp\/v2\/types\/post"}],"author":[{"embeddable":true,"href":"https:\/\/www.diarioimagen.net\/index.php?rest_route=\/wp\/v2\/users\/14"}],"replies":[{"embeddable":true,"href":"https:\/\/www.diarioimagen.net\/index.php?rest_route=%2Fwp%2Fv2%2Fcomments&post=698622"}],"version-history":[{"count":1,"href":"https:\/\/www.diarioimagen.net\/index.php?rest_route=\/wp\/v2\/posts\/698622\/revisions"}],"predecessor-version":[{"id":698625,"href":"https:\/\/www.diarioimagen.net\/index.php?rest_route=\/wp\/v2\/posts\/698622\/revisions\/698625"}],"wp:featuredmedia":[{"embeddable":true,"href":"https:\/\/www.diarioimagen.net\/index.php?rest_route=\/wp\/v2\/media\/698624"}],"wp:attachment":[{"href":"https:\/\/www.diarioimagen.net\/index.php?rest_route=%2Fwp%2Fv2%2Fmedia&parent=698622"}],"wp:term":[{"taxonomy":"category","embeddable":true,"href":"https:\/\/www.diarioimagen.net\/index.php?rest_route=%2Fwp%2Fv2%2Fcategories&post=698622"},{"taxonomy":"post_tag","embeddable":true,"href":"https:\/\/www.diarioimagen.net\/index.php?rest_route=%2Fwp%2Fv2%2Ftags&post=698622"}],"curies":[{"name":"wp","href":"https:\/\/api.w.org\/{rel}","templated":true}]}}