{"id":698641,"date":"2025-12-14T23:49:52","date_gmt":"2025-12-15T05:49:52","guid":{"rendered":"https:\/\/www.diarioimagen.net\/?p=698641"},"modified":"2025-12-14T23:49:52","modified_gmt":"2025-12-15T05:49:52","slug":"aumentan-las-personas-en-situacion-de-calle-en-cdmx-hay-2878-en-esa-condicion","status":"publish","type":"post","link":"https:\/\/www.diarioimagen.net\/?p=698641","title":{"rendered":"Aumentan las personas en  situaci\u00f3n de calle en CDMX:  hay 2,878 en esa condici\u00f3n"},"content":{"rendered":"<ul>\n<li><strong>Persiste la indigencia<\/strong><\/li>\n<li><strong>En la alcald\u00eda Cuauht\u00e9moc se encuentran mil 11, lo que representa 35% del total<\/strong><\/li>\n<\/ul>\n<div id=\"attachment_698642\" style=\"width: 421px\" class=\"wp-caption alignnone\"><img loading=\"lazy\" decoding=\"async\" aria-describedby=\"caption-attachment-698642\" class=\"wp-image-698642 size-large\" src=\"https:\/\/www.diarioimagen.net\/wp-content\/uploads\/2025\/12\/INDIGENTES-ok-411x270.jpg\" alt=\"\" width=\"411\" height=\"270\" srcset=\"https:\/\/www.diarioimagen.net\/wp-content\/uploads\/2025\/12\/INDIGENTES-ok-411x270.jpg 411w, https:\/\/www.diarioimagen.net\/wp-content\/uploads\/2025\/12\/INDIGENTES-ok-240x158.jpg 240w, https:\/\/www.diarioimagen.net\/wp-content\/uploads\/2025\/12\/INDIGENTES-ok-768x505.jpg 768w, https:\/\/www.diarioimagen.net\/wp-content\/uploads\/2025\/12\/INDIGENTES-ok.jpg 1500w\" sizes=\"auto, (max-width: 411px) 100vw, 411px\" \/><p id=\"caption-attachment-698642\" class=\"wp-caption-text\">En la Ciudad de M\u00e9xico hay 2 mil 878 personas en situaci\u00f3n de calle, de las cuales mil 11 se encuentran en la alcald\u00eda Cuauht\u00e9moc, lo que representa 35% del total, seg\u00fan el registro m\u00e1s reciente de la Secretar\u00eda de Bienestar e Igualdad Social.<\/p><\/div>\n<p>Pese a los beneficios de los programas sociales del gobierno, en la Ciudad de M\u00e9xico hay 2 mil 878 personas en situaci\u00f3n de calle, de las cuales mil 11 se encuentran en la alcald\u00eda Cuauht\u00e9moc, lo que representa 35% del total, seg\u00fan el registro m\u00e1s reciente de la Secretar\u00eda de Bienestar e Igualdad Social.<\/p>\n<p>Le siguen Iztacalco con 479; Venustiano Carranza con 336; Gustavo A. Madero con 257, e Iztapalapa con 251. Las alcald\u00edas Benito Ju\u00e1rez y Miguel Hidalgo concentran 74 e Iztacalco tiene 53.<\/p>\n<p>Mientras que las que menos personas en esta condici\u00f3n tienen son Cuajimalpa con cuatro; Magdalena Contreras con siete y Milpa Alta con ocho.<\/p>\n<p>De este total, indica el registro de la dependencia, 83% son hombres, 13% mujeres y 4% pertenecen a la comunidad LGBTTIQ+.<\/p>\n<p>La secretaria de Bienestar e Igualdad Social, Araceli Dami\u00e1n Gonz\u00e1lez, asegur\u00f3 que se ubican, principalmente, en bajopuentes, otros hacen sus campamentos y su forma de vida var\u00eda, \u201calgunos viven solos, otros viven en comunidad, dependiendo\u201d.<\/p>\n<p>Explic\u00f3 que la mayor\u00eda son hombres y una buena parte no cuenta con documentos b\u00e1sicos como identificaci\u00f3n o acta de nacimiento, por lo que no pueden acceder a un empleo.<\/p>\n<p>\u201cNo tienen su identificaci\u00f3n, no tienen su acta de nacimiento, no tienen sus papeles, y lo que requieren es recuperar este tipo de cuestiones y reintegrarse a la vida laboral\u201d, puntualiz\u00f3 la funcionaria.<\/p>\n<p>La titular de la Sebien coment\u00f3 que a esto se le llama no tener arraigo en calle, \u201cpersonas que perdieron el empleo y se quedaron en la calle, pero quieren tener otra situaci\u00f3n\u201d.<\/p>\n<p>Refiri\u00f3 que hay personas que nacieron en situaci\u00f3n de calle y que llevan toda su vida as\u00ed.<\/p>\n<p>La funcionaria indic\u00f3 que casi no hay menores de edad, pero muchas veces se cree que viven en la calle porque sus pap\u00e1s trabajan en el sector informal y los tienen todo el tiempo ah\u00ed, \u201cpero en realidad no son ni\u00f1os que vivan ah\u00ed\u201d.<\/p>\n<p>Abund\u00f3 que hay otras personas que cuentan con alg\u00fan tipo de enfermedad y fueron abandonadas, \u201ca esas personas les damos una atenci\u00f3n especial\u201d.<\/p>\n<p>Araceli Dami\u00e1n destac\u00f3 que hay pocos migrantes en la calle, debido a que el Gobierno capitalino los est\u00e1 atendiendo y la mayor\u00eda est\u00e1 en un albergue.<\/p>\n<p>\u201cHay algunos que vienen de otras entidades federativas, que vinieron buscando mejores oportunidades y que por alguna raz\u00f3n no lo lograron y algunas de ellas inclusive quieren regresar. Entonces, estamos viendo la posibilidad de retorno a sus entidades federativas, si as\u00ed lo desean\u201d, dijo.<\/p>\n<p>&nbsp;<\/p>\n<p><strong>Nuevo modelo basado en el acercamiento<\/strong><\/p>\n<p>&nbsp;<\/p>\n<p>La secretaria de Bienestar e Igualdad Social refiri\u00f3 que para atender a las personas en situaci\u00f3n de calle se lleva a cabo un nuevo modelo basado en el acercamiento. \u201cMuy cercano con sus necesidades que estamos haciendo, muy de territorio\u201d.<\/p>\n<p>Record\u00f3 que \u201chace poquito tuvimos un caso de un ni\u00f1o que estaba reportado como desaparecido en Zacatecas y se vino por una cuesti\u00f3n de juegos de adolescentes a la Ciudad de M\u00e9xico, y estaba en situaci\u00f3n de calle y nosotros lo encontramos y a trav\u00e9s de la fiscal\u00eda hicimos el contacto con sus familiares. Ese es un caso de \u00e9xito\u201d.<\/p>\n<p>\u201cEntonces, creo que esos ejemplos muestran que estamos modificando y que est\u00e1n teniendo \u00e9xito con este nuevo modelo\u201d, coment\u00f3 la secretaria.<\/p>\n<p>Seg\u00fan el registro de la Sebien, el Centro de Valoraci\u00f3n y Canalizaci\u00f3n (CVC), que es un espacio transitorio donde se brinda alimentaci\u00f3n, vestido, atenci\u00f3n m\u00e9dica, aseo y pernocta, tiene 479 personas en situaci\u00f3n de calle.<\/p>\n<p>En un reporte de 2024 se contabilizaron apenas mil 125 personas en situaci\u00f3n de calle, de las cuales 966 eran hombres, 157 mujeres y 16 personas de la comunidad LGBTTIQ+, de acuerdo con datos obtenidos v\u00eda transparencia.<\/p>\n<p>La titular de la Sebien, Araceli Dami\u00e1n, se\u00f1al\u00f3 que no es que haya aumentado la cantidad, sino que en ese a\u00f1o la cifra se obtuvo en un d\u00eda, y en esta ocasi\u00f3n fue en cuatro y por segregaci\u00f3n de alcald\u00edas.<\/p>\n<p>&nbsp;<\/p>\n<p>&nbsp;<\/p>\n<p>&nbsp;<\/p>\n","protected":false},"excerpt":{"rendered":"<p>Persiste la indigencia En la alcald\u00eda Cuauht\u00e9moc se encuentran mil 11, lo que representa 35% del total Pese a los beneficios de los programas sociales del gobierno, en la Ciudad de M\u00e9xico hay 2 mil 878 personas en situaci\u00f3n de calle, de las cuales mil 11 se encuentran en la alcald\u00eda Cuauht\u00e9moc, lo que representa [&hellip;]<\/p>\n","protected":false},"author":14,"featured_media":698642,"comment_status":"open","ping_status":"open","sticky":false,"template":"","format":"standard","meta":{"_monsterinsights_skip_tracking":false,"_monsterinsights_sitenote_active":false,"_monsterinsights_sitenote_note":"","_monsterinsights_sitenote_category":0,"footnotes":""},"categories":[6],"tags":[],"class_list":["post-698641","post","type-post","status-publish","format-standard","has-post-thumbnail","hentry","category-cd-de-mexico"],"_links":{"self":[{"href":"https:\/\/www.diarioimagen.net\/index.php?rest_route=\/wp\/v2\/posts\/698641","targetHints":{"allow":["GET"]}}],"collection":[{"href":"https:\/\/www.diarioimagen.net\/index.php?rest_route=\/wp\/v2\/posts"}],"about":[{"href":"https:\/\/www.diarioimagen.net\/index.php?rest_route=\/wp\/v2\/types\/post"}],"author":[{"embeddable":true,"href":"https:\/\/www.diarioimagen.net\/index.php?rest_route=\/wp\/v2\/users\/14"}],"replies":[{"embeddable":true,"href":"https:\/\/www.diarioimagen.net\/index.php?rest_route=%2Fwp%2Fv2%2Fcomments&post=698641"}],"version-history":[{"count":1,"href":"https:\/\/www.diarioimagen.net\/index.php?rest_route=\/wp\/v2\/posts\/698641\/revisions"}],"predecessor-version":[{"id":698643,"href":"https:\/\/www.diarioimagen.net\/index.php?rest_route=\/wp\/v2\/posts\/698641\/revisions\/698643"}],"wp:featuredmedia":[{"embeddable":true,"href":"https:\/\/www.diarioimagen.net\/index.php?rest_route=\/wp\/v2\/media\/698642"}],"wp:attachment":[{"href":"https:\/\/www.diarioimagen.net\/index.php?rest_route=%2Fwp%2Fv2%2Fmedia&parent=698641"}],"wp:term":[{"taxonomy":"category","embeddable":true,"href":"https:\/\/www.diarioimagen.net\/index.php?rest_route=%2Fwp%2Fv2%2Fcategories&post=698641"},{"taxonomy":"post_tag","embeddable":true,"href":"https:\/\/www.diarioimagen.net\/index.php?rest_route=%2Fwp%2Fv2%2Ftags&post=698641"}],"curies":[{"name":"wp","href":"https:\/\/api.w.org\/{rel}","templated":true}]}}