{"id":698677,"date":"2025-12-15T19:52:22","date_gmt":"2025-12-16T01:52:22","guid":{"rendered":"https:\/\/www.diarioimagen.net\/?p=698677"},"modified":"2025-12-15T19:52:22","modified_gmt":"2025-12-16T01:52:22","slug":"exitosa-carrera-del-pavo-naucalpan-2025-organizada-por-el-gobierno-de-isaac-montoya","status":"publish","type":"post","link":"https:\/\/www.diarioimagen.net\/?p=698677","title":{"rendered":"Exitosa Carrera del Pavo Naucalpan 2025,  organizada por el gobierno de Isaac Montoya"},"content":{"rendered":"<p><strong>\u00a0<\/strong><\/p>\n<ul>\n<li><strong>Celebraci\u00f3n por cuarto a\u00f1o consecutivo<\/strong><\/li>\n<\/ul>\n<p><strong>\u00a0<\/strong><\/p>\n<p>&nbsp;<\/p>\n<div id=\"attachment_698678\" style=\"width: 454px\" class=\"wp-caption alignnone\"><img loading=\"lazy\" decoding=\"async\" aria-describedby=\"caption-attachment-698678\" class=\"wp-image-698678 size-large\" src=\"https:\/\/www.diarioimagen.net\/wp-content\/uploads\/2025\/12\/BAENA-1-ok-8-444x270.jpg\" alt=\"\" width=\"444\" height=\"270\" srcset=\"https:\/\/www.diarioimagen.net\/wp-content\/uploads\/2025\/12\/BAENA-1-ok-8-444x270.jpg 444w, https:\/\/www.diarioimagen.net\/wp-content\/uploads\/2025\/12\/BAENA-1-ok-8-240x146.jpg 240w, https:\/\/www.diarioimagen.net\/wp-content\/uploads\/2025\/12\/BAENA-1-ok-8-768x467.jpg 768w, https:\/\/www.diarioimagen.net\/wp-content\/uploads\/2025\/12\/BAENA-1-ok-8.jpg 1500w\" sizes=\"auto, (max-width: 444px) 100vw, 444px\" \/><p id=\"caption-attachment-698678\" class=\"wp-caption-text\">La Carrera del Pavo Naucalpan 2025 se llev\u00f3 a cabo por cuarto a\u00f1o consecutivo y congreg\u00f3 a centenares de mujeres y hombres en la demarcaci\u00f3n.<\/p><\/div>\n<p>\u200bEl gobierno de Naucalpan, encabezado por el alcalde Isaac Montoya, celebr\u00f3 la conclusi\u00f3n de la Carrera del Pavo Naucalpan 2025. Este evento se llev\u00f3 a cabo por cuarto a\u00f1o consecutivo y congreg\u00f3 a centenares de mujeres y hombres en la demarcaci\u00f3n.<\/p>\n<p>&nbsp;<\/p>\n<p>El alcalde Montoya declar\u00f3 que la jornada reuni\u00f3 a cientos de personas en un ambiente de convivencia y energ\u00eda.<\/p>\n<p>&nbsp;<\/p>\n<p>\u200bLa carrera, de cinco kil\u00f3metros de distancia, se dirigi\u00f3 exclusivamente a habitantes de Naucalpan mayores de 18 a\u00f1os. La convocatoria estableci\u00f3 un cupo limitado a 2,025 participantes. La meta del evento fue promover la activaci\u00f3n f\u00edsica y la convivencia al cerrar el a\u00f1o.<\/p>\n<p>&nbsp;<\/p>\n<p>\u200bLos participantes recorrieron los cinco kil\u00f3metros de la ruta establecida desde las primeras horas. El evento fue impulsado a trav\u00e9s del Instituto Municipal de Cultura F\u00edsica y Deporte de Naucalpan (IMCUFIDEN).<\/p>\n<p>&nbsp;<\/p>\n<p>\u200bLa convocatoria de la carrera estableci\u00f3 que la premiaci\u00f3n consistir\u00eda en la entrega de un pavo y una medalla por persona. Esto se entreg\u00f3 a quienes concluyeron la totalidad del recorrido y cumplieron con los requisitos estipulados.<\/p>\n<p>&nbsp;<\/p>\n<p>Los participantes recogieron su kit, el cual inclu\u00eda playera, n\u00famero y gorra, los d\u00edas 9 y 10 de diciembre. La premiaci\u00f3n garantiza un incentivo a los deportistas locales. Adem\u00e1s, el evento forma parte de un esfuerzo para generar un espacio de esparcimiento en la comunidad.<\/p>\n<p>&nbsp;<\/p>\n<p><strong>\u00a0<\/strong><\/p>\n<p>&nbsp;<\/p>\n","protected":false},"excerpt":{"rendered":"<p>\u00a0 Celebraci\u00f3n por cuarto a\u00f1o consecutivo \u00a0 &nbsp; \u200bEl gobierno de Naucalpan, encabezado por el alcalde Isaac Montoya, celebr\u00f3 la conclusi\u00f3n de la Carrera del Pavo Naucalpan 2025. Este evento se llev\u00f3 a cabo por cuarto a\u00f1o consecutivo y congreg\u00f3 a centenares de mujeres y hombres en la demarcaci\u00f3n. &nbsp; El alcalde Montoya declar\u00f3 que [&hellip;]<\/p>\n","protected":false},"author":14,"featured_media":698678,"comment_status":"open","ping_status":"open","sticky":false,"template":"","format":"standard","meta":{"_monsterinsights_skip_tracking":false,"_monsterinsights_sitenote_active":false,"_monsterinsights_sitenote_note":"","_monsterinsights_sitenote_category":0,"footnotes":""},"categories":[5],"tags":[],"class_list":["post-698677","post","type-post","status-publish","format-standard","has-post-thumbnail","hentry","category-estado-de-mexico"],"_links":{"self":[{"href":"https:\/\/www.diarioimagen.net\/index.php?rest_route=\/wp\/v2\/posts\/698677","targetHints":{"allow":["GET"]}}],"collection":[{"href":"https:\/\/www.diarioimagen.net\/index.php?rest_route=\/wp\/v2\/posts"}],"about":[{"href":"https:\/\/www.diarioimagen.net\/index.php?rest_route=\/wp\/v2\/types\/post"}],"author":[{"embeddable":true,"href":"https:\/\/www.diarioimagen.net\/index.php?rest_route=\/wp\/v2\/users\/14"}],"replies":[{"embeddable":true,"href":"https:\/\/www.diarioimagen.net\/index.php?rest_route=%2Fwp%2Fv2%2Fcomments&post=698677"}],"version-history":[{"count":1,"href":"https:\/\/www.diarioimagen.net\/index.php?rest_route=\/wp\/v2\/posts\/698677\/revisions"}],"predecessor-version":[{"id":698679,"href":"https:\/\/www.diarioimagen.net\/index.php?rest_route=\/wp\/v2\/posts\/698677\/revisions\/698679"}],"wp:featuredmedia":[{"embeddable":true,"href":"https:\/\/www.diarioimagen.net\/index.php?rest_route=\/wp\/v2\/media\/698678"}],"wp:attachment":[{"href":"https:\/\/www.diarioimagen.net\/index.php?rest_route=%2Fwp%2Fv2%2Fmedia&parent=698677"}],"wp:term":[{"taxonomy":"category","embeddable":true,"href":"https:\/\/www.diarioimagen.net\/index.php?rest_route=%2Fwp%2Fv2%2Fcategories&post=698677"},{"taxonomy":"post_tag","embeddable":true,"href":"https:\/\/www.diarioimagen.net\/index.php?rest_route=%2Fwp%2Fv2%2Ftags&post=698677"}],"curies":[{"name":"wp","href":"https:\/\/api.w.org\/{rel}","templated":true}]}}