{"id":698683,"date":"2025-12-15T19:57:12","date_gmt":"2025-12-16T01:57:12","guid":{"rendered":"https:\/\/www.diarioimagen.net\/?p=698683"},"modified":"2025-12-15T19:57:12","modified_gmt":"2025-12-16T01:57:12","slug":"reinauguro-el-alcalde-raciel-perez-el-parque-amazitlali-en-tlalnepantla","status":"publish","type":"post","link":"https:\/\/www.diarioimagen.net\/?p=698683","title":{"rendered":"Reinaugur\u00f3 el alcalde Raciel P\u00e9rez  el Parque Amazitlali, en Tlalnepantla"},"content":{"rendered":"<p>&nbsp;<\/p>\n<ul>\n<li><strong>Recuperaci\u00f3n de espacios <\/strong><\/li>\n<\/ul>\n<p>&nbsp;<\/p>\n<div id=\"attachment_698684\" style=\"width: 470px\" class=\"wp-caption alignnone\"><img loading=\"lazy\" decoding=\"async\" aria-describedby=\"caption-attachment-698684\" class=\"wp-image-698684 size-large\" src=\"https:\/\/www.diarioimagen.net\/wp-content\/uploads\/2025\/12\/BAENA-3-ok-11-460x270.jpg\" alt=\"\" width=\"460\" height=\"270\" srcset=\"https:\/\/www.diarioimagen.net\/wp-content\/uploads\/2025\/12\/BAENA-3-ok-11-460x270.jpg 460w, https:\/\/www.diarioimagen.net\/wp-content\/uploads\/2025\/12\/BAENA-3-ok-11-240x141.jpg 240w, https:\/\/www.diarioimagen.net\/wp-content\/uploads\/2025\/12\/BAENA-3-ok-11-768x451.jpg 768w, https:\/\/www.diarioimagen.net\/wp-content\/uploads\/2025\/12\/BAENA-3-ok-11-1536x902.jpg 1536w, https:\/\/www.diarioimagen.net\/wp-content\/uploads\/2025\/12\/BAENA-3-ok-11-2048x1202.jpg 2048w\" sizes=\"auto, (max-width: 460px) 100vw, 460px\" \/><p id=\"caption-attachment-698684\" class=\"wp-caption-text\">El presidente municipal Raciel P\u00e9rez Cruz reinaugur\u00f3 el Parque Amazitlali, ubicado en la colonia L\u00e1zaro C\u00e1rdenas, obra que se llev\u00f3 a cabo en coordinaci\u00f3n con la Sedatu.<\/p><\/div>\n<p>&nbsp;<\/p>\n<p>Tlalnepantla, Mex.-\u00a0 La recuperaci\u00f3n y rehabilitaci\u00f3n integral de espacios p\u00fablicos es una labor permanente para el gobierno de Tlalnepantla que encabeza el presidente municipal Raciel P\u00e9rez Cruz, quien reinaugur\u00f3 el Parque Amazitlali ubicado en la colonia L\u00e1zaro C\u00e1rdenas,\u00a0 en coordinaci\u00f3n con la Secretar\u00eda de Desarrollo Agrario Territorial y Urbano (Sedatu).<\/p>\n<p>&nbsp;<\/p>\n<p>El mun\u00edcipe record\u00f3 que hace un a\u00f1o, cuando era alcalde electo, el gobierno federal, que preside la doctora Claudia Sheinbaum Pardo, le notific\u00f3 que Tlalnepantla fue considerado para formar parte del Plan Estrat\u00e9gico de Oriente del Estado de M\u00e9xico.<\/p>\n<p>&nbsp;<\/p>\n<p>\u201cEsta iniciativa pretende cambiar la realidad que se vive en los municipios, este a\u00f1o se construyen cinco pozos en la regi\u00f3n, queremos que ya ning\u00fan hogar reciba agua por tandeo, por eso estamos llevando a cabo estos trabajos y as\u00ed poder tener nuestras propias fuentes de abastecimiento\u201d, subray\u00f3.<\/p>\n<p>&nbsp;<\/p>\n<p>P\u00e9rez Cruz agradeci\u00f3 a quienes hicieron posibles dichos trabajos, toda vez que \u201cno solamente es pintar y rehabilitar, es mucho m\u00e1s que eso, es un espacio para la convivencia y que la comunidad lo haga suyo, porque cuando no se involucran esos espacios caen en el deterioro, por eso los invito a que generen comunidad, juntas y juntos reconstruyamos el tejido social por el bienestar de sus familias\u201d.<\/p>\n<p>&nbsp;<\/p>\n<p>Ante personas adultas mayores, j\u00f3venes, ni\u00f1as y ni\u00f1os que ya disfrutan de la nueva imagen de este parque, el alcalde asegur\u00f3 que se pondr\u00e1 \u00e9nfasis en la seguridad p\u00fablica de la zona para que todas y todos puedan acudir a este punto de activaci\u00f3n f\u00edsica y de reuni\u00f3n con tranquilidad.<\/p>\n<p>&nbsp;<\/p>\n<p>&nbsp;<\/p>\n<p><strong>\u00a0<\/strong><\/p>\n<p>&nbsp;<\/p>\n","protected":false},"excerpt":{"rendered":"<p>&nbsp; Recuperaci\u00f3n de espacios &nbsp; &nbsp; Tlalnepantla, Mex.-\u00a0 La recuperaci\u00f3n y rehabilitaci\u00f3n integral de espacios p\u00fablicos es una labor permanente para el gobierno de Tlalnepantla que encabeza el presidente municipal Raciel P\u00e9rez Cruz, quien reinaugur\u00f3 el Parque Amazitlali ubicado en la colonia L\u00e1zaro C\u00e1rdenas,\u00a0 en coordinaci\u00f3n con la Secretar\u00eda de Desarrollo Agrario Territorial y Urbano [&hellip;]<\/p>\n","protected":false},"author":14,"featured_media":698684,"comment_status":"open","ping_status":"open","sticky":false,"template":"","format":"standard","meta":{"_monsterinsights_skip_tracking":false,"_monsterinsights_sitenote_active":false,"_monsterinsights_sitenote_note":"","_monsterinsights_sitenote_category":0,"footnotes":""},"categories":[5],"tags":[],"class_list":["post-698683","post","type-post","status-publish","format-standard","has-post-thumbnail","hentry","category-estado-de-mexico"],"_links":{"self":[{"href":"https:\/\/www.diarioimagen.net\/index.php?rest_route=\/wp\/v2\/posts\/698683","targetHints":{"allow":["GET"]}}],"collection":[{"href":"https:\/\/www.diarioimagen.net\/index.php?rest_route=\/wp\/v2\/posts"}],"about":[{"href":"https:\/\/www.diarioimagen.net\/index.php?rest_route=\/wp\/v2\/types\/post"}],"author":[{"embeddable":true,"href":"https:\/\/www.diarioimagen.net\/index.php?rest_route=\/wp\/v2\/users\/14"}],"replies":[{"embeddable":true,"href":"https:\/\/www.diarioimagen.net\/index.php?rest_route=%2Fwp%2Fv2%2Fcomments&post=698683"}],"version-history":[{"count":1,"href":"https:\/\/www.diarioimagen.net\/index.php?rest_route=\/wp\/v2\/posts\/698683\/revisions"}],"predecessor-version":[{"id":698685,"href":"https:\/\/www.diarioimagen.net\/index.php?rest_route=\/wp\/v2\/posts\/698683\/revisions\/698685"}],"wp:featuredmedia":[{"embeddable":true,"href":"https:\/\/www.diarioimagen.net\/index.php?rest_route=\/wp\/v2\/media\/698684"}],"wp:attachment":[{"href":"https:\/\/www.diarioimagen.net\/index.php?rest_route=%2Fwp%2Fv2%2Fmedia&parent=698683"}],"wp:term":[{"taxonomy":"category","embeddable":true,"href":"https:\/\/www.diarioimagen.net\/index.php?rest_route=%2Fwp%2Fv2%2Fcategories&post=698683"},{"taxonomy":"post_tag","embeddable":true,"href":"https:\/\/www.diarioimagen.net\/index.php?rest_route=%2Fwp%2Fv2%2Ftags&post=698683"}],"curies":[{"name":"wp","href":"https:\/\/api.w.org\/{rel}","templated":true}]}}