{"id":698686,"date":"2025-12-15T19:59:21","date_gmt":"2025-12-16T01:59:21","guid":{"rendered":"https:\/\/www.diarioimagen.net\/?p=698686"},"modified":"2025-12-15T19:59:21","modified_gmt":"2025-12-16T01:59:21","slug":"falta-mucho-por-hacer-en-nicolas-romero-sindico-arturo-nava","status":"publish","type":"post","link":"https:\/\/www.diarioimagen.net\/?p=698686","title":{"rendered":"Falta mucho por hacer en Nicol\u00e1s Romero: s\u00edndico Arturo Nava"},"content":{"rendered":"<p>&nbsp;<\/p>\n<div id=\"attachment_698687\" style=\"width: 428px\" class=\"wp-caption alignnone\"><img loading=\"lazy\" decoding=\"async\" aria-describedby=\"caption-attachment-698687\" class=\"wp-image-698687 size-large\" src=\"https:\/\/www.diarioimagen.net\/wp-content\/uploads\/2025\/12\/BAENA-4-ok-10-418x270.jpg\" alt=\"\" width=\"418\" height=\"270\" srcset=\"https:\/\/www.diarioimagen.net\/wp-content\/uploads\/2025\/12\/BAENA-4-ok-10-418x270.jpg 418w, https:\/\/www.diarioimagen.net\/wp-content\/uploads\/2025\/12\/BAENA-4-ok-10-240x155.jpg 240w, https:\/\/www.diarioimagen.net\/wp-content\/uploads\/2025\/12\/BAENA-4-ok-10-768x497.jpg 768w, https:\/\/www.diarioimagen.net\/wp-content\/uploads\/2025\/12\/BAENA-4-ok-10.jpg 1500w\" sizes=\"auto, (max-width: 418px) 100vw, 418px\" \/><p id=\"caption-attachment-698687\" class=\"wp-caption-text\">Falta mucho por hacer en Nicol\u00e1s Romero: s\u00edndico Arturo Nava<\/p><\/div>\n<p>Nicol\u00e1s Romero, M\u00e9x.- El segundo s\u00edndico de Nicol\u00e1s Romero, Arturo Nava Alanis, aclar\u00f3 que ni al 50 por ciento llegaron los avances de los que hizo menci\u00f3n la alcaldesa Yoselin Mendoza en su primer informe de gobierno. \u201cUna cosa es decir y otra hacer y nos falta mucho por hacer, porque tambi\u00e9n yo estoy dentro y lo digo con el debido respeto que le tengo a la presidenta\u201d, dijo. El s\u00edndico municipal afirm\u00f3\u00a0 que con recursos propios ha tratado de subsanar deficiencias de infraestructura as\u00ed como de servicios, d\u00f3nde se requiera en las distintas comunidades, labor que al actual gobierno no le interesa hacer.<\/p>\n<p>&nbsp;<\/p>\n<p>&nbsp;<\/p>\n<p>&nbsp;<\/p>\n<p>Sin embargo, Arturo Nava, resalt\u00f3 la presencia de la gobernadora Delfina G\u00f3mez,\u00a0 en el informe, porque \u00bb refuerza a nuestro partido Morena y lo mismo con su mensaje que nos env\u00eda nuestra presidenta de la rep\u00fablica Claudia Sheinbaum\u00bb\u00a0 concluy\u00f3.<\/p>\n","protected":false},"excerpt":{"rendered":"<p>&nbsp; Nicol\u00e1s Romero, M\u00e9x.- El segundo s\u00edndico de Nicol\u00e1s Romero, Arturo Nava Alanis, aclar\u00f3 que ni al 50 por ciento llegaron los avances de los que hizo menci\u00f3n la alcaldesa Yoselin Mendoza en su primer informe de gobierno. \u201cUna cosa es decir y otra hacer y nos falta mucho por hacer, porque tambi\u00e9n yo estoy [&hellip;]<\/p>\n","protected":false},"author":14,"featured_media":698687,"comment_status":"open","ping_status":"open","sticky":false,"template":"","format":"standard","meta":{"_monsterinsights_skip_tracking":false,"_monsterinsights_sitenote_active":false,"_monsterinsights_sitenote_note":"","_monsterinsights_sitenote_category":0,"footnotes":""},"categories":[5],"tags":[],"class_list":["post-698686","post","type-post","status-publish","format-standard","has-post-thumbnail","hentry","category-estado-de-mexico"],"_links":{"self":[{"href":"https:\/\/www.diarioimagen.net\/index.php?rest_route=\/wp\/v2\/posts\/698686","targetHints":{"allow":["GET"]}}],"collection":[{"href":"https:\/\/www.diarioimagen.net\/index.php?rest_route=\/wp\/v2\/posts"}],"about":[{"href":"https:\/\/www.diarioimagen.net\/index.php?rest_route=\/wp\/v2\/types\/post"}],"author":[{"embeddable":true,"href":"https:\/\/www.diarioimagen.net\/index.php?rest_route=\/wp\/v2\/users\/14"}],"replies":[{"embeddable":true,"href":"https:\/\/www.diarioimagen.net\/index.php?rest_route=%2Fwp%2Fv2%2Fcomments&post=698686"}],"version-history":[{"count":1,"href":"https:\/\/www.diarioimagen.net\/index.php?rest_route=\/wp\/v2\/posts\/698686\/revisions"}],"predecessor-version":[{"id":698688,"href":"https:\/\/www.diarioimagen.net\/index.php?rest_route=\/wp\/v2\/posts\/698686\/revisions\/698688"}],"wp:featuredmedia":[{"embeddable":true,"href":"https:\/\/www.diarioimagen.net\/index.php?rest_route=\/wp\/v2\/media\/698687"}],"wp:attachment":[{"href":"https:\/\/www.diarioimagen.net\/index.php?rest_route=%2Fwp%2Fv2%2Fmedia&parent=698686"}],"wp:term":[{"taxonomy":"category","embeddable":true,"href":"https:\/\/www.diarioimagen.net\/index.php?rest_route=%2Fwp%2Fv2%2Fcategories&post=698686"},{"taxonomy":"post_tag","embeddable":true,"href":"https:\/\/www.diarioimagen.net\/index.php?rest_route=%2Fwp%2Fv2%2Ftags&post=698686"}],"curies":[{"name":"wp","href":"https:\/\/api.w.org\/{rel}","templated":true}]}}