{"id":698710,"date":"2025-12-15T20:37:18","date_gmt":"2025-12-16T02:37:18","guid":{"rendered":"https:\/\/www.diarioimagen.net\/?p=698710"},"modified":"2025-12-15T20:37:18","modified_gmt":"2025-12-16T02:37:18","slug":"reconoce-garcia-harfuch-que-la-extorsion-no-cede","status":"publish","type":"post","link":"https:\/\/www.diarioimagen.net\/?p=698710","title":{"rendered":"Reconoce Garc\u00eda Harfuch que la extorsi\u00f3n no cede"},"content":{"rendered":"<ul>\n<li><strong>Redoblan combate al crimen organizado<\/strong><\/li>\n<li><strong>En agosto, la incidencia de este delito se redujo un 14 por ciento, pero la tendencia repunt\u00f3 en octubre <\/strong><\/li>\n<\/ul>\n<p>&nbsp;<\/p>\n<div id=\"attachment_698711\" style=\"width: 449px\" class=\"wp-caption alignnone\"><img loading=\"lazy\" decoding=\"async\" aria-describedby=\"caption-attachment-698711\" class=\"wp-image-698711 size-large\" src=\"https:\/\/www.diarioimagen.net\/wp-content\/uploads\/2025\/12\/EXTORSION-439x270.jpeg\" alt=\"\" width=\"439\" height=\"270\" srcset=\"https:\/\/www.diarioimagen.net\/wp-content\/uploads\/2025\/12\/EXTORSION-439x270.jpeg 439w, https:\/\/www.diarioimagen.net\/wp-content\/uploads\/2025\/12\/EXTORSION-240x148.jpeg 240w, https:\/\/www.diarioimagen.net\/wp-content\/uploads\/2025\/12\/EXTORSION-768x473.jpeg 768w, https:\/\/www.diarioimagen.net\/wp-content\/uploads\/2025\/12\/EXTORSION-1536x945.jpeg 1536w, https:\/\/www.diarioimagen.net\/wp-content\/uploads\/2025\/12\/EXTORSION.jpeg 1575w\" sizes=\"auto, (max-width: 439px) 100vw, 439px\" \/><p id=\"caption-attachment-698711\" class=\"wp-caption-text\">El secretario de Seguridad y Protecci\u00f3n Ciudadana, Omar Garc\u00eda Harfuch, reconoce que el delito de la extorsi\u00f3n no ha bajado como lo esperar\u00eda el gobierno federal, por lo que se redoblar\u00e1n las acciones para combatir este flagelo.<\/p><\/div>\n<p>Pese a la implementaci\u00f3n de la Estrategia Nacional contra la Extorsi\u00f3n, este delito no ha bajado como lo esperar\u00eda el gobierno federal, por lo que se redoblar\u00e1n las acciones para combatir este flagelo, se\u00f1al\u00f3 el secretario de Seguridad y Protecci\u00f3n Ciudadana, Omar Garc\u00eda Harfuch.<\/p>\n<p>\u201cLa extorsi\u00f3n es un delito que no ha registrado un descenso como esperamos, por eso todas las semanas se est\u00e1n haciendo operativos constantes con las fiscal\u00edas locales, pero tambi\u00e9n con las instituciones del Gabinete de Seguridad\u201d, agreg\u00f3 el funcionario federal.<\/p>\n<p>En julio pasado, mes en que se puso en marcha la Estrategia Nacional contra la Extorsi\u00f3n, se reportaron 925 casos en todo el pa\u00eds, para agosto, la incidencia se redujo a 792 casos, una reducci\u00f3n de 14 por ciento. Para septiembre, la cifra se estacion\u00f3 en 793 carpetas de investigaci\u00f3n, pero la tendencia repunt\u00f3 en octubre, con 811 denuncias, se\u00f1al\u00f3 Gac\u00eda Harfuch.<\/p>\n<p><strong>\u00a0<\/strong><\/p>\n<p><strong>Guerra al crimen organizado<\/strong><\/p>\n<p>&nbsp;<\/p>\n<p>En un esfuerzo conjunto por fortalecer la estrategia nacional contra la inseguridad, se han llevado a cabo operaciones que impactan directamente en la estructura del crimen organizado. En la regi\u00f3n de La Laguna, que abarca Durango, Coahuila y Chihuahua, fue capturado Edgar \u201cN\u201d, conocido como \u201cEl Limones\u201d, uno de los principales cabecillas de una c\u00e9lula dedicada a la extorsi\u00f3n y delitos relacionados. La operaci\u00f3n incluy\u00f3 cateos, bloqueo financiero y desmantelamiento de empresas fachada vinculadas a sus actividades il\u00edcitas.<\/p>\n<p>Simult\u00e1neamente, en Sinaloa, fuerzas de seguridad lograron la captura de cuatro integrantes de una banda dedicada al trasiego de drogas y homicidios en Culiac\u00e1n, entre ellos su l\u00edder, Sa\u00fal \u201cN\u201d, alias \u201cJaguar\u201d. Adem\u00e1s, en Michoac\u00e1n, se trasladaron 25 reos con v\u00ednculo criminal hacia c\u00e1rceles federales, reforzando la seguridad penitenciaria.<\/p>\n<p>Por otro lado, en el Estado de M\u00e9xico e Hidalgo, una investigaci\u00f3n de cinco meses result\u00f3 en la detenci\u00f3n de 12 personas, incluido un l\u00edder delictivo, en operativos que tambi\u00e9n aseguraron armas, hidrocarburos y veh\u00edculos. Esta acci\u00f3n se enmarca en un esfuerzo nacional para reducir el robo a transporte de carga, uno de los delitos que m\u00e1s afectan las rutas estrat\u00e9gicas del pa\u00eds.<\/p>\n<p>Estas acciones ejemplifican un fortalecimiento en la lucha contra fen\u00f3menos como la extorsi\u00f3n, el narcotr\u00e1fico y el delito organizado, en un contexto donde la coordinaci\u00f3n interinstitucional y el compromiso pol\u00edtico son clave para restablecer la seguridad en distintas regiones de M\u00e9xico. La implementaci\u00f3n del Acuerdo Nacional para el combate a la extorsi\u00f3n, aprobado en el Consejo Nacional de Seguridad, ha impulsado la detenci\u00f3n de m\u00e1s de 600 personas desde julio, marcando un avance en la pol\u00edtica de seguridad del pa\u00eds.<\/p>\n<p>La relevancia de estas operaciones radica en que, adem\u00e1s de desarticular c\u00e9lulas delictivas concretas, generan un impacto disuasorio que busca frenar el crecimiento y la violencia generada por estas organizaciones, promoviendo un entorno m\u00e1s seguro para la ciudadan\u00eda.<\/p>\n<p>&nbsp;<\/p>\n<p><strong>Combate a la extorsi\u00f3n, prioridad<\/strong><\/p>\n<p>&nbsp;<\/p>\n<p>La presidenta Claudia Sheinbaum Pardo ha llamado a los estados a reforzar la lucha contra esta actividad, que no ha dejado de crecer en los \u00faltimos a\u00f1os, y les ha emplazado a homologar la ley nacional que aprob\u00f3 el Congreso en noviembre. \u201cUno de los grandes retos es avanzar en la erradicaci\u00f3n de la extorsi\u00f3n en el pa\u00eds\u201d, ha dicho sin ambages en el Consejo Nacional de Seguridad P\u00fablica, que reuni\u00f3 a los 32 gobernadores: \u201cSi esto lo tomamos entre todos como algo fundamental, vamos a avanzar mucho m\u00e1s\u201d.<\/p>\n<p>Este delito se ha convertido en uno de los principales dolores de cabeza del Ejecutivo. Mientras disminuyen otros graves cr\u00edmenes como los homicidios dolosos o los robos, la extorsi\u00f3n ha emprendido una escalada que el gabinete batalla para contener.<\/p>\n<p>Seg\u00fan los datos del propio Gobierno, presentados en la conferencia matutina de este martes, entre 2019 y 2025, el secuestro disminuy\u00f3 un 58,4% y los robos con violencia, casi el 49%. Las extorsiones, en cambio, han aumentado un 23,1%.<\/p>\n<p>Sheinbaum Pardo mand\u00f3 al Congreso la ley contra la extorsi\u00f3n a mediados de octubre, pero la C\u00e1mara de Diputados la aprob\u00f3 en un primer lugar con sanciones m\u00e1s suaves que las que finalmente aprob\u00f3 su colegisladora. El Senado se ha volcado en castigar a los extorsionadores y ha instaurado penas de c\u00e1rcel m\u00ednimas de entre 15 y 25 a\u00f1os, que pueden llegar hasta los 42 a\u00f1os en funci\u00f3n de los agravantes. Igualmente, la condena contra funcionarios que omitan denunciar delitos de extorsi\u00f3n conocidos abarca una horquilla de 10 a 20 a\u00f1os de prisi\u00f3n, en lugar de los cinco a 12 a\u00f1os aprobados por los diputados. El cambio sustantivo mayor, sin embargo, ser\u00e1 relevar a la v\u00edctima del peso de ser ella quien denuncie. Ese peso recaer\u00e1 ahora en las autoridades.<\/p>\n<p>&nbsp;<\/p>\n<p><strong>\u00a0<\/strong><\/p>\n<p>&nbsp;<\/p>\n<p>&nbsp;<\/p>\n<p>&nbsp;<\/p>\n","protected":false},"excerpt":{"rendered":"<p>Redoblan combate al crimen organizado En agosto, la incidencia de este delito se redujo un 14 por ciento, pero la tendencia repunt\u00f3 en octubre &nbsp; Pese a la implementaci\u00f3n de la Estrategia Nacional contra la Extorsi\u00f3n, este delito no ha bajado como lo esperar\u00eda el gobierno federal, por lo que se redoblar\u00e1n las acciones para [&hellip;]<\/p>\n","protected":false},"author":14,"featured_media":698711,"comment_status":"open","ping_status":"open","sticky":false,"template":"","format":"standard","meta":{"_monsterinsights_skip_tracking":false,"_monsterinsights_sitenote_active":false,"_monsterinsights_sitenote_note":"","_monsterinsights_sitenote_category":0,"footnotes":""},"categories":[16,7],"tags":[],"class_list":["post-698710","post","type-post","status-publish","format-standard","has-post-thumbnail","hentry","category-destacadas","category-seguridad"],"_links":{"self":[{"href":"https:\/\/www.diarioimagen.net\/index.php?rest_route=\/wp\/v2\/posts\/698710","targetHints":{"allow":["GET"]}}],"collection":[{"href":"https:\/\/www.diarioimagen.net\/index.php?rest_route=\/wp\/v2\/posts"}],"about":[{"href":"https:\/\/www.diarioimagen.net\/index.php?rest_route=\/wp\/v2\/types\/post"}],"author":[{"embeddable":true,"href":"https:\/\/www.diarioimagen.net\/index.php?rest_route=\/wp\/v2\/users\/14"}],"replies":[{"embeddable":true,"href":"https:\/\/www.diarioimagen.net\/index.php?rest_route=%2Fwp%2Fv2%2Fcomments&post=698710"}],"version-history":[{"count":1,"href":"https:\/\/www.diarioimagen.net\/index.php?rest_route=\/wp\/v2\/posts\/698710\/revisions"}],"predecessor-version":[{"id":698712,"href":"https:\/\/www.diarioimagen.net\/index.php?rest_route=\/wp\/v2\/posts\/698710\/revisions\/698712"}],"wp:featuredmedia":[{"embeddable":true,"href":"https:\/\/www.diarioimagen.net\/index.php?rest_route=\/wp\/v2\/media\/698711"}],"wp:attachment":[{"href":"https:\/\/www.diarioimagen.net\/index.php?rest_route=%2Fwp%2Fv2%2Fmedia&parent=698710"}],"wp:term":[{"taxonomy":"category","embeddable":true,"href":"https:\/\/www.diarioimagen.net\/index.php?rest_route=%2Fwp%2Fv2%2Fcategories&post=698710"},{"taxonomy":"post_tag","embeddable":true,"href":"https:\/\/www.diarioimagen.net\/index.php?rest_route=%2Fwp%2Fv2%2Ftags&post=698710"}],"curies":[{"name":"wp","href":"https:\/\/api.w.org\/{rel}","templated":true}]}}