{"id":698867,"date":"2025-12-16T20:48:12","date_gmt":"2025-12-17T02:48:12","guid":{"rendered":"https:\/\/www.diarioimagen.net\/?p=698867"},"modified":"2025-12-16T20:48:12","modified_gmt":"2025-12-17T02:48:12","slug":"la-diabetes-es-un-grave-problema-de-salud-publica-que-va-al-alza-en-edomex","status":"publish","type":"post","link":"https:\/\/www.diarioimagen.net\/?p=698867","title":{"rendered":"La diabetes es un grave problema de  salud p\u00fablica que va al alza en Edomex"},"content":{"rendered":"<ul>\n<li><strong>Apoyo de la asociaci\u00f3n \u201cProyecto Social Naucalpan\u201d<\/strong><\/li>\n<\/ul>\n<p><strong>\u00a0<\/strong><\/p>\n<div id=\"attachment_698868\" style=\"width: 366px\" class=\"wp-caption alignnone\"><img loading=\"lazy\" decoding=\"async\" aria-describedby=\"caption-attachment-698868\" class=\"wp-image-698868 size-large\" src=\"https:\/\/www.diarioimagen.net\/wp-content\/uploads\/2025\/12\/BAENA-2-ok-12-356x270.jpg\" alt=\"\" width=\"356\" height=\"270\" srcset=\"https:\/\/www.diarioimagen.net\/wp-content\/uploads\/2025\/12\/BAENA-2-ok-12-356x270.jpg 356w, https:\/\/www.diarioimagen.net\/wp-content\/uploads\/2025\/12\/BAENA-2-ok-12-240x182.jpg 240w, https:\/\/www.diarioimagen.net\/wp-content\/uploads\/2025\/12\/BAENA-2-ok-12-768x583.jpg 768w, https:\/\/www.diarioimagen.net\/wp-content\/uploads\/2025\/12\/BAENA-2-ok-12.jpg 1500w\" sizes=\"auto, (max-width: 356px) 100vw, 356px\" \/><p id=\"caption-attachment-698868\" class=\"wp-caption-text\">\u201cProyecto Social Naucalpan AC\u201d ha implementado una serie de Jornadas de Salud, principalmente en apoyo contra la diabetes, adem\u00e1s, de campa\u00f1as de vacunaci\u00f3n contra sarampi\u00f3n y t\u00e9tanos.<\/p><\/div>\n<p>&nbsp;<\/p>\n<p>Por Arturo Baena<\/p>\n<p>&nbsp;<\/p>\n<p>Naucalpan, M\u00e9x.- Los casos de diabetes contin\u00faan siendo un grave problema de salud p\u00fablica, motivo por el cual la asociaci\u00f3n \u201cProyecto Social Naucalpan\u201d, que preside David Parra S\u00e1nchez, hizo un llamado a padres de\u00a0 familias a cuidar la salud de\u00a0 ni\u00f1os y j\u00f3venes, debido a los altos incrementos en la entidad mexiquense.<\/p>\n<p>&nbsp;<\/p>\n<p>Al continuar con el programa de salud que lleva a cabo dicha asociaci\u00f3n con la entrega de gluc\u00f3metros a personas con este padecimiento, el doctor Enrique Gonz\u00e1lez, llam\u00f3 a las y los naucalpenses a evitar alto consumo de refrescos, jugos industriales, dulces y alimentos ultraprocesados as\u00ed como realizar ejercicio.<\/p>\n<p>&nbsp;<\/p>\n<p>A nombre de David Parra y de la asociaci\u00f3n \u201cProyecto Social Naucalpan\u201d, Mart\u00edn Castro, afirm\u00f3 que se continuar\u00e1 con las\u00a0 jornadas de apoyo a enfermos de diabetes, en todo el territorio de Naucalpan con el apoyo de m\u00e9dicos especializados y llevando pl\u00e1ticas para evitar esta enfermedad.<\/p>\n<p>&nbsp;<\/p>\n<p>Y es que, efectivamente, la diabetes mellitus (DM) contin\u00faa siendo uno de los mayores retos sanitarios a nivel global. Se estima que m\u00e1s de 530 millones de adultos viven con diabetes.<\/p>\n<p>&nbsp;<\/p>\n<p>Preocupado por este padecimiento y en algunos casos cr\u00f3nicos, \u201cProyecto Social Naucalpan A.C.\u201d, ha dispuesto de implementar una serie de Jornadas de Salud, principalmente en este tema, adem\u00e1s, de campa\u00f1as de vacunaci\u00f3n contra sarampi\u00f3n, t\u00e9tanos, entre otras.<\/p>\n<p>&nbsp;<\/p>\n<p><strong>\u00a0<\/strong><\/p>\n","protected":false},"excerpt":{"rendered":"<p>Apoyo de la asociaci\u00f3n \u201cProyecto Social Naucalpan\u201d \u00a0 &nbsp; Por Arturo Baena &nbsp; Naucalpan, M\u00e9x.- Los casos de diabetes contin\u00faan siendo un grave problema de salud p\u00fablica, motivo por el cual la asociaci\u00f3n \u201cProyecto Social Naucalpan\u201d, que preside David Parra S\u00e1nchez, hizo un llamado a padres de\u00a0 familias a cuidar la salud de\u00a0 ni\u00f1os y [&hellip;]<\/p>\n","protected":false},"author":14,"featured_media":698868,"comment_status":"open","ping_status":"open","sticky":false,"template":"","format":"standard","meta":{"_monsterinsights_skip_tracking":false,"_monsterinsights_sitenote_active":false,"_monsterinsights_sitenote_note":"","_monsterinsights_sitenote_category":0,"footnotes":""},"categories":[5],"tags":[],"class_list":["post-698867","post","type-post","status-publish","format-standard","has-post-thumbnail","hentry","category-estado-de-mexico"],"_links":{"self":[{"href":"https:\/\/www.diarioimagen.net\/index.php?rest_route=\/wp\/v2\/posts\/698867","targetHints":{"allow":["GET"]}}],"collection":[{"href":"https:\/\/www.diarioimagen.net\/index.php?rest_route=\/wp\/v2\/posts"}],"about":[{"href":"https:\/\/www.diarioimagen.net\/index.php?rest_route=\/wp\/v2\/types\/post"}],"author":[{"embeddable":true,"href":"https:\/\/www.diarioimagen.net\/index.php?rest_route=\/wp\/v2\/users\/14"}],"replies":[{"embeddable":true,"href":"https:\/\/www.diarioimagen.net\/index.php?rest_route=%2Fwp%2Fv2%2Fcomments&post=698867"}],"version-history":[{"count":1,"href":"https:\/\/www.diarioimagen.net\/index.php?rest_route=\/wp\/v2\/posts\/698867\/revisions"}],"predecessor-version":[{"id":698869,"href":"https:\/\/www.diarioimagen.net\/index.php?rest_route=\/wp\/v2\/posts\/698867\/revisions\/698869"}],"wp:featuredmedia":[{"embeddable":true,"href":"https:\/\/www.diarioimagen.net\/index.php?rest_route=\/wp\/v2\/media\/698868"}],"wp:attachment":[{"href":"https:\/\/www.diarioimagen.net\/index.php?rest_route=%2Fwp%2Fv2%2Fmedia&parent=698867"}],"wp:term":[{"taxonomy":"category","embeddable":true,"href":"https:\/\/www.diarioimagen.net\/index.php?rest_route=%2Fwp%2Fv2%2Fcategories&post=698867"},{"taxonomy":"post_tag","embeddable":true,"href":"https:\/\/www.diarioimagen.net\/index.php?rest_route=%2Fwp%2Fv2%2Ftags&post=698867"}],"curies":[{"name":"wp","href":"https:\/\/api.w.org\/{rel}","templated":true}]}}