{"id":698900,"date":"2025-12-16T21:14:04","date_gmt":"2025-12-17T03:14:04","guid":{"rendered":"https:\/\/www.diarioimagen.net\/?p=698900"},"modified":"2025-12-16T21:14:04","modified_gmt":"2025-12-17T03:14:04","slug":"aumentan-los-decesos-por-accidentes-en-motos-en-cdmx","status":"publish","type":"post","link":"https:\/\/www.diarioimagen.net\/?p=698900","title":{"rendered":"Aumentan los decesos por accidentes en motos en CDMX"},"content":{"rendered":"<ul>\n<li><strong>La mayor\u00eda viaja sin seguro<\/strong><\/li>\n<li><strong>La atenci\u00f3n a lesionados involucrados en estos hechos es la primera causa de atenci\u00f3n de los servicios de emergencia\u00a0<\/strong><\/li>\n<\/ul>\n<div id=\"attachment_698901\" style=\"width: 470px\" class=\"wp-caption alignnone\"><img loading=\"lazy\" decoding=\"async\" aria-describedby=\"caption-attachment-698901\" class=\"wp-image-698901 size-large\" src=\"https:\/\/www.diarioimagen.net\/wp-content\/uploads\/2025\/12\/MOTOCICLISTAS-460x260.jpeg\" alt=\"\" width=\"460\" height=\"260\" srcset=\"https:\/\/www.diarioimagen.net\/wp-content\/uploads\/2025\/12\/MOTOCICLISTAS-460x260.jpeg 460w, https:\/\/www.diarioimagen.net\/wp-content\/uploads\/2025\/12\/MOTOCICLISTAS-240x136.jpeg 240w, https:\/\/www.diarioimagen.net\/wp-content\/uploads\/2025\/12\/MOTOCICLISTAS-768x434.jpeg 768w, https:\/\/www.diarioimagen.net\/wp-content\/uploads\/2025\/12\/MOTOCICLISTAS-1536x867.jpeg 1536w, https:\/\/www.diarioimagen.net\/wp-content\/uploads\/2025\/12\/MOTOCICLISTAS-2048x1157.jpeg 2048w, https:\/\/www.diarioimagen.net\/wp-content\/uploads\/2025\/12\/MOTOCICLISTAS-480x270.jpeg 480w, https:\/\/www.diarioimagen.net\/wp-content\/uploads\/2025\/12\/MOTOCICLISTAS-235x132.jpeg 235w, https:\/\/www.diarioimagen.net\/wp-content\/uploads\/2025\/12\/MOTOCICLISTAS-202x114.jpeg 202w, https:\/\/www.diarioimagen.net\/wp-content\/uploads\/2025\/12\/MOTOCICLISTAS-220x123.jpeg 220w\" sizes=\"auto, (max-width: 460px) 100vw, 460px\" \/><p id=\"caption-attachment-698901\" class=\"wp-caption-text\">En la Ciudad de M\u00e9xico se incrementan los accidentes viales en los que est\u00e1n involucrados motocicletas, cuyos ocupantes resultan lesionados o fallecidos, de acuerdo con datos de autoridades de Tr\u00e1nsito.<\/p><\/div>\n<p>Con el \u201cboom de motocicletas\u201d de los \u00faltimos a\u00f1os en el pa\u00eds, principalmente en la Ciudad de M\u00e9xico, tambi\u00e9n se incrementan los accidentes viales en los que est\u00e1n involucrados este tipo de veh\u00edculos, cuyos ocupantes resultan lesionados o fallecidos, de acuerdo con datos de autoridades de Tr\u00e1nsito.<\/p>\n<p>En el tercer trimestre del a\u00f1o, los motociclistas representaron el porcentaje m\u00e1s alto de personas fallecidas en hechos de tr\u00e1nsito, al sumar 50 muertes de 101 accidentes, lo que equivale a 49.5 por ciento de los decesos; le siguen los peatones, con 21; los pasajeros, con 19; conductores, con nueve y ciclistas, dos.<\/p>\n<p>El reporte trimestral Hechos de Tr\u00e1nsito de julio-septiembre publicado por la Secretar\u00eda de Movilidad indica que los conductores de motocicletas registraron un incremento constante en el porcentaje de fallecidos en ese periodo, al pasar de dos de cada 10 en 2019 a cinco de cada 10 en 2025.<\/p>\n<p>Los choques se mantienen en el primer sitio por tipo de usuario de la v\u00eda y tipo de evento fatal, por lo que 26 motociclistas fallecieron en un choque y 24 en derrape; 11 de 19 pasajeros murieron en alguna colisi\u00f3n, as\u00ed como siete de nueve conductores de veh\u00edculos, dos ciclistas y dos de 21 peatones.<\/p>\n<p>Es decir, los choques registraron un incremento de enero a septiembre de este a\u00f1o, al ubicarse con 49 por ciento de personas fallecidas en comparaci\u00f3n con los primeros nueve meses de 2019, con 38 por ciento; 2020, con 46 por ciento; 2021, con 42 por ciento; 2022, con 44 por ciento; 2023, con 46 por ciento, y 2024, con 44 por ciento.<\/p>\n<p>Los motociclistas encabezan la lista de personas lesionadas por tipo de usuario de la v\u00eda durante el tercer trimestre con 3 mil 620 personas de un total de 7 mil 462, es decir, 48.5 por ciento. La cifra revela el incremento de 63 conductores de motocicleta lesionados en comparaci\u00f3n con el tercer trimestre del a\u00f1o pasado, cuando la cifra alcanz\u00f3 3 mil 557 personas heridas.<\/p>\n<p>&nbsp;<\/p>\n<p><strong>Nueve de cada 10 no tienen seguro<\/strong><\/p>\n<p>&nbsp;<\/p>\n<p>Las motocicletas registradas que circulan en la Ciudad de M\u00e9xico pasaron de 260 mil a 750 mil \u2014un incremento del 188 %\u2014 en la \u00faltima d\u00e9cada. De acuerdo con datos de la Asociaci\u00f3n Mexicana de Instituciones de Seguros (AMIS), el 90% de ellas circulan sin tener un seguro de protecci\u00f3n.<\/p>\n<p>\u201cEst\u00e1 creciendo (el n\u00famero de motos), pero no crece el n\u00famero de asegurados al mismo ritmo. Y eso significa que, en conjunto, al paso del tiempo tenemos cada vez menos motocicletas aseguradas\u201d, dijo Carlos Jim\u00e9nez, director de Seguros de Da\u00f1os y Autos de la Asociaci\u00f3n Mexicana de Instituciones de Seguros (AMIS),<\/p>\n<p>Aunque el incremento significa un desaf\u00edo en materia de movilidad y seguridad vial, ahora tambi\u00e9n lo es en materia de salud p\u00fablica. La atenci\u00f3n a lesionados involucrados en hechos viales con motocicletas es la primera causa de atenci\u00f3n de todos los servicios de emergencia en el pa\u00eds.<\/p>\n<p>\u201cTenemos el gran reto de que el n\u00famero de motocicletas incrementa a una tasa muy acelerada, pero pr\u00e1cticamente 9 de cada 10 no cuentan con ning\u00fan tipo de seguro\u201d, se\u00f1al\u00f3.<\/p>\n<p>\u201cEl costo promedio de las lesiones de una persona que maneja una motocicleta se ha incrementado en los \u00faltimos cuatro a\u00f1os en cerca de 18%. Y los costos promedio van desde los 8 y 10 mil pesos hasta siniestros donde el conductor tiene lesiones de hasta 250 a 500 mil pesos en lesiones graves. Y estos costos tambi\u00e9n superan el mill\u00f3n de pesos cuando hablamos de siniestros catastr\u00f3ficos\u201d.<\/p>\n<p>Seg\u00fan Jim\u00e9nez, los percances cuando una motocicleta le genera un da\u00f1o a otro veh\u00edculo o a una persona increment\u00f3 el 22% en los \u00faltimos cuatro a\u00f1os. En promedio, de acuerdo con la AMIS, el costo de un siniestro en donde una motocicleta est\u00e1 involucrada cuesta 53 mil pesos.<\/p>\n<p>Para el \u201cbiker\u201d, un seguro de responsabilidad civil -que es el m\u00e1s b\u00e1sico que exige el reglamento de tr\u00e1nsito- se ofrece entre 1,500 hasta 3 mil pesos, seg\u00fan la Comisi\u00f3n Nacional para la Protecci\u00f3n y Defensa de los Usuarios de Servicios Financieros (Condusef). Un seguro mayor, que cubra la motocicleta y el robo de la unidad, depender\u00e1 del valor del veh\u00edculo, la zona de tr\u00e1nsito y el conductor, adem\u00e1s de la empresa proveedora.<\/p>\n<p>&nbsp;<\/p>\n<p><strong>Van por regulaci\u00f3n nacional<\/strong><\/p>\n<p><strong>\u00a0<\/strong><\/p>\n<p>El creciente n\u00famero de motocicletas que circulan no es una problem\u00e1tica exclusiva de la CDMX, incluso la presidenta Claudia Sheinbaum ya se ha manifestado sobre la necesidad de contar con una norma nacional que regule su circulaci\u00f3n.<\/p>\n<p>\u201cLa motocicleta, su masificaci\u00f3n, digamos, ha generado much\u00edsimos problemas, aqu\u00ed los m\u00e9dicos est\u00e1n diciendo. En efecto ha aumentado mucho la atenci\u00f3n en traumatolog\u00eda debido al uso de la moto. Estamos trabajando en una campa\u00f1a (\u2026) pero queremos que sea m\u00e1s que una campa\u00f1a (porque) normalmente la normatividad relacionada con el uso de la motocicleta es estatal, entonces tenemos que trabajar con los estados y ver si se puede hacer una normatividad nacional\u201d, dijo la presidenta el 1 de julio pasado.<\/p>\n<p>Datos presentados por la mandataria revelan que, a nivel nacional, de los 11.6 millones de urgencias atendidas en todos los niveles de su red de hospitales en los \u00faltimos seis a\u00f1os, 3.1 millones fueron traumatismos (26.7 %), la mayor\u00eda de ellos provocados en accidentes en motocicleta.<\/p>\n<p>\u201cNo se trata de prohibir la moto, sino, primero (de definir) cu\u00e1les son las normas para usarla y segundo, qu\u00e9 multas habr\u00eda si no se usa de esa manera (\u2026) y lo otro pues la educaci\u00f3n, si tienes una moto, c\u00f3mo usarla\u201d, a\u00f1adi\u00f3.<\/p>\n<p>&nbsp;<\/p>\n<p>&nbsp;<\/p>\n<p>&nbsp;<\/p>\n<p>&nbsp;<\/p>\n<p>&nbsp;<\/p>\n<p>&nbsp;<\/p>\n","protected":false},"excerpt":{"rendered":"<p>La mayor\u00eda viaja sin seguro La atenci\u00f3n a lesionados involucrados en estos hechos es la primera causa de atenci\u00f3n de los servicios de emergencia\u00a0 Con el \u201cboom de motocicletas\u201d de los \u00faltimos a\u00f1os en el pa\u00eds, principalmente en la Ciudad de M\u00e9xico, tambi\u00e9n se incrementan los accidentes viales en los que est\u00e1n involucrados este tipo [&hellip;]<\/p>\n","protected":false},"author":14,"featured_media":698901,"comment_status":"open","ping_status":"open","sticky":false,"template":"","format":"standard","meta":{"_monsterinsights_skip_tracking":false,"_monsterinsights_sitenote_active":false,"_monsterinsights_sitenote_note":"","_monsterinsights_sitenote_category":0,"footnotes":""},"categories":[16,7],"tags":[],"class_list":["post-698900","post","type-post","status-publish","format-standard","has-post-thumbnail","hentry","category-destacadas","category-seguridad"],"_links":{"self":[{"href":"https:\/\/www.diarioimagen.net\/index.php?rest_route=\/wp\/v2\/posts\/698900","targetHints":{"allow":["GET"]}}],"collection":[{"href":"https:\/\/www.diarioimagen.net\/index.php?rest_route=\/wp\/v2\/posts"}],"about":[{"href":"https:\/\/www.diarioimagen.net\/index.php?rest_route=\/wp\/v2\/types\/post"}],"author":[{"embeddable":true,"href":"https:\/\/www.diarioimagen.net\/index.php?rest_route=\/wp\/v2\/users\/14"}],"replies":[{"embeddable":true,"href":"https:\/\/www.diarioimagen.net\/index.php?rest_route=%2Fwp%2Fv2%2Fcomments&post=698900"}],"version-history":[{"count":1,"href":"https:\/\/www.diarioimagen.net\/index.php?rest_route=\/wp\/v2\/posts\/698900\/revisions"}],"predecessor-version":[{"id":698902,"href":"https:\/\/www.diarioimagen.net\/index.php?rest_route=\/wp\/v2\/posts\/698900\/revisions\/698902"}],"wp:featuredmedia":[{"embeddable":true,"href":"https:\/\/www.diarioimagen.net\/index.php?rest_route=\/wp\/v2\/media\/698901"}],"wp:attachment":[{"href":"https:\/\/www.diarioimagen.net\/index.php?rest_route=%2Fwp%2Fv2%2Fmedia&parent=698900"}],"wp:term":[{"taxonomy":"category","embeddable":true,"href":"https:\/\/www.diarioimagen.net\/index.php?rest_route=%2Fwp%2Fv2%2Fcategories&post=698900"},{"taxonomy":"post_tag","embeddable":true,"href":"https:\/\/www.diarioimagen.net\/index.php?rest_route=%2Fwp%2Fv2%2Ftags&post=698900"}],"curies":[{"name":"wp","href":"https:\/\/api.w.org\/{rel}","templated":true}]}}