{"id":698958,"date":"2025-12-16T21:40:58","date_gmt":"2025-12-17T03:40:58","guid":{"rendered":"https:\/\/www.diarioimagen.net\/?p=698958"},"modified":"2025-12-16T21:40:58","modified_gmt":"2025-12-17T03:40:58","slug":"triste-navidad-sin-aguinaldo-para-13-7-millones-de-trabajadores","status":"publish","type":"post","link":"https:\/\/www.diarioimagen.net\/?p=698958","title":{"rendered":"Triste Navidad sin aguinaldo para 13.7 millones de trabajadores"},"content":{"rendered":"<ul>\n<li><strong>Violaci\u00f3n a la Ley Federal del Trabajo<\/strong><\/li>\n<li><strong>La mayor\u00eda de los casos se da en la informalidad y por eso los empleadores evaden esta obligaci\u00f3n<\/strong><\/li>\n<\/ul>\n<p><img loading=\"lazy\" decoding=\"async\" class=\"alignnone wp-image-698995 size-large\" src=\"https:\/\/www.diarioimagen.net\/wp-content\/uploads\/2025\/12\/TRISTE-NAVIDAD-460x268.jpeg\" alt=\"\" width=\"460\" height=\"268\" srcset=\"https:\/\/www.diarioimagen.net\/wp-content\/uploads\/2025\/12\/TRISTE-NAVIDAD-460x268.jpeg 460w, https:\/\/www.diarioimagen.net\/wp-content\/uploads\/2025\/12\/TRISTE-NAVIDAD-240x140.jpeg 240w, https:\/\/www.diarioimagen.net\/wp-content\/uploads\/2025\/12\/TRISTE-NAVIDAD-768x448.jpeg 768w, https:\/\/www.diarioimagen.net\/wp-content\/uploads\/2025\/12\/TRISTE-NAVIDAD-1536x895.jpeg 1536w, https:\/\/www.diarioimagen.net\/wp-content\/uploads\/2025\/12\/TRISTE-NAVIDAD.jpeg 1575w\" sizes=\"auto, (max-width: 460px) 100vw, 460px\" \/><\/p>\n<p>Aunque sea un derecho establecido en la Ley Federal del Trabajo (LFT), esta Navidad se van a quedar sin aguinaldo casi 14 millones de trabajadores informales, pues carecen de este tipo de prestaciones, de acuerdo a datos del Instituto Nacional de Estad\u00edstica y Geograf\u00eda (Inegi).<\/p>\n<p>Entre julio y septiembre pasados, el instituto sonde\u00f3 m\u00e1s de 150 mil viviendas en el pa\u00eds y contabiliz\u00f3 40.8 millones de trabajadores subordinados y remunerados. De esta cantidad, 33.6% o 13.7 millones carec\u00edan de aguinaldo, de vacaciones con goce de sueldo o de reparto de utilidades. Es la mayor cifra en un a\u00f1o y, para ponerlo en perspectiva, equivale a la poblaci\u00f3n conjunta de la Ciudad de M\u00e9xico, Quer\u00e9taro y Morelos.<\/p>\n<p>La mayor\u00eda de los trabajadores sin prestaciones operan en la informalidad y por eso los empleadores evaden esta obligaci\u00f3n, explic\u00f3 el economista en jefe para Rankia Latinoam\u00e9rica, Humberto Calzada.<\/p>\n<p>\u201cAnte la precarizaci\u00f3n laboral, los trabajadores est\u00e1n dispuestos a sacrificar prestaciones sociales con tal de tener un mejor salario\u201d, indic\u00f3 el especialista.<\/p>\n<p>Los hogares con menor ingreso laboral carecen de capacidad para ahorrar recursos y son los primeros en gastarse el aguinaldo, incluso se ven obligados a adquirir cr\u00e9ditos, expuso el tambi\u00e9n profesor de Econom\u00eda en la UNAM.<\/p>\n<p>\u201cEs muy dif\u00edcil que la informalidad laboral termine en M\u00e9xico, porque muchas veces un trabajador informal tiene mayores ingresos que un profesionista que opera en la formalidad\u201d, se\u00f1al\u00f3.<\/p>\n<p>La mayor cantidad de subordinados que no recibir\u00e1n aguinaldo laboran en el Estado de M\u00e9xico, con 2.2 millones. Le siguen Puebla y Veracruz, al registrar un mill\u00f3n en cada caso, se\u00f1alan los resultados de la Encuesta Nacional de Ocupaci\u00f3n y Empleo (ENOE) del instituto que preside Graciela M\u00e1rquez.<\/p>\n<p>Contin\u00faan la Ciudad de M\u00e9xico y Michoac\u00e1n, ambos con 0.8 millones de subordinados sin acceso a esta prestaci\u00f3n, cuya fecha l\u00edmite para el pago es el 20 de diciembre y que est\u00e1 prohibido cubrirse en especie.<\/p>\n<p>De los 13.7 millones de trabajadores sin acceso a aguinaldo, 5.3 millones tienen una edad de 15 a 29 a\u00f1os, es decir, pertenecen a la llamada Generaci\u00f3n Z o Centennial, mientras que 5.2 millones se encuentran en el rango de 30 a 49 a\u00f1os, y el resto son mayores a 50 a\u00f1os.<\/p>\n<p>&nbsp;<\/p>\n<p><strong>El IMSS alerta por cancelaci\u00f3n de plazas en fin de a\u00f1o<\/strong><\/p>\n<p><strong>\u00a0<\/strong><\/p>\n<p>Por otra parte, la cancelaci\u00f3n de plazas laborales en diciembre y la posterior recontrataci\u00f3n en enero se ha convertido en una pr\u00e1ctica recurrente que el Instituto Mexicano del Seguro Social (IMSS) ha advertido de manera sistem\u00e1tica desde 2019. En coordinaci\u00f3n con la Secretar\u00eda del Trabajo y Previsi\u00f3n Social (STPS) y el Infonavit, el organismo ha emitido alertas anuales para se\u00f1alar que esta din\u00e1mica vulnera la continuidad de los derechos laborales, de seguridad social y de vivienda de las personas trabajadoras.<\/p>\n<p>Lejos de ser un fen\u00f3meno aislado, los datos oficiales muestran que cada a\u00f1o decenas de miles de trabajadores son dados de baja al cierre del a\u00f1o y reincorporados semanas despu\u00e9s por el mismo patr\u00f3n. En el episodio m\u00e1s reciente, 405,259 personas que fueron dadas de baja en diciembre de 2024 y regresaron a su empleo en enero de 2025 al menos 142,398, una de las cifras m\u00e1s altas registradas desde que comenz\u00f3 el seguimiento de esta pr\u00e1ctica.<\/p>\n<p>El comportamiento se ha repetido de forma constante en los \u00faltimos seis a\u00f1os. En el transcurso de diciembre de 2019 a enero de 2020, el IMSS identific\u00f3 que 130,359 trabajadores fueron recontratados por la misma empresa tras haber sido dados de baja. Un a\u00f1o despu\u00e9s, en enero de 2021, la cifra se redujo a 86,575 personas, en un contexto marcado por la pandemia; sin embargo, la pr\u00e1ctica no desapareci\u00f3.<\/p>\n<p>Para enero de 2022, el n\u00famero volvi\u00f3 a repuntar, con 126,256 trabajadores recontratados por el mismo patr\u00f3n luego de su baja en diciembre de 2021. En el arranque de 2023 se observ\u00f3 nuevamente este patr\u00f3n, con 112,519 personas reincorporadas tras haber salido de los registros del IMSS al cierre del a\u00f1o previo. La tendencia se mantuvo en enero de 2024, con un volumen similar de recontrataciones, lo que confirm\u00f3 que el fen\u00f3meno segu\u00eda presente.<\/p>\n<p>El dato de enero de 2025 no solo ratifica la persistencia del problema, sino que muestra un nuevo incremento. De acuerdo con el Gobierno federal, m\u00e1s de 142,000 personas regresaron a su empleo con el mismo patr\u00f3n, pese a haber perdido temporalmente su registro ante el IMSS y el Instituto del Fondo Nacional de la Vivienda para los Trabajadores (Infonavit) en diciembre.<\/p>\n<p>Las autoridades han subrayado que el impacto es mayor porque la mayor\u00eda de las bajas de fin de a\u00f1o corresponde a empleos permanentes. En el cierre de 2024, por ejemplo, 63% de los puestos perdidos entre noviembre y diciembre eran de car\u00e1cter permanente, lo que descarta que se trate \u00fanicamente de ajustes estacionales o contratos temporales.<\/p>\n<p>Ante este escenario, la STPS, el IMSS y el Infonavit han reiterado sus exhortos a los empleadores y han enviado comunicaciones directas a aquellos que presuntamente incurren en estas pr\u00e1cticas; \u201cdar de baja y recontratar trabajadores para eludir obligaciones laborales, de seguridad social o fiscales puede derivar en sanciones legales, administrativas y econ\u00f3micas\u201d, adem\u00e1s de poner en riesgo la estabilidad financiera de las empresas, inform\u00f3 el IMSS en un comunicado de prensa.<\/p>\n<p>Desde 2019, el objetivo central del llamado gubernamental ha sido garantizar que las personas trabajadoras y sus familias cuenten de manera continua con todas las prestaciones a las que tienen derecho, sin interrupciones artificiales que afecten su seguridad social, su ahorro para la vivienda y su estabilidad laboral.<\/p>\n<p>&nbsp;<\/p>\n<p>&nbsp;<\/p>\n<p>&nbsp;<\/p>\n","protected":false},"excerpt":{"rendered":"<p>Violaci\u00f3n a la Ley Federal del Trabajo La mayor\u00eda de los casos se da en la informalidad y por eso los empleadores evaden esta obligaci\u00f3n Aunque sea un derecho establecido en la Ley Federal del Trabajo (LFT), esta Navidad se van a quedar sin aguinaldo casi 14 millones de trabajadores informales, pues carecen de este [&hellip;]<\/p>\n","protected":false},"author":14,"featured_media":698995,"comment_status":"open","ping_status":"open","sticky":false,"template":"","format":"standard","meta":{"_monsterinsights_skip_tracking":false,"_monsterinsights_sitenote_active":false,"_monsterinsights_sitenote_note":"","_monsterinsights_sitenote_category":0,"footnotes":""},"categories":[16,8],"tags":[],"class_list":["post-698958","post","type-post","status-publish","format-standard","has-post-thumbnail","hentry","category-destacadas","category-finanzas"],"_links":{"self":[{"href":"https:\/\/www.diarioimagen.net\/index.php?rest_route=\/wp\/v2\/posts\/698958","targetHints":{"allow":["GET"]}}],"collection":[{"href":"https:\/\/www.diarioimagen.net\/index.php?rest_route=\/wp\/v2\/posts"}],"about":[{"href":"https:\/\/www.diarioimagen.net\/index.php?rest_route=\/wp\/v2\/types\/post"}],"author":[{"embeddable":true,"href":"https:\/\/www.diarioimagen.net\/index.php?rest_route=\/wp\/v2\/users\/14"}],"replies":[{"embeddable":true,"href":"https:\/\/www.diarioimagen.net\/index.php?rest_route=%2Fwp%2Fv2%2Fcomments&post=698958"}],"version-history":[{"count":1,"href":"https:\/\/www.diarioimagen.net\/index.php?rest_route=\/wp\/v2\/posts\/698958\/revisions"}],"predecessor-version":[{"id":699000,"href":"https:\/\/www.diarioimagen.net\/index.php?rest_route=\/wp\/v2\/posts\/698958\/revisions\/699000"}],"wp:featuredmedia":[{"embeddable":true,"href":"https:\/\/www.diarioimagen.net\/index.php?rest_route=\/wp\/v2\/media\/698995"}],"wp:attachment":[{"href":"https:\/\/www.diarioimagen.net\/index.php?rest_route=%2Fwp%2Fv2%2Fmedia&parent=698958"}],"wp:term":[{"taxonomy":"category","embeddable":true,"href":"https:\/\/www.diarioimagen.net\/index.php?rest_route=%2Fwp%2Fv2%2Fcategories&post=698958"},{"taxonomy":"post_tag","embeddable":true,"href":"https:\/\/www.diarioimagen.net\/index.php?rest_route=%2Fwp%2Fv2%2Ftags&post=698958"}],"curies":[{"name":"wp","href":"https:\/\/api.w.org\/{rel}","templated":true}]}}