{"id":699076,"date":"2025-12-17T19:02:53","date_gmt":"2025-12-18T01:02:53","guid":{"rendered":"https:\/\/www.diarioimagen.net\/?p=699076"},"modified":"2025-12-17T19:02:53","modified_gmt":"2025-12-18T01:02:53","slug":"inauguran-en-naucalpan-otro-sendero-seguro-y-luminoso","status":"publish","type":"post","link":"https:\/\/www.diarioimagen.net\/?p=699076","title":{"rendered":"Inauguran en Naucalpan otro  Sendero Seguro\u00a0 y Luminoso"},"content":{"rendered":"<ul>\n<li><strong>En Praderas de San Mateo<\/strong><\/li>\n<\/ul>\n<div id=\"attachment_699077\" style=\"width: 348px\" class=\"wp-caption alignnone\"><img loading=\"lazy\" decoding=\"async\" aria-describedby=\"caption-attachment-699077\" class=\"wp-image-699077 size-large\" src=\"https:\/\/www.diarioimagen.net\/wp-content\/uploads\/2025\/12\/BAENA-3-ok-12-338x270.jpg\" alt=\"\" width=\"338\" height=\"270\" srcset=\"https:\/\/www.diarioimagen.net\/wp-content\/uploads\/2025\/12\/BAENA-3-ok-12-338x270.jpg 338w, https:\/\/www.diarioimagen.net\/wp-content\/uploads\/2025\/12\/BAENA-3-ok-12-240x192.jpg 240w, https:\/\/www.diarioimagen.net\/wp-content\/uploads\/2025\/12\/BAENA-3-ok-12-768x613.jpg 768w, https:\/\/www.diarioimagen.net\/wp-content\/uploads\/2025\/12\/BAENA-3-ok-12.jpg 1500w\" sizes=\"auto, (max-width: 338px) 100vw, 338px\" \/><p id=\"caption-attachment-699077\" class=\"wp-caption-text\">El alcalde Isaac Montoya M\u00e1rquez inaugur\u00f3 el onceavo Sendero Seguro y Luminoso, en el andador Ignacio Zaragoza en Praderas de San Mateo.<\/p><\/div>\n<p>&nbsp;<\/p>\n<p>Naucalpan, M\u00e9x.- Al inaugurar el onceavo Sendero Seguro y Luminoso, en el andador Ignacio Zaragoza en Praderas de San Mateo, el presidente municipal Isaac Montoya M\u00e1rquez enfatiz\u00f3 el compromiso para impactar todas las colonias de Naucalpan con intervenciones dejando Huellas de la Transformaci\u00f3n en beneficio de las y los habitantes.<\/p>\n<p>\u201cPara que no se quede nadie fuera ni se quede nadie atr\u00e1s, que lleguemos a tener estas Huellas de la Transformaci\u00f3n, por lo menos una en cada colonia, en cada rinc\u00f3n de Naucalpan, para que al final de cuentas el recurso p\u00fablico realmente sea lo m\u00e1s p\u00fablico posible llegue a todas y a todos\u201d, subray\u00f3 el alcalde.<\/p>\n<p>En presencia de las y los vecinos, as\u00ed como de funcionarios p\u00fablicos municipales, destac\u00f3, este rescate es muy emblem\u00e1tico, muy simb\u00f3lico, el andador Ignacio Zaragoza ahora cuenta con luminarias nuevas y murales del artista Canek Leyva que plasm\u00f3 la identidad de este lugar, como magueyes y fauna, como los cacomixtles que dan otro aspecto a este sitio que se encontraba deteriorado. \u201cDe pronto se vuelve muy agradable, un paseo que es la rutina diaria de muchos, se vuelva m\u00e1s seguro y que se vuelva m\u00e1s caminable\u201d, dijo.<\/p>\n<p>El alcalde refiri\u00f3, como parte de los beneficios para la Cuenca de San Mateo, se trabajar\u00e1 para concretar el Par Vial de San Mateo y con ello desahogar el tr\u00e1nsito en la zona, adem\u00e1s del Mosaico en el la Plaza C\u00edvica de Ad\u00e1n Mateo sin alberca, pero si con instalaciones adecuadas para la pr\u00e1ctica deportiva y el impulso a actividades culturales, adem\u00e1s de bases operativas de la Guardia Municipal y Protecci\u00f3n Civil para atender mejor las emergencias en esta zona.<\/p>\n<p>Montoya M\u00e1rquez subray\u00f3: \u201chay que lograr abatir estas desigualdades, lograr reducir las brechas y que finalmente se note que realmente se gobierna para todas y todos y eso es lo que estamos haciendo. Por eso estamos tratando de emparejar las cosas y lo estamos haciendo aqu\u00ed y en todas las comunidades de Naucalpan. Es por ello que vamos a seguir avanzando en el rescate de los espacios p\u00fablicos y de los espacios comunes\u201d.<\/p>\n<p><strong>\u00a0<\/strong><\/p>\n<p>&nbsp;<\/p>\n<p>&nbsp;<\/p>\n<p>&nbsp;<\/p>\n<p>&nbsp;<\/p>\n","protected":false},"excerpt":{"rendered":"<p>En Praderas de San Mateo &nbsp; Naucalpan, M\u00e9x.- Al inaugurar el onceavo Sendero Seguro y Luminoso, en el andador Ignacio Zaragoza en Praderas de San Mateo, el presidente municipal Isaac Montoya M\u00e1rquez enfatiz\u00f3 el compromiso para impactar todas las colonias de Naucalpan con intervenciones dejando Huellas de la Transformaci\u00f3n en beneficio de las y los [&hellip;]<\/p>\n","protected":false},"author":14,"featured_media":699077,"comment_status":"open","ping_status":"open","sticky":false,"template":"","format":"standard","meta":{"_monsterinsights_skip_tracking":false,"_monsterinsights_sitenote_active":false,"_monsterinsights_sitenote_note":"","_monsterinsights_sitenote_category":0,"footnotes":""},"categories":[5],"tags":[],"class_list":["post-699076","post","type-post","status-publish","format-standard","has-post-thumbnail","hentry","category-estado-de-mexico"],"_links":{"self":[{"href":"https:\/\/www.diarioimagen.net\/index.php?rest_route=\/wp\/v2\/posts\/699076","targetHints":{"allow":["GET"]}}],"collection":[{"href":"https:\/\/www.diarioimagen.net\/index.php?rest_route=\/wp\/v2\/posts"}],"about":[{"href":"https:\/\/www.diarioimagen.net\/index.php?rest_route=\/wp\/v2\/types\/post"}],"author":[{"embeddable":true,"href":"https:\/\/www.diarioimagen.net\/index.php?rest_route=\/wp\/v2\/users\/14"}],"replies":[{"embeddable":true,"href":"https:\/\/www.diarioimagen.net\/index.php?rest_route=%2Fwp%2Fv2%2Fcomments&post=699076"}],"version-history":[{"count":1,"href":"https:\/\/www.diarioimagen.net\/index.php?rest_route=\/wp\/v2\/posts\/699076\/revisions"}],"predecessor-version":[{"id":699078,"href":"https:\/\/www.diarioimagen.net\/index.php?rest_route=\/wp\/v2\/posts\/699076\/revisions\/699078"}],"wp:featuredmedia":[{"embeddable":true,"href":"https:\/\/www.diarioimagen.net\/index.php?rest_route=\/wp\/v2\/media\/699077"}],"wp:attachment":[{"href":"https:\/\/www.diarioimagen.net\/index.php?rest_route=%2Fwp%2Fv2%2Fmedia&parent=699076"}],"wp:term":[{"taxonomy":"category","embeddable":true,"href":"https:\/\/www.diarioimagen.net\/index.php?rest_route=%2Fwp%2Fv2%2Fcategories&post=699076"},{"taxonomy":"post_tag","embeddable":true,"href":"https:\/\/www.diarioimagen.net\/index.php?rest_route=%2Fwp%2Fv2%2Ftags&post=699076"}],"curies":[{"name":"wp","href":"https:\/\/api.w.org\/{rel}","templated":true}]}}