{"id":699079,"date":"2025-12-17T19:05:00","date_gmt":"2025-12-18T01:05:00","guid":{"rendered":"https:\/\/www.diarioimagen.net\/?p=699079"},"modified":"2025-12-17T19:05:00","modified_gmt":"2025-12-18T01:05:00","slug":"todos-iguales-la-revocacion-de-mandato-tambien-se-debe-aplicar-a-nuevos-jueces","status":"publish","type":"post","link":"https:\/\/www.diarioimagen.net\/?p=699079","title":{"rendered":"Todos iguales: la revocaci\u00f3n de mandato  tambi\u00e9n se debe aplicar a nuevos jueces"},"content":{"rendered":"<p><strong>\u00a0<\/strong><\/p>\n<p><strong>CLASE POLITICA<\/strong><strong> \u00a0<\/strong>Miguel \u00c1ngel Rivera<\/p>\n<p><strong>\u00a0<\/strong><\/p>\n<p><strong>\u00a0<\/strong><\/p>\n<p>Con toda tranquilidad, diputados y senadores integrantes de la Comisi\u00f3n Permanente del Congreso de la Uni\u00f3n, con apenas dos jornadas de trabajo, se concedieron tres semanas de descanso, pues volver\u00e1n a sesionar hasta el 7 de enero del venidero a\u00f1o de 2026.<\/p>\n<p>En realidad, tuvieron una sola reuni\u00f3n de trabajo, pues la anterior, el pasado d\u00eda 10 de diciembre, fue para instalar precisamente esa Comisi\u00f3n Permanente, as\u00ed que s\u00f3lo trataron asuntos de tr\u00e1mite, pero ninguna iniciativa ni tampoco hubo debates acerca de los asuntos de actualidad en nuestro pa\u00eds.<\/p>\n<p>Es muy conocida la expresi\u00f3n \u201ca la gorra ni quien le corra\u201d y esto se extiende al trabajo legislativo, pues tampoco nadie se opone a que le concedan unos d\u00edas de descanso, en particular en este periodo de fin de a\u00f1o, conocido como \u201cpuente Guadalupe-Reyes\u201d.<\/p>\n<p>Tal vez hubo un poco de verg\u00fcenza de parte de algunos legisladores, pues en la sesi\u00f3n de ayer se presentaron un total de nueva iniciativas de reformas o de creaci\u00f3n de nuevas leyes, aunque se sabe que ese organismo legislativo, la Comisi\u00f3n Permanente, no tiene facultades para aprobar o rechazar las propuestas de los legisladores, a las cuales s\u00f3lo se les da turno, para ser examinadas en comisiones, ya sea de la C\u00e1mara de Diputados o en la de Senadores, conforme a lo que decida en este caso) la presidenta de la Permanente a partir del tema relativo.<\/p>\n<p>Entre ese grupo destaca una propuesta de la senadora priista Anabell \u00c1valos\u00a0Zempoalteca para aplicar la revocaci\u00f3n de mandato a los funcionarios del Poder Judicial elegidos en el fallido proceso culminado en junio pasado, con una votaci\u00f3n en la que particip\u00f3 apenas un poco m\u00e1s del diez por ciento de los ciudadanos registrados en la lista nominal de electores, vac\u00edo que se intent\u00f3 llenar con \u201cacordeones\u201d con la relaci\u00f3n de los candidatos a jueces, magistrados o ministros que, previamente, recibieron la \u201cbendici\u00f3n\u201d desde los altos niveles de la llamada Cuarta Transformaci\u00f3n.<\/p>\n<p>La llamada revocaci\u00f3n de mandato ha sido exhibida por el actual r\u00e9gimen como un supuesto avance democr\u00e1tico, para aplicarse en contra de los funcionarios que no cumplen con sus deberes o incurren francamente en delitos (hasta ahora nadie ha sido condenado), por lo cual no habr\u00eda objeciones en contra.<\/p>\n<p>Lo que propuso la legisladora priista es que la posibilidad de remover a los malos funcionarios se extienda a los funcionarios del Poder Judicial que, en el corto periodo de su desempe\u00f1o, han dado testimonios suficientes para evidenciar que no tienen la preparaci\u00f3n ni la capacidad profesional suficientes para garantizar una impartici\u00f3n de justicia apegada a los principios del Derecho.<\/p>\n<p>En la sesi\u00f3n de ayer, al presentar en la Permanente la iniciativa a nombre de su bancada del PRI, la senadora tlaxcalteca \u00c1valos Zempoalteca justific\u00f3 su propuesta de la siguiente forma:<\/p>\n<p>Esta iniciativa, dijo, \u201cbusca corregir la perniciosa reforma judicial, por la cual se eligieron a los ministros del acorde\u00f3n, a fin de que proceda la revocaci\u00f3n de mandato de las ministras y ministros de la Suprema Corte de Justicia de la Naci\u00f3n.<\/p>\n<p>\u201cSe propone que proceder\u00e1 a petici\u00f3n de un 10% de la lista nominal de electores, y para que el resultado sea vinculante, se requerir\u00e1 de una participaci\u00f3n electoral del 30%, donde la mayor\u00eda vote por la revocaci\u00f3n. Se trata, sin duda, de un mecanismo de control y contrapeso democr\u00e1tico a la mala actuaci\u00f3n de los nuevos ministros que, hasta el momento, algunos y algunas de ellos han mostrado desconocimiento de la ley, un uso pol\u00edtico del cargo, incluso se han atrevido a querer destruir el principio de cosa juzgada. Eso simplemente no puede ser.<\/p>\n<p>\u201cEstamos cerrando un a\u00f1o terrible para M\u00e9xico, han sido siete a\u00f1os de abusos, siete a\u00f1os de corrupci\u00f3n, de impunidad, de violencia, de represi\u00f3n, de persecuci\u00f3n pol\u00edtica, de enfermedades, de falta de medicamentos, desapariciones, masacres, huachicol, nulo crecimiento econ\u00f3mico, desempleo, huida de empresas, bloqueos carreteros, crisis de agua y m\u00e1s impuestos. Y no tenemos jueces que nos defiendan, sino jueces que defienden los intereses del gobierno.<\/p>\n<p>\u201cHan creado un enorme problema de seguridad jur\u00eddica, las empresas huyen de M\u00e9xico y no hay inversiones. Y no obstante lo anterior, se atrevieron a celebrar en el Z\u00f3calo sus siete a\u00f1os de gobierno mientras estallaba un coche-bomba en Michoac\u00e1n. A ver qu\u00e9 juez del bienestar se atreve a celebrar su indolencia y cinismo.<\/p>\n<p>\u201c2025, lo he dicho hace un momento, fue un a\u00f1o terrible, a\u00fan no termina y ya amagan con una reforma pol\u00edtica para tener el control total de las siguientes elecciones. No les bast\u00f3 con destruir el sistema de salud, el abasto de medicamentos, el sistema educativo, los \u00f3rganos aut\u00f3nomos y el Poder Judicial. Mi voz es la voz de muchas mexicanas y mexicanos que est\u00e1n en contra de la falsedad de Morena, que prometi\u00f3 algo distinto, pero solo, solo han dejado destrucci\u00f3n y des\u00e1nimo a su paso.<\/p>\n<p>\u201cOjal\u00e1 y este fin de a\u00f1o puedan reflexionar acerca de que est\u00e1n construyendo una de las etapas m\u00e1s negras de la historia de M\u00e9xico. Entiendan que existe una realidad lacerante y que choca directamente con el discurso de la 4T de que todo va bien. Creo que es un descaro decir que somos un pa\u00eds muy feliz y el m\u00e1s democr\u00e1tico del mundo, cuando hay tristeza por muertos y desaparecidos, por enfermos que no tienen medicinas o cuando hay represi\u00f3n en marchas y persecuci\u00f3n pol\u00edtica a quienes piensan distinto y critican sus errores.<\/p>\n<p>\u201cSe viene un 2026 muy complejo. La presi\u00f3n de los Estados Unidos, la renegociaci\u00f3n del T-MEC, un nulo crecimiento econ\u00f3mico. M\u00e9xico requiere que hagamos un alto en esta vor\u00e1gine de 7 a\u00f1os. Es urgente, es necesario.<\/p>\n<p>\u201cM\u00e9xico requiere un gobierno fuerte, un gobierno independiente de un cacique, alejado de una ideolog\u00eda de la destrucci\u00f3n y de odio por el pasado. Deseo que esta Comisi\u00f3n Permanente cumpla a cabalidad con sus funciones, que se instalen las comisiones de trabajo y que todos quienes integramos esta Comisi\u00f3n Permanente cumplamos con lo que mandata y marca la ley\u201d, remat\u00f3 la legisladora del PRI.<\/p>\n<p>La censura de la legisladora del PRI no tuvo r\u00e9plica, pues como apuntamos, las iniciativas tramitadas en la Permanente no pueden ser debatidas y su directiva lo \u00fanico que tiene facultado es remitir las propuestas a la o las respectivas comisiones.<\/p>\n<p>Tambi\u00e9n pudo influir el recuerdo, del muy reciente zafarrancho en el Congreso de la Ciudad de M\u00e9xico, en donde legisladoras del oficialismo y del PAN se involucraron en una lucha violenta con golpes, empujones y jalones de cabello que recibieron la condena general.<\/p>\n<p>Esta clase de acciones, aunque vedadas, no implican ninguna sanci\u00f3n para los protagonistas, pero ha impactado de tal manera que los integrantes de la Permanente prefirieron dejar pasar impugnaciones en aras de llegar a un pronto final de la sesi\u00f3n, para poder iniciar de inmediato el periodo vacacional.<\/p>\n<p>Esta tendencia a permanecer en silencio contradice lo expresado por la presidenta de la Permanente y de la C\u00e1mara de Diputados, la panista Kenia L\u00f3pez Rabad\u00e1n.<\/p>\n<p>Entrevistada luego de asumir la presidencia de la Permanente, la legisladora panista afirm\u00f3 que la Comisi\u00f3n Permanente del Congreso de la Uni\u00f3n ser\u00e1 un espacio de debate abierto y respetuoso.<\/p>\n<p>Adem\u00e1s, record\u00f3 que la C\u00e1mara de Diputados tiene una obligaci\u00f3n \u00e9tica de llevar a cabo un Parlamento Abierto para escuchar todas las voces en el marco de la pendiente discusi\u00f3n de la reforma electoral.<\/p>\n<p>\u201cHay una obligaci\u00f3n \u00e9tica de nuestra parte para escuchar a los expertos, a los partidos, a la academia, a las organizaciones no gubernamentales. Hacerlo distinto, hacerlo r\u00e1pido, en fast track, en lo oscuro, ser\u00eda lamentable hist\u00f3ricamente\u201d, insisti\u00f3.<\/p>\n<p>En esta discusi\u00f3n, dijo, el objetivo debe ser que haya reglas electorales que le garanticen a los mexicanos la pluralidad, el respeto a su voto y la garant\u00eda de que las instituciones estar\u00e1n encabezadas por quien decide el pueblo de M\u00e9xico.<\/p>\n<p>\u201cLo que debe prevalecer siempre es la democracia, que el voto de los mexicanos sea respetado. No puede haber unas reglas electorales en donde se empodere m\u00e1s a unos y se disminuya la representaci\u00f3n de otros. No puede haber reglas electorales en donde haya un avasallamiento; yo dir\u00eda, incluso, un abuso\u201d, afirm\u00f3 la presidenta de la Permanente al reiterar que \u201cno debe haber fast track, albazos ni destrucci\u00f3n de las instituciones\u201d.<\/p>\n","protected":false},"excerpt":{"rendered":"<p>\u00a0 CLASE POLITICA \u00a0Miguel \u00c1ngel Rivera \u00a0 \u00a0 Con toda tranquilidad, diputados y senadores integrantes de la Comisi\u00f3n Permanente del Congreso de la Uni\u00f3n, con apenas dos jornadas de trabajo, se concedieron tres semanas de descanso, pues volver\u00e1n a sesionar hasta el 7 de enero del venidero a\u00f1o de 2026. En realidad, tuvieron una sola [&hellip;]<\/p>\n","protected":false},"author":14,"featured_media":0,"comment_status":"open","ping_status":"open","sticky":false,"template":"","format":"standard","meta":{"_monsterinsights_skip_tracking":false,"_monsterinsights_sitenote_active":false,"_monsterinsights_sitenote_note":"","_monsterinsights_sitenote_category":0,"footnotes":""},"categories":[84119,4],"tags":[],"class_list":["post-699079","post","type-post","status-publish","format-standard","hentry","category-miguel-angel-rivera","category-opinion"],"_links":{"self":[{"href":"https:\/\/www.diarioimagen.net\/index.php?rest_route=\/wp\/v2\/posts\/699079","targetHints":{"allow":["GET"]}}],"collection":[{"href":"https:\/\/www.diarioimagen.net\/index.php?rest_route=\/wp\/v2\/posts"}],"about":[{"href":"https:\/\/www.diarioimagen.net\/index.php?rest_route=\/wp\/v2\/types\/post"}],"author":[{"embeddable":true,"href":"https:\/\/www.diarioimagen.net\/index.php?rest_route=\/wp\/v2\/users\/14"}],"replies":[{"embeddable":true,"href":"https:\/\/www.diarioimagen.net\/index.php?rest_route=%2Fwp%2Fv2%2Fcomments&post=699079"}],"version-history":[{"count":1,"href":"https:\/\/www.diarioimagen.net\/index.php?rest_route=\/wp\/v2\/posts\/699079\/revisions"}],"predecessor-version":[{"id":699080,"href":"https:\/\/www.diarioimagen.net\/index.php?rest_route=\/wp\/v2\/posts\/699079\/revisions\/699080"}],"wp:attachment":[{"href":"https:\/\/www.diarioimagen.net\/index.php?rest_route=%2Fwp%2Fv2%2Fmedia&parent=699079"}],"wp:term":[{"taxonomy":"category","embeddable":true,"href":"https:\/\/www.diarioimagen.net\/index.php?rest_route=%2Fwp%2Fv2%2Fcategories&post=699079"},{"taxonomy":"post_tag","embeddable":true,"href":"https:\/\/www.diarioimagen.net\/index.php?rest_route=%2Fwp%2Fv2%2Ftags&post=699079"}],"curies":[{"name":"wp","href":"https:\/\/api.w.org\/{rel}","templated":true}]}}