{"id":699096,"date":"2025-12-17T19:32:28","date_gmt":"2025-12-18T01:32:28","guid":{"rendered":"https:\/\/www.diarioimagen.net\/?p=699096"},"modified":"2025-12-17T19:32:28","modified_gmt":"2025-12-18T01:32:28","slug":"reforzaran-plan-contra-incendios-forestales","status":"publish","type":"post","link":"https:\/\/www.diarioimagen.net\/?p=699096","title":{"rendered":"Reforzar\u00e1n  plan contra  incendios  forestales  \u00a0"},"content":{"rendered":"<p><strong>\u00a0<\/strong><\/p>\n<ul>\n<li><strong>Estiaje 2025\u20132026<\/strong><\/li>\n<\/ul>\n<p><strong><img loading=\"lazy\" decoding=\"async\" class=\"alignnone wp-image-699097 size-large\" src=\"https:\/\/www.diarioimagen.net\/wp-content\/uploads\/2025\/12\/INCENDIOS-231x270.jpg\" alt=\"\" width=\"231\" height=\"270\" srcset=\"https:\/\/www.diarioimagen.net\/wp-content\/uploads\/2025\/12\/INCENDIOS-231x270.jpg 231w, https:\/\/www.diarioimagen.net\/wp-content\/uploads\/2025\/12\/INCENDIOS-206x240.jpg 206w, https:\/\/www.diarioimagen.net\/wp-content\/uploads\/2025\/12\/INCENDIOS-768x897.jpg 768w, https:\/\/www.diarioimagen.net\/wp-content\/uploads\/2025\/12\/INCENDIOS.jpg 1260w\" sizes=\"auto, (max-width: 231px) 100vw, 231px\" \/>\u00a0<\/strong><\/p>\n<p>&nbsp;<\/p>\n<p>&nbsp;<\/p>\n<p>Metepec, Estado de M\u00e9xico.\u2013 El gobierno del Estado de M\u00e9xico, a trav\u00e9s de la Protectora de Bosques (Probosque), llev\u00f3 a cabo una reuni\u00f3n presencial y virtual con n\u00facleos agrarios beneficiados por el Programa de Pago por Servicios Ambientales Hidrol\u00f3gicos del Estado de M\u00e9xico (PSAHEM) con el objetivo de reforzar las acciones de prevenci\u00f3n, atenci\u00f3n y coordinaci\u00f3n frente a la temporada de incendios forestales 2025\u20132026.<\/p>\n<p>En el encuentro participaron m\u00e1s de mil 400 asistentes, entre ellos, representantes de bienes comunales y ejidos de toda la entidad mexiquense, propietarios de predios particulares, as\u00ed como delegados regionales y coordinadores de incendios forestales de Probosque.<\/p>\n<p>Alejandro Santiago S\u00e1nchez V\u00e9lez, Director General de dicho organismo, de la Secretar\u00eda del Campo, explic\u00f3 que desde julio se han implementado medidas que contribuyen en el combate de fuegos forestales; adem\u00e1s de ayudar a la restauraci\u00f3n forestal mediante actividades silviculturales en una estrategia conjunta con n\u00facleos agrarios.<\/p>\n<p>\u201cEste a\u00f1o los riesgos son los mismos: tenemos mucho material seco. \u00bfQu\u00e9 quiere decir esto? M\u00e1s evaporaci\u00f3n, m\u00e1s resequedad en el suelo y tenemos m\u00e1s combustibles. Analizamos los \u00edndices de riesgos para identificar los sitios o ejidos que tengan mayor probabilidad\u201d, dijo el Director.<\/p>\n<p>Durante la sesi\u00f3n, especialistas del organismo explicaron que las cuencas hidrogr\u00e1ficas, adem\u00e1s de sostener la vida y regular el ciclo del agua, se ven afectadas por la erosi\u00f3n, la degradaci\u00f3n y los incendios forestales, lo que disminuye la fertilidad del suelo y la resiliencia de los ecosistemas. Por ello, se destac\u00f3 la necesidad de aplicar pr\u00e1cticas de manejo preventivo para reducir riesgos y fortalecer la salud del bosque.<\/p>\n<p>Asimismo, se subray\u00f3 la labor fundamental de las brigadas comunitarias en predios beneficiados por PSAHEM, responsables de realizar actividades como chaponeo; poda; retiro y acomodo de material combustible; apertura de brechas cortafuego y l\u00edneas negras, y la implementaci\u00f3n t\u00e9cnica y segura de quemas controladas, cuando las condiciones meteorol\u00f3gicas lo permiten. Estas acciones reducen la acumulaci\u00f3n de combustibles y mejoran la estructura del bosque.<\/p>\n<p>Con estas acciones, el Gobierno de la Maestra Delfina G\u00f3mez \u00c1lvarez refrenda su compromiso con la gesti\u00f3n forestal sustentable, la prevenci\u00f3n de incendios y el fortalecimiento de las capacidades t\u00e9cnicas y comunitarias en todo el territorio estatal.<\/p>\n<p>&nbsp;<\/p>\n<p><strong>\u00a0<\/strong><\/p>\n<p>&nbsp;<\/p>\n","protected":false},"excerpt":{"rendered":"<p>\u00a0 Estiaje 2025\u20132026 \u00a0 &nbsp; &nbsp; Metepec, Estado de M\u00e9xico.\u2013 El gobierno del Estado de M\u00e9xico, a trav\u00e9s de la Protectora de Bosques (Probosque), llev\u00f3 a cabo una reuni\u00f3n presencial y virtual con n\u00facleos agrarios beneficiados por el Programa de Pago por Servicios Ambientales Hidrol\u00f3gicos del Estado de M\u00e9xico (PSAHEM) con el objetivo de reforzar [&hellip;]<\/p>\n","protected":false},"author":14,"featured_media":699097,"comment_status":"open","ping_status":"open","sticky":false,"template":"","format":"standard","meta":{"_monsterinsights_skip_tracking":false,"_monsterinsights_sitenote_active":false,"_monsterinsights_sitenote_note":"","_monsterinsights_sitenote_category":0,"footnotes":""},"categories":[5],"tags":[],"class_list":["post-699096","post","type-post","status-publish","format-standard","has-post-thumbnail","hentry","category-estado-de-mexico"],"_links":{"self":[{"href":"https:\/\/www.diarioimagen.net\/index.php?rest_route=\/wp\/v2\/posts\/699096","targetHints":{"allow":["GET"]}}],"collection":[{"href":"https:\/\/www.diarioimagen.net\/index.php?rest_route=\/wp\/v2\/posts"}],"about":[{"href":"https:\/\/www.diarioimagen.net\/index.php?rest_route=\/wp\/v2\/types\/post"}],"author":[{"embeddable":true,"href":"https:\/\/www.diarioimagen.net\/index.php?rest_route=\/wp\/v2\/users\/14"}],"replies":[{"embeddable":true,"href":"https:\/\/www.diarioimagen.net\/index.php?rest_route=%2Fwp%2Fv2%2Fcomments&post=699096"}],"version-history":[{"count":1,"href":"https:\/\/www.diarioimagen.net\/index.php?rest_route=\/wp\/v2\/posts\/699096\/revisions"}],"predecessor-version":[{"id":699098,"href":"https:\/\/www.diarioimagen.net\/index.php?rest_route=\/wp\/v2\/posts\/699096\/revisions\/699098"}],"wp:featuredmedia":[{"embeddable":true,"href":"https:\/\/www.diarioimagen.net\/index.php?rest_route=\/wp\/v2\/media\/699097"}],"wp:attachment":[{"href":"https:\/\/www.diarioimagen.net\/index.php?rest_route=%2Fwp%2Fv2%2Fmedia&parent=699096"}],"wp:term":[{"taxonomy":"category","embeddable":true,"href":"https:\/\/www.diarioimagen.net\/index.php?rest_route=%2Fwp%2Fv2%2Fcategories&post=699096"},{"taxonomy":"post_tag","embeddable":true,"href":"https:\/\/www.diarioimagen.net\/index.php?rest_route=%2Fwp%2Fv2%2Ftags&post=699096"}],"curies":[{"name":"wp","href":"https:\/\/api.w.org\/{rel}","templated":true}]}}