{"id":699291,"date":"2025-12-18T19:33:40","date_gmt":"2025-12-19T01:33:40","guid":{"rendered":"https:\/\/www.diarioimagen.net\/?p=699291"},"modified":"2025-12-18T19:33:40","modified_gmt":"2025-12-19T01:33:40","slug":"ante-el-estancamiento-de-la-economia-el-banco-de-mexico-recorta-tasa-de-interes","status":"publish","type":"post","link":"https:\/\/www.diarioimagen.net\/?p=699291","title":{"rendered":"Ante el estancamiento de la econom\u00eda,  el Banco de M\u00e9xico recorta tasa de inter\u00e9s"},"content":{"rendered":"<p><strong>CLASE POLITICA\u00a0<\/strong>Miguel \u00c1ngel Rivera<\/p>\n<p><strong>\u00a0<\/strong><\/p>\n<p>&nbsp;<\/p>\n<p><strong>\u00a0<\/strong><\/p>\n<p>Lamentable, pero al acercarse el fin de a\u00f1o, la econom\u00eda mexicana no reacciona y los pron\u00f3sticos son poco halag\u00fce\u00f1os.<\/p>\n<p>Esta posici\u00f3n se fundamenta en los resultados del Indicador Oportuno dado a conocer por el Instituto Nacional de Estad\u00edstica y Geograf\u00eda (Inegi), correspondiente al reci\u00e9n concluido noviembre, en el cual se registr\u00f3 una ca\u00edda del 0.2 por ciento.<\/p>\n<p>Este descenso, aunque leve, se suma a la contracci\u00f3n reportada por el mismo Instituto del Producto Interno Bruto (PIB) del 0.3% en el tercer trimestre de 2025.<\/p>\n<p>El resultado correspondiente al pen\u00faltimo mes del a\u00f1o coincide con el anuncio del Banco de M\u00e9xico (Banxico) de una reducci\u00f3n de la Tasa de Inter\u00e9s Interbancaria, a un nivel de 7.00%, con efectos a partir del 19 de diciembre de 2025.<\/p>\n<p>Esta decisi\u00f3n de la Junta de Gobierno del banco central tiene el evidente prop\u00f3sito de contribuir a una aceleraci\u00f3n de la actividad econ\u00f3mica en nuestro pa\u00eds.<\/p>\n<p>Mediante un comunicado en el que se explica la decisi\u00f3n del Banco de M\u00e9xico de disminuir en 25 puntos base la Tasa de Inter\u00e9s Interbancaria se dice que los integrantes de la Junta de Gobierno tomaron en cuenta que se espera que en el cuarto trimestre de 2025 \u201cel ritmo de expansi\u00f3n de la actividad econ\u00f3mica global haya continuado moder\u00e1ndose en relaci\u00f3n con el trimestre anterior\u201d.<\/p>\n<p>Como se aprecia, se trata de un lenguaje muy moderado, pues es l\u00f3gico que esos especialistas del Banco Central procuran evitar mensajes que causen alarma, pues eso podr\u00eda influir en una tendencia negativa.<\/p>\n<p>M\u00e1s adelante, el referido comunicado advierte que \u201cante el actual entorno de tensiones comerciales, se sigue anticipando que la econom\u00eda mundial y la de Estados Unidos registren una menor tasa de crecimiento este a\u00f1o y el pr\u00f3ximo respecto de 2024. En las principales econom\u00edas avanzadas, la inflaci\u00f3n general ha exhibido un comportamiento diferenciado en la segunda mitad del a\u00f1o y la<\/p>\n<p>subyacente ha seguido mostrando resistencia a disminuir\u201d.<\/p>\n<p>Adem\u00e1s, recuerda que su equivalente en los Estados Unidos, \u201cla Reserva Federal redujo en 25 puntos base su tasa de referencia. Los mercados financieros mostraron variaciones acotadas y el d\u00f3lar se depreci\u00f3\u201d.<\/p>\n<p>Adem\u00e1s, \u201clas tasas de inter\u00e9s gubernamentales en Estados Unidos disminuyeron en la mayor\u00eda de sus plazos. Entre los riesgos globales destacan el escalamiento de las tensiones comerciales y el agravamiento de los conflictos geopol\u00edticos, con posibles impactos en la inflaci\u00f3n, la actividad econ\u00f3mica y la volatilidad de los mercados financieros\u201d.<\/p>\n<p>El comunicado del Banxico tambi\u00e9n expone que \u201cdesde la pasada decisi\u00f3n de pol\u00edtica monetaria, las tasas de inter\u00e9s de valores gubernamentales en M\u00e9xico aumentaron en la mayor\u00eda de sus plazos\u201d y que \u201cel peso mexicano se apreci\u00f3\u201d.<\/p>\n<p>Esto \u00faltimo parece positivo y puede ser motivo de orgullo, pero algunos especialistas advierten que no todo resulta provechoso.<\/p>\n<p>Entre los resultados positivos se mencionan la reducci\u00f3n del costo de las importaciones, pero del otro lado el encarecimiento de los productos mexicanos de exportaci\u00f3n, lo cual ocasionar\u00eda un mayor desequilibrio en la balanza comercial de nuestro pa\u00eds. Tambi\u00e9n resulta positivo para los nacionales que tienen capacidad para viajar al extranjero, pero ese sector de la sociedad es muy reducido.<\/p>\n<p>Entre los potenciales afectados est\u00e1n las numerosas familias de escasos recursos que reciben las remesas de sus parientes que trabajan en el extranjero, b\u00e1sicamente en los Estados Unidos, pues recibir\u00e1n menos pesos por cada d\u00f3lar enviado, lo que reduce su poder adquisitivo.<\/p>\n<p>El llamado \u201csuperpeso\u201d genera presi\u00f3n sobre las empresas que dependen de las exportaciones o del turismo cuyas ganancias se reducir\u00e1n al recibir menos pesos por los servicios o bienes vendidos en d\u00f3lares.<\/p>\n<p>En su comunicado, el Banco de M\u00e9xico revela que, entre la primera quincena de octubre y el mes de noviembre, la inflaci\u00f3n general aument\u00f3 de 3.63 a 3.80%, y la subyacente, de 4.24 a 4.43%, principalmente por un aumento en la inflaci\u00f3n de las mercanc\u00edas no alimenticias.<\/p>\n<p>No obstante, \u201clas expectativas de inflaci\u00f3n general para el cierre de 2025 disminuyeron ligeramente\u201d y detalla que \u201clos pron\u00f3sticos de las inflaciones general y subyacente se ajustaron al alza para el cuarto trimestre de 2025 y los siguientes dos. Dicho ajuste es resultado principalmente de una reducci\u00f3n m\u00e1s gradual de lo previsto en la inflaci\u00f3n de servicios, mientras que el aumento registrado en la inflaci\u00f3n de las mercanc\u00edas tiene un impacto menor\u201d.<\/p>\n<p>M\u00e1s all\u00e1 de las estimaciones de la junta directiva del Banco de M\u00e9xico, el Indicador Oportuno de la Actividad Econ\u00f3mica (IOAE) de Inegi indica que \u201cla econom\u00eda mexicana habr\u00eda registrado una nueva contracci\u00f3n en noviembre, con una ca\u00edda mensual estimada del 0.2%\u201d, retroceso que interrumpe la leve recuperaci\u00f3n del 0.5% estimada para octubre y posiciona a noviembre como el quinto mes del a\u00f1o con crecimiento negativo.<\/p>\n<p>El informe del Inegi se\u00f1ala que la contracci\u00f3n de noviembre se explica por los desempe\u00f1os negativos en los dos principales sectores. Para las actividades secundarias (industria) se prev\u00e9 una ca\u00edda mensual del 0.3%, mientras que el sector terciario (servicios) tendr\u00eda un retroceso del 0.1%.<\/p>\n<p>Un vistazo general indica que la econom\u00eda mexicana habr\u00eda ca\u00eddo en cinco meses de 2025: marzo (-0.2%), mayo (-0.1%), julio (-0.4%), septiembre (-0.6%) y ahora noviembre (-0.2%).<\/p>\n<p>Para completar el panorama, vale citar los resultados de la m\u00e1s reciente consulta que hizo el mencionado Banxico entre especialistas del sector privado, en el cual dichos expertos volvieron a recortar su perspectiva de crecimiento para el pa\u00eds este a\u00f1o, para dejarlo apenas 0.37% contra el dato de 0.39% del mes previo.<\/p>\n<p>El nuevo dato, hecho p\u00fablico hace cuatro d\u00edas, contrasta con la expectativa que tiene el gobierno de la presidenta Claudia Sheinbaum que estima el crecimiento entre 0.5 y 1.5 por ciento.<\/p>\n<p>A final de cuentas, el panorama resulta poco atractivo, sobre todo por las amenazas provenientes del vecino pa\u00eds del norte.<\/p>\n<p>&nbsp;<\/p>\n<p><strong>\u00a0\u00a0\u00a0\u00a0\u00a0\u00a0\u00a0\u00a0 \u201cLa reforma electoral que nadie pidi\u00f3\u201d<\/strong><\/p>\n<p><strong>\u00a0<\/strong><\/p>\n<p>A la numerosas expresiones de inconformidad ante la reforma electoral que prepara el gobierno de la llamada Cuarta Transformaci\u00f3n se sum\u00f3 el coordinador de la bancada del PRI en la C\u00e1mara de Diputados, el ex gobernador de Coahuila Rub\u00e9n Moreira Valdez, quien destac\u00f3 que nadie solicit\u00f3 esos cambios.<\/p>\n<p>El legislador asegur\u00f3 que el \u00fanico inter\u00e9s proviene del gobierno federal, el cual \u201cbusca concentrar el control de los aparatos electorales\u201d.<\/p>\n<p>Moreira se\u00f1al\u00f3 tres puntos cr\u00edticos: la desaparici\u00f3n de los OPLES, el financiamiento a partidos y la eliminaci\u00f3n de plurinominales.<\/p>\n<p>\u201cSe les olvida que somos un pa\u00eds federado, que los estados tienen autonom\u00eda. \u00bfQui\u00e9n va a financiar la pol\u00edtica si recortan recursos? \u00bfEl narcotr\u00e1fico? \u00bfO solo los grandes ricos como en otros pa\u00edses?\u201d, cuestion\u00f3. Sobre los plurinominales, advirti\u00f3 que Morena busca eliminar la representaci\u00f3n proporcional para concentrar poder. \u201cCon el 54% de los votos se quedaron con el 75% de las curules. Eso no es democracia, es abuso\u201d, sentenci\u00f3.<\/p>\n<p>El legislador critic\u00f3 los parlamentos abiertos convocados por Morena, calific\u00e1ndolos como simulaci\u00f3n. \u201cNunca han cambiado nada. Participar ser\u00eda legitimar una reforma viciada que no surge de la oposici\u00f3n ni de un reclamo democr\u00e1tico, sino de un plan para perpetuarse en el poder\u201d, afirm\u00f3. Compar\u00f3 la estrategia con modelos autoritarios: \u201cEst\u00e1n desmantelando los \u00f3rganos electorales, muy a la venezolana. Cuando pierdan en 2030, van a decir que ganaron porque as\u00ed lo dice su powerpoint\u201d.<\/p>\n<p>Moreira tambi\u00e9n acus\u00f3 que el INE est\u00e1 \u201ccolonizado por Morena\u201d y denunci\u00f3 la falta de legitimidad en las reformas constitucionales impulsadas por la 4T. \u201cPresumen haber modificado el 70% de la Constituci\u00f3n sin tener el soporte del voto popular. Sacaron el 54% de los votos y tienen el 75% de los diputados. Eso es un robo a la legitimidad del pa\u00eds\u201d, enfatiz\u00f3.<\/p>\n<p>El coordinador priista cerr\u00f3 con una postura firme: \u201cNunca seremos paleros de una mayor\u00eda espuria. No vamos a llevar propuestas a una mesa que es una trampa. Que ellos asuman su responsabilidad hist\u00f3rica de destruir el pa\u00eds\u201d.<\/p>\n<p>&nbsp;<\/p>\n<p>AVISO: Esta columna dejar\u00e1 de aparecer en lo que resta del a\u00f1o. Nos reencontraremos el 5 de enero de 2026. Mientras tanto: \u00a1Muchas felicidades!<\/p>\n<p>&nbsp;<\/p>\n<p>&nbsp;<\/p>\n","protected":false},"excerpt":{"rendered":"<p>CLASE POLITICA\u00a0Miguel \u00c1ngel Rivera \u00a0 &nbsp; \u00a0 Lamentable, pero al acercarse el fin de a\u00f1o, la econom\u00eda mexicana no reacciona y los pron\u00f3sticos son poco halag\u00fce\u00f1os. Esta posici\u00f3n se fundamenta en los resultados del Indicador Oportuno dado a conocer por el Instituto Nacional de Estad\u00edstica y Geograf\u00eda (Inegi), correspondiente al reci\u00e9n concluido noviembre, en el [&hellip;]<\/p>\n","protected":false},"author":14,"featured_media":0,"comment_status":"open","ping_status":"open","sticky":false,"template":"","format":"standard","meta":{"_monsterinsights_skip_tracking":false,"_monsterinsights_sitenote_active":false,"_monsterinsights_sitenote_note":"","_monsterinsights_sitenote_category":0,"footnotes":""},"categories":[84119,4],"tags":[],"class_list":["post-699291","post","type-post","status-publish","format-standard","hentry","category-miguel-angel-rivera","category-opinion"],"_links":{"self":[{"href":"https:\/\/www.diarioimagen.net\/index.php?rest_route=\/wp\/v2\/posts\/699291","targetHints":{"allow":["GET"]}}],"collection":[{"href":"https:\/\/www.diarioimagen.net\/index.php?rest_route=\/wp\/v2\/posts"}],"about":[{"href":"https:\/\/www.diarioimagen.net\/index.php?rest_route=\/wp\/v2\/types\/post"}],"author":[{"embeddable":true,"href":"https:\/\/www.diarioimagen.net\/index.php?rest_route=\/wp\/v2\/users\/14"}],"replies":[{"embeddable":true,"href":"https:\/\/www.diarioimagen.net\/index.php?rest_route=%2Fwp%2Fv2%2Fcomments&post=699291"}],"version-history":[{"count":1,"href":"https:\/\/www.diarioimagen.net\/index.php?rest_route=\/wp\/v2\/posts\/699291\/revisions"}],"predecessor-version":[{"id":699292,"href":"https:\/\/www.diarioimagen.net\/index.php?rest_route=\/wp\/v2\/posts\/699291\/revisions\/699292"}],"wp:attachment":[{"href":"https:\/\/www.diarioimagen.net\/index.php?rest_route=%2Fwp%2Fv2%2Fmedia&parent=699291"}],"wp:term":[{"taxonomy":"category","embeddable":true,"href":"https:\/\/www.diarioimagen.net\/index.php?rest_route=%2Fwp%2Fv2%2Fcategories&post=699291"},{"taxonomy":"post_tag","embeddable":true,"href":"https:\/\/www.diarioimagen.net\/index.php?rest_route=%2Fwp%2Fv2%2Ftags&post=699291"}],"curies":[{"name":"wp","href":"https:\/\/api.w.org\/{rel}","templated":true}]}}