{"id":699299,"date":"2025-12-18T20:13:01","date_gmt":"2025-12-19T02:13:01","guid":{"rendered":"https:\/\/www.diarioimagen.net\/?p=699299"},"modified":"2025-12-18T20:13:01","modified_gmt":"2025-12-19T02:13:01","slug":"se-incorporan-casi-mil-nuevos-policias-a-labores-de-seguridad-en-el-edomex","status":"publish","type":"post","link":"https:\/\/www.diarioimagen.net\/?p=699299","title":{"rendered":"\u00a0Se incorporan casi mil nuevos polic\u00edas  a labores de seguridad en el Edomex"},"content":{"rendered":"<ul>\n<li><strong>Formaci\u00f3n con habilidades operativas y valores \u00e9ticos<\/strong><\/li>\n<li><strong>La gobernadora Delfina G\u00f3mez encabez\u00f3 la clausura de los cursos de formaci\u00f3n inicial en la Universidad Mexiquense de Seguridad<\/strong><\/li>\n<\/ul>\n<p><img loading=\"lazy\" decoding=\"async\" class=\"alignnone wp-image-699300 size-large\" src=\"https:\/\/www.diarioimagen.net\/wp-content\/uploads\/2025\/12\/EDOMEX-1-ok-11-405x270.jpg\" alt=\"\" width=\"405\" height=\"270\" srcset=\"https:\/\/www.diarioimagen.net\/wp-content\/uploads\/2025\/12\/EDOMEX-1-ok-11-405x270.jpg 405w, https:\/\/www.diarioimagen.net\/wp-content\/uploads\/2025\/12\/EDOMEX-1-ok-11-240x160.jpg 240w, https:\/\/www.diarioimagen.net\/wp-content\/uploads\/2025\/12\/EDOMEX-1-ok-11-768x511.jpg 768w, https:\/\/www.diarioimagen.net\/wp-content\/uploads\/2025\/12\/EDOMEX-1-ok-11.jpg 1500w\" sizes=\"auto, (max-width: 405px) 100vw, 405px\" \/><\/p>\n<p>&nbsp;<\/p>\n<p>Toluca, Estado de M\u00e9xico.\u2013 El gobierno del Estado de M\u00e9xico, encabezado por la gobernadora Delfina G\u00f3mez \u00c1lvarez, concluy\u00f3 la formaci\u00f3n de 996 nuevos elementos de Polic\u00eda de Proximidad Estatal, Municipal y Custodios Penitenciarios, quienes se suman de manera directa a las labores de seguridad y atenci\u00f3n ciudadana en distintos municipios de la entidad.<\/p>\n<p>\u201cQuienes forman parte de esta generaci\u00f3n tendr\u00e1n una tarea muy relevante, pues estar\u00e1n en zonas estrat\u00e9gicas para apoyar labores de prevenci\u00f3n, mejorar la convivencia y ofrecer una respuesta m\u00e1s \u00e1gil ante situaciones de riesgo\u201d, expres\u00f3 la gobernadora Delfina G\u00f3mez \u00c1lvarez.<\/p>\n<p>Durante la ceremonia de clausura de cursos, impartidos por la Universidad Mexiquense de Seguridad, la Mandataria estatal se\u00f1al\u00f3 que la incorporaci\u00f3n de estos elementos forma parte de la estrategia implementada por su administraci\u00f3n, para dar mayor tranquilidad a los y las mexiquenses.<\/p>\n<p>Adem\u00e1s, reconoci\u00f3 el acompa\u00f1amiento del Gobierno de M\u00e9xico y el inter\u00e9s de la Presidenta Claudia Sheinbaum. \u201cElla me ha expresado personalmente su respeto y reconocimiento hacia la labor que se est\u00e1 realizando en el Estado de M\u00e9xico para garantizar la tranquilidad y construir la paz que tanto anhelan las familias mexiquenses\u201d, afirm\u00f3 la Mandataria mexiquense.<\/p>\n<p>La formaci\u00f3n de los nuevos elementos incluye disciplina, conocimientos t\u00e9cnicos, habilidades operativas y valores \u00e9ticos, adem\u00e1s de actividades complementarias como foros internacionales con especialistas en seguridad y torneos t\u00e1cticos y deportivos.<\/p>\n<p>Del total de egresados, 501 corresponden a Polic\u00eda de Proximidad Estatal, 276 a Polic\u00eda de Proximidad Municipal y 219 a Polic\u00edas Custodios Penitenciarios, quienes se integran a los trabajos de seguridad en beneficio de casi 18 millones de habitantes del Estado de M\u00e9xico.<\/p>\n<p>Acompa\u00f1ada de Horacio Duarte Olivares, Secretario General de Gobierno, la Gobernadora agradeci\u00f3 a las familias de las y los cadetes por su confianza y destac\u00f3 que el Gobierno del Estado de M\u00e9xico mantiene inversiones en equipamiento, patrullas y mejores condiciones laborales para quienes integran los cuerpos de seguridad.<\/p>\n<p>&nbsp;<\/p>\n<p>&nbsp;<\/p>\n<p>&nbsp;<\/p>\n<p><strong>\u00a0<\/strong><\/p>\n","protected":false},"excerpt":{"rendered":"<p>Formaci\u00f3n con habilidades operativas y valores \u00e9ticos La gobernadora Delfina G\u00f3mez encabez\u00f3 la clausura de los cursos de formaci\u00f3n inicial en la Universidad Mexiquense de Seguridad &nbsp; Toluca, Estado de M\u00e9xico.\u2013 El gobierno del Estado de M\u00e9xico, encabezado por la gobernadora Delfina G\u00f3mez \u00c1lvarez, concluy\u00f3 la formaci\u00f3n de 996 nuevos elementos de Polic\u00eda de Proximidad [&hellip;]<\/p>\n","protected":false},"author":14,"featured_media":699300,"comment_status":"open","ping_status":"open","sticky":false,"template":"","format":"standard","meta":{"_monsterinsights_skip_tracking":false,"_monsterinsights_sitenote_active":false,"_monsterinsights_sitenote_note":"","_monsterinsights_sitenote_category":0,"footnotes":""},"categories":[5],"tags":[],"class_list":["post-699299","post","type-post","status-publish","format-standard","has-post-thumbnail","hentry","category-estado-de-mexico"],"_links":{"self":[{"href":"https:\/\/www.diarioimagen.net\/index.php?rest_route=\/wp\/v2\/posts\/699299","targetHints":{"allow":["GET"]}}],"collection":[{"href":"https:\/\/www.diarioimagen.net\/index.php?rest_route=\/wp\/v2\/posts"}],"about":[{"href":"https:\/\/www.diarioimagen.net\/index.php?rest_route=\/wp\/v2\/types\/post"}],"author":[{"embeddable":true,"href":"https:\/\/www.diarioimagen.net\/index.php?rest_route=\/wp\/v2\/users\/14"}],"replies":[{"embeddable":true,"href":"https:\/\/www.diarioimagen.net\/index.php?rest_route=%2Fwp%2Fv2%2Fcomments&post=699299"}],"version-history":[{"count":1,"href":"https:\/\/www.diarioimagen.net\/index.php?rest_route=\/wp\/v2\/posts\/699299\/revisions"}],"predecessor-version":[{"id":699301,"href":"https:\/\/www.diarioimagen.net\/index.php?rest_route=\/wp\/v2\/posts\/699299\/revisions\/699301"}],"wp:featuredmedia":[{"embeddable":true,"href":"https:\/\/www.diarioimagen.net\/index.php?rest_route=\/wp\/v2\/media\/699300"}],"wp:attachment":[{"href":"https:\/\/www.diarioimagen.net\/index.php?rest_route=%2Fwp%2Fv2%2Fmedia&parent=699299"}],"wp:term":[{"taxonomy":"category","embeddable":true,"href":"https:\/\/www.diarioimagen.net\/index.php?rest_route=%2Fwp%2Fv2%2Fcategories&post=699299"},{"taxonomy":"post_tag","embeddable":true,"href":"https:\/\/www.diarioimagen.net\/index.php?rest_route=%2Fwp%2Fv2%2Ftags&post=699299"}],"curies":[{"name":"wp","href":"https:\/\/api.w.org\/{rel}","templated":true}]}}