{"id":699315,"date":"2025-12-18T20:25:27","date_gmt":"2025-12-19T02:25:27","guid":{"rendered":"https:\/\/www.diarioimagen.net\/?p=699315"},"modified":"2025-12-18T20:25:27","modified_gmt":"2025-12-19T02:25:27","slug":"apoya-gem-a-apicultores-con-asesoria-tecnica-y-tecnologia","status":"publish","type":"post","link":"https:\/\/www.diarioimagen.net\/?p=699315","title":{"rendered":"Apoya GEM a  apicultores con  asesor\u00eda t\u00e9cnica  y tecnolog\u00eda"},"content":{"rendered":"<ul>\n<li><strong>Cuidado de las abejas<\/strong><\/li>\n<\/ul>\n<p><strong><img loading=\"lazy\" decoding=\"async\" class=\"alignnone wp-image-699320 size-large\" src=\"https:\/\/www.diarioimagen.net\/wp-content\/uploads\/2025\/12\/MIEL-360x270.jpeg\" alt=\"\" width=\"360\" height=\"270\" srcset=\"https:\/\/www.diarioimagen.net\/wp-content\/uploads\/2025\/12\/MIEL-360x270.jpeg 360w, https:\/\/www.diarioimagen.net\/wp-content\/uploads\/2025\/12\/MIEL-240x180.jpeg 240w, https:\/\/www.diarioimagen.net\/wp-content\/uploads\/2025\/12\/MIEL-768x576.jpeg 768w, https:\/\/www.diarioimagen.net\/wp-content\/uploads\/2025\/12\/MIEL-1536x1152.jpeg 1536w, https:\/\/www.diarioimagen.net\/wp-content\/uploads\/2025\/12\/MIEL.jpeg 1575w\" sizes=\"auto, (max-width: 360px) 100vw, 360px\" \/>\u00a0<\/strong><\/p>\n<p><strong>\u00a0<\/strong><\/p>\n<p>&nbsp;<\/p>\n<p>&nbsp;<\/p>\n<p>&nbsp;<\/p>\n<p>Villa Guerrero, Estado de M\u00e9xico.- El Gobierno del Estado de M\u00e9xico, a trav\u00e9s de la Secretar\u00eda del Campo (SeCampo) y del Instituto de Investigaci\u00f3n Agropecuaria, Acu\u00edcola y Forestal del Estado de M\u00e9xico (ICAMEX) impulsa la apicultura con transferencia tecnol\u00f3gica, cursos y asesor\u00eda t\u00e9cnica agroecol\u00f3gica para cuidar a los polinizadores m\u00e1s importantes del planeta: las abejas.<\/p>\n<p>La apicultura es una actividad indispensable para producci\u00f3n de alimentos; la abeja es un insecto de valor incalculable, pues sin su labor, la humanidad perder\u00eda m\u00e1s del 70 por ciento de las especies vegetales que consume diariamente, expres\u00f3 Alvick S\u00e1nchez D\u00edaz, auxiliar de investigador en el \u00e1rea Pecuaria del Icamex.<\/p>\n<p>Destac\u00f3 el trabajo que se realiza para fortalecer esta actividad en el Estado de M\u00e9xico, a trav\u00e9s de siete apiarios ubicados en el Centro de Investigaci\u00f3n y Transferencia de Tecnolog\u00eda (CITT) La Paz, en Villa Guerrero, donde se resguardan 87 c\u00e1maras de cr\u00eda, 120 n\u00facleos de fecundaci\u00f3n y dos incubadoras.<\/p>\n<p>El Icamex promueve adem\u00e1s la creaci\u00f3n de jardines para polinizadores, donde se orienta a la ciudadan\u00eda sobre las plantas que favorecen la alimentaci\u00f3n de especies silvestres adem\u00e1s de las abejas, con el uso de especies vegetales con flor como salvias, lavandas, girasoles, hortensias, dalias, diente de le\u00f3n, cosmos y aceitillo.<\/p>\n<p>Tambi\u00e9n produce n\u00facleos de abejas y reinas para quienes desean iniciar o fortalecer sus apiarios, cuyo costo subsidiado 2025 es de 172 pesos la abeja reina y 804 pesos el n\u00facleo, que consta de cuatro bastidores, abejas reina y alimento, listos para integrarse a un apiario; adem\u00e1s, el personal t\u00e9cnico del Icamex brinda capacita y acompa\u00f1a a los nuevos apicultores para asegurar el adecuado desarrollo de sus colonias.<\/p>\n<p>De igual manera, ofrece formaci\u00f3n b\u00e1sica, intermedia y avanzada, donde los participantes aprenden conceptos clave, manejo de herramientas, inversi\u00f3n inicial, temas de sanidad, control de plagas y manejo integral de apiarios. \u201cPara quienes desean especializarse, se ofrece el curso de traslarve, el m\u00e1s avanzado del programa\u201d, inform\u00f3 S\u00e1nchez D\u00edaz.<\/p>\n<p>Agreg\u00f3 que en 2025 se atendi\u00f3 a 321 productoras y productores con 20 cursos, desde lo b\u00e1sico hasta el avanzado, as\u00ed como en la transformaci\u00f3n de productos de la colmena, como jabones y jarabes.<\/p>\n<p>Para m\u00e1s informaci\u00f3n acerca de los servicios y apoyos que ofrece el Icamex a los apicultores, las personas interesadas pueden comunicarse de lunes a viernes, en horario de 9:00 a 18:00 horas, al n\u00famero telef\u00f3nico 722-235-0946, o bien escribir al correo electr\u00f3nico icamex.capacitacion@edomex.gob.mx.<\/p>\n<p>&nbsp;<\/p>\n<p>&nbsp;<\/p>\n<p>&nbsp;<\/p>\n","protected":false},"excerpt":{"rendered":"<p>Cuidado de las abejas \u00a0 \u00a0 &nbsp; &nbsp; &nbsp; Villa Guerrero, Estado de M\u00e9xico.- El Gobierno del Estado de M\u00e9xico, a trav\u00e9s de la Secretar\u00eda del Campo (SeCampo) y del Instituto de Investigaci\u00f3n Agropecuaria, Acu\u00edcola y Forestal del Estado de M\u00e9xico (ICAMEX) impulsa la apicultura con transferencia tecnol\u00f3gica, cursos y asesor\u00eda t\u00e9cnica agroecol\u00f3gica para cuidar [&hellip;]<\/p>\n","protected":false},"author":14,"featured_media":699320,"comment_status":"open","ping_status":"open","sticky":false,"template":"","format":"standard","meta":{"_monsterinsights_skip_tracking":false,"_monsterinsights_sitenote_active":false,"_monsterinsights_sitenote_note":"","_monsterinsights_sitenote_category":0,"footnotes":""},"categories":[5],"tags":[],"class_list":["post-699315","post","type-post","status-publish","format-standard","has-post-thumbnail","hentry","category-estado-de-mexico"],"_links":{"self":[{"href":"https:\/\/www.diarioimagen.net\/index.php?rest_route=\/wp\/v2\/posts\/699315","targetHints":{"allow":["GET"]}}],"collection":[{"href":"https:\/\/www.diarioimagen.net\/index.php?rest_route=\/wp\/v2\/posts"}],"about":[{"href":"https:\/\/www.diarioimagen.net\/index.php?rest_route=\/wp\/v2\/types\/post"}],"author":[{"embeddable":true,"href":"https:\/\/www.diarioimagen.net\/index.php?rest_route=\/wp\/v2\/users\/14"}],"replies":[{"embeddable":true,"href":"https:\/\/www.diarioimagen.net\/index.php?rest_route=%2Fwp%2Fv2%2Fcomments&post=699315"}],"version-history":[{"count":1,"href":"https:\/\/www.diarioimagen.net\/index.php?rest_route=\/wp\/v2\/posts\/699315\/revisions"}],"predecessor-version":[{"id":699329,"href":"https:\/\/www.diarioimagen.net\/index.php?rest_route=\/wp\/v2\/posts\/699315\/revisions\/699329"}],"wp:featuredmedia":[{"embeddable":true,"href":"https:\/\/www.diarioimagen.net\/index.php?rest_route=\/wp\/v2\/media\/699320"}],"wp:attachment":[{"href":"https:\/\/www.diarioimagen.net\/index.php?rest_route=%2Fwp%2Fv2%2Fmedia&parent=699315"}],"wp:term":[{"taxonomy":"category","embeddable":true,"href":"https:\/\/www.diarioimagen.net\/index.php?rest_route=%2Fwp%2Fv2%2Fcategories&post=699315"},{"taxonomy":"post_tag","embeddable":true,"href":"https:\/\/www.diarioimagen.net\/index.php?rest_route=%2Fwp%2Fv2%2Ftags&post=699315"}],"curies":[{"name":"wp","href":"https:\/\/api.w.org\/{rel}","templated":true}]}}