{"id":699460,"date":"2025-12-21T23:38:04","date_gmt":"2025-12-22T05:38:04","guid":{"rendered":"https:\/\/www.diarioimagen.net\/?p=699460"},"modified":"2025-12-21T23:38:04","modified_gmt":"2025-12-22T05:38:04","slug":"el-gobierno-de-zumpango-provoca-conflicto-con-clausura-de-una-mina","status":"publish","type":"post","link":"https:\/\/www.diarioimagen.net\/?p=699460","title":{"rendered":"\u00a0  El gobierno de Zumpango provoca  conflicto con clausura de una mina"},"content":{"rendered":"<ul>\n<li><strong>Est\u00e1 ubicada en territorio de Tequixquiac<\/strong><\/li>\n<\/ul>\n<p><img loading=\"lazy\" decoding=\"async\" class=\"alignnone wp-image-699461 size-large\" src=\"https:\/\/www.diarioimagen.net\/wp-content\/uploads\/2025\/12\/BAENA-2-ok-15-350x270.jpg\" alt=\"\" width=\"350\" height=\"270\" srcset=\"https:\/\/www.diarioimagen.net\/wp-content\/uploads\/2025\/12\/BAENA-2-ok-15-350x270.jpg 350w, https:\/\/www.diarioimagen.net\/wp-content\/uploads\/2025\/12\/BAENA-2-ok-15-240x185.jpg 240w, https:\/\/www.diarioimagen.net\/wp-content\/uploads\/2025\/12\/BAENA-2-ok-15-768x593.jpg 768w, https:\/\/www.diarioimagen.net\/wp-content\/uploads\/2025\/12\/BAENA-2-ok-15-1536x1185.jpg 1536w, https:\/\/www.diarioimagen.net\/wp-content\/uploads\/2025\/12\/BAENA-2-ok-15-2048x1580.jpg 2048w\" sizes=\"auto, (max-width: 350px) 100vw, 350px\" \/><\/p>\n<p>&nbsp;<\/p>\n<p>Zumpango, Mex.- Extralimit\u00e1ndose en sus funciones, el gobierno de Zumpango determin\u00f3 colocar sellos de suspensi\u00f3n en una mina que se ubica en territorio de la alcald\u00eda de Tequixquiac, propiciando un conflicto por diferendo violentando la ley correspondiente.<\/p>\n<p>&nbsp;<\/p>\n<p>La mina ubicada en Tequixquiac es operada por trabajadores de un gremio sindical legalmente constituido, y la operaci\u00f3n de la mina tiene todo el respaldo legal de los permisos y licencias correspondientes.<\/p>\n<p>&nbsp;<\/p>\n<p>De acuerdo con los trabajadores y personal administrativo de la mina se cuenta con todos los permisos correspondientes emitidos por el Gobierno del Estado y las autoridades competentes, fue clausurado de manera irregular por el Ayuntamiento de Zumpango.<\/p>\n<p>&nbsp;<\/p>\n<p>Esta acci\u00f3n representa un abuso de autoridad de la Presidenta Municipal, ya que el gobierno municipal de Zumpango no tiene jurisdicci\u00f3n ni facultades legales para intervenir en una actividad que se desarrolla fuera de su territorio y que cumple con la normatividad vigente.<\/p>\n<p>&nbsp;<\/p>\n<p>Ante esta arbitrariedad, en la que est\u00e1 incurriendo el Ayuntamiento de Zumpango, se hace un llamado urgente a las autoridades competentes para que intervengan, revisen estos actos fuera de la ley y garanticen el respeto al marco legal, a las competencias de cada nivel de gobierno y al estado de Derecho.<\/p>\n<p>&nbsp;<\/p>\n<p>&nbsp;<\/p>\n<p>&nbsp;<\/p>\n","protected":false},"excerpt":{"rendered":"<p>Est\u00e1 ubicada en territorio de Tequixquiac &nbsp; Zumpango, Mex.- Extralimit\u00e1ndose en sus funciones, el gobierno de Zumpango determin\u00f3 colocar sellos de suspensi\u00f3n en una mina que se ubica en territorio de la alcald\u00eda de Tequixquiac, propiciando un conflicto por diferendo violentando la ley correspondiente. &nbsp; La mina ubicada en Tequixquiac es operada por trabajadores de [&hellip;]<\/p>\n","protected":false},"author":14,"featured_media":699461,"comment_status":"open","ping_status":"open","sticky":false,"template":"","format":"standard","meta":{"_monsterinsights_skip_tracking":false,"_monsterinsights_sitenote_active":false,"_monsterinsights_sitenote_note":"","_monsterinsights_sitenote_category":0,"footnotes":""},"categories":[5],"tags":[],"class_list":["post-699460","post","type-post","status-publish","format-standard","has-post-thumbnail","hentry","category-estado-de-mexico"],"_links":{"self":[{"href":"https:\/\/www.diarioimagen.net\/index.php?rest_route=\/wp\/v2\/posts\/699460","targetHints":{"allow":["GET"]}}],"collection":[{"href":"https:\/\/www.diarioimagen.net\/index.php?rest_route=\/wp\/v2\/posts"}],"about":[{"href":"https:\/\/www.diarioimagen.net\/index.php?rest_route=\/wp\/v2\/types\/post"}],"author":[{"embeddable":true,"href":"https:\/\/www.diarioimagen.net\/index.php?rest_route=\/wp\/v2\/users\/14"}],"replies":[{"embeddable":true,"href":"https:\/\/www.diarioimagen.net\/index.php?rest_route=%2Fwp%2Fv2%2Fcomments&post=699460"}],"version-history":[{"count":1,"href":"https:\/\/www.diarioimagen.net\/index.php?rest_route=\/wp\/v2\/posts\/699460\/revisions"}],"predecessor-version":[{"id":699462,"href":"https:\/\/www.diarioimagen.net\/index.php?rest_route=\/wp\/v2\/posts\/699460\/revisions\/699462"}],"wp:featuredmedia":[{"embeddable":true,"href":"https:\/\/www.diarioimagen.net\/index.php?rest_route=\/wp\/v2\/media\/699461"}],"wp:attachment":[{"href":"https:\/\/www.diarioimagen.net\/index.php?rest_route=%2Fwp%2Fv2%2Fmedia&parent=699460"}],"wp:term":[{"taxonomy":"category","embeddable":true,"href":"https:\/\/www.diarioimagen.net\/index.php?rest_route=%2Fwp%2Fv2%2Fcategories&post=699460"},{"taxonomy":"post_tag","embeddable":true,"href":"https:\/\/www.diarioimagen.net\/index.php?rest_route=%2Fwp%2Fv2%2Ftags&post=699460"}],"curies":[{"name":"wp","href":"https:\/\/api.w.org\/{rel}","templated":true}]}}