{"id":699473,"date":"2025-12-21T23:50:13","date_gmt":"2025-12-22T05:50:13","guid":{"rendered":"https:\/\/www.diarioimagen.net\/?p=699473"},"modified":"2025-12-21T23:50:13","modified_gmt":"2025-12-22T05:50:13","slug":"entrega-de-cascos-a-motociclistas-para-mejorar-la-seguridad-vial-en-el-edomex","status":"publish","type":"post","link":"https:\/\/www.diarioimagen.net\/?p=699473","title":{"rendered":"Entrega de cascos  a motociclistas para  mejorar la seguridad  vial en el Edomex"},"content":{"rendered":"<ul>\n<li><strong>Avanza certificaci\u00f3n<\/strong><\/li>\n<\/ul>\n<p><strong>\u00a0<\/strong><\/p>\n<p>&nbsp;<\/p>\n<div id=\"attachment_699474\" style=\"width: 415px\" class=\"wp-caption alignnone\"><img loading=\"lazy\" decoding=\"async\" aria-describedby=\"caption-attachment-699474\" class=\"wp-image-699474 size-large\" src=\"https:\/\/www.diarioimagen.net\/wp-content\/uploads\/2025\/12\/CASCOS-405x270.jpeg\" alt=\"\" width=\"405\" height=\"270\" srcset=\"https:\/\/www.diarioimagen.net\/wp-content\/uploads\/2025\/12\/CASCOS-405x270.jpeg 405w, https:\/\/www.diarioimagen.net\/wp-content\/uploads\/2025\/12\/CASCOS-240x160.jpeg 240w, https:\/\/www.diarioimagen.net\/wp-content\/uploads\/2025\/12\/CASCOS-768x512.jpeg 768w, https:\/\/www.diarioimagen.net\/wp-content\/uploads\/2025\/12\/CASCOS-1536x1025.jpeg 1536w, https:\/\/www.diarioimagen.net\/wp-content\/uploads\/2025\/12\/CASCOS.jpeg 1575w\" sizes=\"auto, (max-width: 405px) 100vw, 405px\" \/><p id=\"caption-attachment-699474\" class=\"wp-caption-text\">Se entregaron en Ecatepec mil cascos certificados a colectivos de motociclistas y repartidores por aplicaci\u00f3n.<\/p><\/div>\n<p><strong>\u00a0<\/strong><\/p>\n<p><strong>\u00a0<\/strong><\/p>\n<p>&nbsp;<\/p>\n<p>Mario Delgado Carrillo y Daniel Sibaja entregaron mil cascos a colectivos de motociclistas y repartidores por aplicaci\u00f3n en Ecatepec.<\/p>\n<p>Adem\u00e1s, en lo que va del a\u00f1o se ha certificado a 60 mil conductores de este tipo de veh\u00edculos.<\/p>\n<p>&nbsp;<\/p>\n<p>ECATEPEC, Estado de M\u00e9xico.\u2013 Como parte de las acciones que se desarrollan para mejorar la seguridad vial en el Estado de M\u00e9xico, el Gobierno de la Maestra Delfina G\u00f3mez \u00c1lvarez, en coordinaci\u00f3n con el Gobierno de la Presidenta Claudia Sheinbaum, entregaron en Ecatepec mil cascos certificados a colectivos de motociclistas y repartidores por aplicaci\u00f3n.<\/p>\n<p>&nbsp;<\/p>\n<p>Acompa\u00f1ado por Mario Delgado Carrillo, Secretario de Educaci\u00f3n P\u00fablica (SEP), Daniel Sibaja Gonz\u00e1lez, Secretario de Movilidad estatal, explic\u00f3 que a la fecha se han entregado en territorio mexiquense mil 600 cascos de motociclistas y se han realizado 60 mil certificaciones a conductores de estos veh\u00edculos, avaladas por el Consejo Nacional de Normalizaci\u00f3n y Certificaci\u00f3n de Competencias Laborales (Conocer).<\/p>\n<p>&nbsp;<\/p>\n<p>Mario Delgado destac\u00f3 que las certificaciones reflejan el compromiso del Gobierno de la Maestra Delfina G\u00f3mez \u00c1lvarez con una movilidad m\u00e1s segura e incluyente y que posicionan a la entidad mexiquense como l\u00edder regional en materia de protecci\u00f3n vial para motociclistas.<\/p>\n<p>&nbsp;<\/p>\n<p>Durante el evento, Mar\u00eda Guillermina Alvarado Moreno, Directora Conocer, entreg\u00f3 un reconocimiento a la Semov por llegar a la meta de 60 mil certificaciones.<\/p>\n<p>&nbsp;<\/p>\n<p>Estuvieron presentes, Azucena Cisneros Coss, Presidenta Municipal de Ecatepec; Gonzalo Pe\u00f3n Carballo, Director Ejecutivo del Institute for Transportation and Development Policy (ITDP); Isaac Deneb Casta\u00f1eda Alc\u00e1ntara, Vocal Ejecutivo de la Alianza Nacional por la Seguridad Vial (Anasevi) y Candi Ashanti Dom\u00ednguez Manjarrez, Vocal Ejecutiva del Instituto del Transporte del Estado de M\u00e9xico.<\/p>\n<p>&nbsp;<\/p>\n<p>&nbsp;<\/p>\n","protected":false},"excerpt":{"rendered":"<p>Avanza certificaci\u00f3n \u00a0 &nbsp; \u00a0 \u00a0 &nbsp; Mario Delgado Carrillo y Daniel Sibaja entregaron mil cascos a colectivos de motociclistas y repartidores por aplicaci\u00f3n en Ecatepec. Adem\u00e1s, en lo que va del a\u00f1o se ha certificado a 60 mil conductores de este tipo de veh\u00edculos. &nbsp; ECATEPEC, Estado de M\u00e9xico.\u2013 Como parte de las acciones [&hellip;]<\/p>\n","protected":false},"author":14,"featured_media":699474,"comment_status":"open","ping_status":"open","sticky":false,"template":"","format":"standard","meta":{"_monsterinsights_skip_tracking":false,"_monsterinsights_sitenote_active":false,"_monsterinsights_sitenote_note":"","_monsterinsights_sitenote_category":0,"footnotes":""},"categories":[7],"tags":[],"class_list":["post-699473","post","type-post","status-publish","format-standard","has-post-thumbnail","hentry","category-seguridad"],"_links":{"self":[{"href":"https:\/\/www.diarioimagen.net\/index.php?rest_route=\/wp\/v2\/posts\/699473","targetHints":{"allow":["GET"]}}],"collection":[{"href":"https:\/\/www.diarioimagen.net\/index.php?rest_route=\/wp\/v2\/posts"}],"about":[{"href":"https:\/\/www.diarioimagen.net\/index.php?rest_route=\/wp\/v2\/types\/post"}],"author":[{"embeddable":true,"href":"https:\/\/www.diarioimagen.net\/index.php?rest_route=\/wp\/v2\/users\/14"}],"replies":[{"embeddable":true,"href":"https:\/\/www.diarioimagen.net\/index.php?rest_route=%2Fwp%2Fv2%2Fcomments&post=699473"}],"version-history":[{"count":1,"href":"https:\/\/www.diarioimagen.net\/index.php?rest_route=\/wp\/v2\/posts\/699473\/revisions"}],"predecessor-version":[{"id":699475,"href":"https:\/\/www.diarioimagen.net\/index.php?rest_route=\/wp\/v2\/posts\/699473\/revisions\/699475"}],"wp:featuredmedia":[{"embeddable":true,"href":"https:\/\/www.diarioimagen.net\/index.php?rest_route=\/wp\/v2\/media\/699474"}],"wp:attachment":[{"href":"https:\/\/www.diarioimagen.net\/index.php?rest_route=%2Fwp%2Fv2%2Fmedia&parent=699473"}],"wp:term":[{"taxonomy":"category","embeddable":true,"href":"https:\/\/www.diarioimagen.net\/index.php?rest_route=%2Fwp%2Fv2%2Fcategories&post=699473"},{"taxonomy":"post_tag","embeddable":true,"href":"https:\/\/www.diarioimagen.net\/index.php?rest_route=%2Fwp%2Fv2%2Ftags&post=699473"}],"curies":[{"name":"wp","href":"https:\/\/api.w.org\/{rel}","templated":true}]}}