{"id":699654,"date":"2025-12-22T20:58:39","date_gmt":"2025-12-23T02:58:39","guid":{"rendered":"https:\/\/www.diarioimagen.net\/?p=699654"},"modified":"2025-12-22T20:58:39","modified_gmt":"2025-12-23T02:58:39","slug":"fueron-certificados-este-ano-mas-de-2-mil-elementos-de-los-cusaem","status":"publish","type":"post","link":"https:\/\/www.diarioimagen.net\/?p=699654","title":{"rendered":"Fueron certificados este a\u00f1o m\u00e1s  de 2 mil elementos de los Cusaem"},"content":{"rendered":"<p>&nbsp;<\/p>\n<ul>\n<li><strong>Profesionalizaci\u00f3n a la corporaci\u00f3n <\/strong><\/li>\n<\/ul>\n<p>&nbsp;<\/p>\n<div id=\"attachment_699655\" style=\"width: 462px\" class=\"wp-caption alignnone\"><img loading=\"lazy\" decoding=\"async\" aria-describedby=\"caption-attachment-699655\" class=\"wp-image-699655 size-large\" src=\"https:\/\/www.diarioimagen.net\/wp-content\/uploads\/2025\/12\/BAENA-3-ok-15-452x270.jpg\" alt=\"\" width=\"452\" height=\"270\" srcset=\"https:\/\/www.diarioimagen.net\/wp-content\/uploads\/2025\/12\/BAENA-3-ok-15-452x270.jpg 452w, https:\/\/www.diarioimagen.net\/wp-content\/uploads\/2025\/12\/BAENA-3-ok-15-240x143.jpg 240w, https:\/\/www.diarioimagen.net\/wp-content\/uploads\/2025\/12\/BAENA-3-ok-15-768x459.jpg 768w, https:\/\/www.diarioimagen.net\/wp-content\/uploads\/2025\/12\/BAENA-3-ok-15.jpg 1500w\" sizes=\"auto, (max-width: 452px) 100vw, 452px\" \/><p id=\"caption-attachment-699655\" class=\"wp-caption-text\">En este a\u00f1o fueron certificados y acreditados 2 mil 887 vigilantes y custodios de Cusaem, que por primera vez se obtiene en los casi 80 a\u00f1os que est\u00e1 por cumplir.<\/p><\/div>\n<p>&nbsp;<\/p>\n<p>Tlalnepantla, M\u00e9x.- La profesionalizaci\u00f3n lleg\u00f3 a los elementos de los Cuerpos de Seguridad Auxiliares del Estado de M\u00e9xico (CUSAEM), pues este a\u00f1o que termina fueron certificados y acreditados 2,887 vigilantes y custodios de la corporaci\u00f3n\u00a0 que por primera vez se obtiene en los casi 80 a\u00f1os que est\u00e1n por cumplir los CUSAEM.<\/p>\n<p>&nbsp;<\/p>\n<p>As\u00ed lo expres\u00f3 el titular de la polic\u00eda auxiliar mexiquense, Carlos Javier \u00c1lvarez C\u00e1rdenas, en la ceremonia de graduaci\u00f3n y clausura de los cursos de supervisores, intramuros, escoltas, custodia y tiro.<\/p>\n<p>&nbsp;<\/p>\n<p>El jefe de los CUSAEM ponder\u00f3 la capacitaci\u00f3n que se hizo sobre Derechos Humanos, Protecci\u00f3n Civil, \u00e9tica, primeros auxilios, gesti\u00f3n documental, Inteligencia emocional, adem\u00e1s, en el \u00e1rea hospitalaria, el 80 por ciento de su personal, en la atenci\u00f3n de calidad en el servicio hospitalario.<\/p>\n<p>&nbsp;<\/p>\n<p>Pero m\u00e1s a\u00fan, de quienes obtuvieron certificados de secundaria y bachillerato, as\u00ed como graduados que acreditaron el nivel y consiguieron el t\u00edtulo de profesionales en derecho.<\/p>\n<p>&nbsp;<\/p>\n<p>Cabe hacer menci\u00f3n la participaci\u00f3n del organismo Conocer (Consejo Nacional de Normalizaci\u00f3n y Certificaci\u00f3n de Competencias Laborales), dependiente de la SEP, el cual certific\u00f3 el reconocimiento en materia de las especialidades de vigilancia en la capacitaci\u00f3n de los participantes.<\/p>\n<p>&nbsp;<\/p>\n<p>&nbsp;<\/p>\n<p><strong>\u00a0<\/strong><\/p>\n<p>&nbsp;<\/p>\n","protected":false},"excerpt":{"rendered":"<p>&nbsp; Profesionalizaci\u00f3n a la corporaci\u00f3n &nbsp; &nbsp; Tlalnepantla, M\u00e9x.- La profesionalizaci\u00f3n lleg\u00f3 a los elementos de los Cuerpos de Seguridad Auxiliares del Estado de M\u00e9xico (CUSAEM), pues este a\u00f1o que termina fueron certificados y acreditados 2,887 vigilantes y custodios de la corporaci\u00f3n\u00a0 que por primera vez se obtiene en los casi 80 a\u00f1os que est\u00e1n [&hellip;]<\/p>\n","protected":false},"author":14,"featured_media":699655,"comment_status":"open","ping_status":"open","sticky":false,"template":"","format":"standard","meta":{"_monsterinsights_skip_tracking":false,"_monsterinsights_sitenote_active":false,"_monsterinsights_sitenote_note":"","_monsterinsights_sitenote_category":0,"footnotes":""},"categories":[5],"tags":[],"class_list":["post-699654","post","type-post","status-publish","format-standard","has-post-thumbnail","hentry","category-estado-de-mexico"],"_links":{"self":[{"href":"https:\/\/www.diarioimagen.net\/index.php?rest_route=\/wp\/v2\/posts\/699654","targetHints":{"allow":["GET"]}}],"collection":[{"href":"https:\/\/www.diarioimagen.net\/index.php?rest_route=\/wp\/v2\/posts"}],"about":[{"href":"https:\/\/www.diarioimagen.net\/index.php?rest_route=\/wp\/v2\/types\/post"}],"author":[{"embeddable":true,"href":"https:\/\/www.diarioimagen.net\/index.php?rest_route=\/wp\/v2\/users\/14"}],"replies":[{"embeddable":true,"href":"https:\/\/www.diarioimagen.net\/index.php?rest_route=%2Fwp%2Fv2%2Fcomments&post=699654"}],"version-history":[{"count":1,"href":"https:\/\/www.diarioimagen.net\/index.php?rest_route=\/wp\/v2\/posts\/699654\/revisions"}],"predecessor-version":[{"id":699656,"href":"https:\/\/www.diarioimagen.net\/index.php?rest_route=\/wp\/v2\/posts\/699654\/revisions\/699656"}],"wp:featuredmedia":[{"embeddable":true,"href":"https:\/\/www.diarioimagen.net\/index.php?rest_route=\/wp\/v2\/media\/699655"}],"wp:attachment":[{"href":"https:\/\/www.diarioimagen.net\/index.php?rest_route=%2Fwp%2Fv2%2Fmedia&parent=699654"}],"wp:term":[{"taxonomy":"category","embeddable":true,"href":"https:\/\/www.diarioimagen.net\/index.php?rest_route=%2Fwp%2Fv2%2Fcategories&post=699654"},{"taxonomy":"post_tag","embeddable":true,"href":"https:\/\/www.diarioimagen.net\/index.php?rest_route=%2Fwp%2Fv2%2Ftags&post=699654"}],"curies":[{"name":"wp","href":"https:\/\/api.w.org\/{rel}","templated":true}]}}