{"id":699657,"date":"2025-12-22T21:02:27","date_gmt":"2025-12-23T03:02:27","guid":{"rendered":"https:\/\/www.diarioimagen.net\/?p=699657"},"modified":"2025-12-22T21:02:27","modified_gmt":"2025-12-23T03:02:27","slug":"rescatan-la-oda-de-hierro-en-naucalpan","status":"publish","type":"post","link":"https:\/\/www.diarioimagen.net\/?p=699657","title":{"rendered":"Rescatan la \u201cOda de Hierro\u201d en Naucalpan"},"content":{"rendered":"<p>&nbsp;<\/p>\n<p><img loading=\"lazy\" decoding=\"async\" class=\"alignnone wp-image-699658 size-large\" src=\"https:\/\/www.diarioimagen.net\/wp-content\/uploads\/2025\/12\/BAENA-4-ok-14-405x270.jpg\" alt=\"\" width=\"405\" height=\"270\" srcset=\"https:\/\/www.diarioimagen.net\/wp-content\/uploads\/2025\/12\/BAENA-4-ok-14-405x270.jpg 405w, https:\/\/www.diarioimagen.net\/wp-content\/uploads\/2025\/12\/BAENA-4-ok-14-240x160.jpg 240w, https:\/\/www.diarioimagen.net\/wp-content\/uploads\/2025\/12\/BAENA-4-ok-14-768x511.jpg 768w, https:\/\/www.diarioimagen.net\/wp-content\/uploads\/2025\/12\/BAENA-4-ok-14.jpg 1500w\" sizes=\"auto, (max-width: 405px) 100vw, 405px\" \/><\/p>\n<p>&nbsp;<\/p>\n<p>Naucalpan, M\u00e9x.- La \u201cOda de Hierro\u201d (\u201cMono de Fierro\u201d), considerada un s\u00edmbolo del legado obrero e industrial de este municipio, ser\u00e1 objeto de un proyecto de rescate y revalorizaci\u00f3n urbana, luego de permanecer durante d\u00e9cadas parcialmente oculta por la infraestructura vial de la zona. La escultura, ubicada en la intersecci\u00f3n de las avenidas Gustavo Baz y Primero de Mayo, se encuentra actualmente obstruida por un puente vehicular que conecta con Luis Donaldo Colosio, lo que ha limitado su visibilidad y reconocimiento p\u00fablico. La obra, creada en 1967 por el artista Eduardo Xochitiotzin, representa la fuerza del trabajo y la memoria hist\u00f3rica de la industria en el municipio. El proyecto contempla la restauraci\u00f3n y elevaci\u00f3n de la escultura para devolverle presencia en el espacio urbano.<\/p>\n<p>&nbsp;<\/p>\n<p>&nbsp;<\/p>\n<p>Adem\u00e1s del rescate f\u00edsico de la pieza, el plan incluye la creaci\u00f3n de un centro cultural y comunitario bajo la estructura, destinado a talleres de formaci\u00f3n y espacios de encuentro para las y los trabajadores.<\/p>\n","protected":false},"excerpt":{"rendered":"<p>&nbsp; &nbsp; Naucalpan, M\u00e9x.- La \u201cOda de Hierro\u201d (\u201cMono de Fierro\u201d), considerada un s\u00edmbolo del legado obrero e industrial de este municipio, ser\u00e1 objeto de un proyecto de rescate y revalorizaci\u00f3n urbana, luego de permanecer durante d\u00e9cadas parcialmente oculta por la infraestructura vial de la zona. La escultura, ubicada en la intersecci\u00f3n de las avenidas [&hellip;]<\/p>\n","protected":false},"author":14,"featured_media":699658,"comment_status":"open","ping_status":"open","sticky":false,"template":"","format":"standard","meta":{"_monsterinsights_skip_tracking":false,"_monsterinsights_sitenote_active":false,"_monsterinsights_sitenote_note":"","_monsterinsights_sitenote_category":0,"footnotes":""},"categories":[5],"tags":[],"class_list":["post-699657","post","type-post","status-publish","format-standard","has-post-thumbnail","hentry","category-estado-de-mexico"],"_links":{"self":[{"href":"https:\/\/www.diarioimagen.net\/index.php?rest_route=\/wp\/v2\/posts\/699657","targetHints":{"allow":["GET"]}}],"collection":[{"href":"https:\/\/www.diarioimagen.net\/index.php?rest_route=\/wp\/v2\/posts"}],"about":[{"href":"https:\/\/www.diarioimagen.net\/index.php?rest_route=\/wp\/v2\/types\/post"}],"author":[{"embeddable":true,"href":"https:\/\/www.diarioimagen.net\/index.php?rest_route=\/wp\/v2\/users\/14"}],"replies":[{"embeddable":true,"href":"https:\/\/www.diarioimagen.net\/index.php?rest_route=%2Fwp%2Fv2%2Fcomments&post=699657"}],"version-history":[{"count":1,"href":"https:\/\/www.diarioimagen.net\/index.php?rest_route=\/wp\/v2\/posts\/699657\/revisions"}],"predecessor-version":[{"id":699659,"href":"https:\/\/www.diarioimagen.net\/index.php?rest_route=\/wp\/v2\/posts\/699657\/revisions\/699659"}],"wp:featuredmedia":[{"embeddable":true,"href":"https:\/\/www.diarioimagen.net\/index.php?rest_route=\/wp\/v2\/media\/699658"}],"wp:attachment":[{"href":"https:\/\/www.diarioimagen.net\/index.php?rest_route=%2Fwp%2Fv2%2Fmedia&parent=699657"}],"wp:term":[{"taxonomy":"category","embeddable":true,"href":"https:\/\/www.diarioimagen.net\/index.php?rest_route=%2Fwp%2Fv2%2Fcategories&post=699657"},{"taxonomy":"post_tag","embeddable":true,"href":"https:\/\/www.diarioimagen.net\/index.php?rest_route=%2Fwp%2Fv2%2Ftags&post=699657"}],"curies":[{"name":"wp","href":"https:\/\/api.w.org\/{rel}","templated":true}]}}