{"id":699716,"date":"2025-12-22T21:41:57","date_gmt":"2025-12-23T03:41:57","guid":{"rendered":"https:\/\/www.diarioimagen.net\/?p=699716"},"modified":"2025-12-22T21:41:57","modified_gmt":"2025-12-23T03:41:57","slug":"monte-de-piedad-dejara-de-prestar-mas-de-3-mil-mdp-entre-diciembre-y-enero","status":"publish","type":"post","link":"https:\/\/www.diarioimagen.net\/?p=699716","title":{"rendered":"Monte de Piedad dejar\u00e1  de prestar m\u00e1s de 3 mil mdp,  \u00a0entre diciembre y enero"},"content":{"rendered":"<ul>\n<li><strong>Lleva casi 3 meses en huelga<\/strong><\/li>\n<li><strong>P\u00e9rdidas millonarias por la suspensi\u00f3n de empe\u00f1os, refrendos y liberaci\u00f3n de prendas<\/strong><\/li>\n<\/ul>\n<div id=\"attachment_699723\" style=\"width: 470px\" class=\"wp-caption alignnone\"><img loading=\"lazy\" decoding=\"async\" aria-describedby=\"caption-attachment-699723\" class=\"wp-image-699723 size-large\" src=\"https:\/\/www.diarioimagen.net\/wp-content\/uploads\/2025\/12\/MONTEPIO-460x238.jpeg\" alt=\"\" width=\"460\" height=\"238\" srcset=\"https:\/\/www.diarioimagen.net\/wp-content\/uploads\/2025\/12\/MONTEPIO-460x238.jpeg 460w, https:\/\/www.diarioimagen.net\/wp-content\/uploads\/2025\/12\/MONTEPIO-240x124.jpeg 240w, https:\/\/www.diarioimagen.net\/wp-content\/uploads\/2025\/12\/MONTEPIO-768x397.jpeg 768w, https:\/\/www.diarioimagen.net\/wp-content\/uploads\/2025\/12\/MONTEPIO-1536x793.jpeg 1536w, https:\/\/www.diarioimagen.net\/wp-content\/uploads\/2025\/12\/MONTEPIO-2048x1058.jpeg 2048w\" sizes=\"auto, (max-width: 460px) 100vw, 460px\" \/><p id=\"caption-attachment-699723\" class=\"wp-caption-text\">Adem\u00e1s de la suspensi\u00f3n de pr\u00e9stamos en el Monte de Piedad, por la huelga, usuarios han expresado su preocupaci\u00f3n por el resguardo de las prendas empe\u00f1adas, aunque la instituci\u00f3n ha se\u00f1alado que los bienes se mantienen protegidos.<\/p><\/div>\n<p>&nbsp;<\/p>\n<p>La huelga en Nacional Monte de Piedad, que estall\u00f3 en septiembre pasado, afectar\u00e1 a m\u00e1s de un mill\u00f3n de personas que suelen empe\u00f1ar sus bienes en diciembre y enero, temporada en donde presta alrededor de 3 mil millones de pesos, afectando a m\u00e1s de un mill\u00f3n de mexicanos que conforman su regular de clientes.<\/p>\n<p>\u00abEn particular, durante el mes de diciembre suele registrarse un mayor dinamismo en la demanda; sin embargo, muchos de nuestros clientes carecen de empleo formal y, al no contar con aguinaldo, acuden a Monte para cubrir gastos relevantes de las festividades y, en su caso, para hacer frente a la llamada \u00abcuesta de enero\u00bb, advirti\u00f3 Alto Torres, el vocero de la instituci\u00f3n.<\/p>\n<p>La huelga estall\u00f3 el pasado 30 de septiembre y aunque se est\u00e1n llevando a cabo reuniones para llegar a un punto de conciliaci\u00f3n entre el sindicato y la administraci\u00f3n del Monte, a\u00fan no hay acuerdos.<\/p>\n<p>\u00abLa Instituci\u00f3n est\u00e1 agotando todas las alternativas a su alcance para lograr un acuerdo a la brevedad\u00bb, afirm\u00f3 Al Torres.<\/p>\n<p>La huelga del Monte de Piedad comenz\u00f3 porque el sindicato consider\u00f3 que no se estaba respetando el Contrato Colectivo de Trabajo.<\/p>\n<p>Entre las presuntas violaciones se encuentra la negativa al pago de algunas prestaciones y la realizaci\u00f3n de promociones escalafonarias unilaterales.<\/p>\n<p>El Sindicato de Nacional Monte de Piedad, confirm\u00f3 que est\u00e1n en pl\u00e1ticas con la instituci\u00f3n. Explic\u00f3 que el tema a discusi\u00f3n son las plazas que otorgaron a trabajadores sin la participaci\u00f3n del sindicato, como lo establece el Contrato Colectivo de Trabajo.<\/p>\n<p>&nbsp;<\/p>\n<p><strong>\u00bfQu\u00e9 piden los empleados del Monte de Piedad?<\/strong><\/p>\n<p>&nbsp;<\/p>\n<p>Los trabajadores que participan en la huelga exigen mejoras en sus condiciones laborales, entre ellas un incremento salarial, respeto a sus derechos adquiridos y acuerdos que garanticen estabilidad y condiciones dignas de trabajo. De acuerdo con representantes sindicales, las negociaciones con la administraci\u00f3n no han avanzado al ritmo esperado, lo que motiv\u00f3 la decisi\u00f3n de mantener el paro.<\/p>\n<p>Durante la actual administraci\u00f3n, los empleados han se\u00f1alado que las diferencias con la direcci\u00f3n del Monte de Piedad se han profundizado, lo que deriv\u00f3 en el estallamiento de la huelga en diversas entidades del pa\u00eds, incluidas Guanajuato y Yucat\u00e1n.<\/p>\n<p>&nbsp;<\/p>\n<p><strong>\u00bfHasta cu\u00e1ndo durar\u00e1 la huelga del Monte de Piedad?<\/strong><\/p>\n<p>&nbsp;<\/p>\n<p>Hasta el momento, no hay una fecha definida para el fin del paro. Las mesas de di\u00e1logo contin\u00faan, pero los trabajadores han advertido que la huelga se mantendr\u00e1 activa mientras no exista un acuerdo que atienda sus principales demandas. De no lograrse avances sustanciales, el conflicto podr\u00eda extenderse hasta inicios de enero de 2026.<\/p>\n<p>&nbsp;<\/p>\n<p><strong>P\u00e9rdidas millonarias por el paro<\/strong><\/p>\n<p>&nbsp;<\/p>\n<p>El impacto econ\u00f3mico de la huelga ya es considerable. De acuerdo con reportes recientes, las afectaciones econ\u00f3micas por la interrupci\u00f3n de operaciones podr\u00edan superar los 2 mil millones de pesos, debido a la suspensi\u00f3n de empe\u00f1os, refrendos y liberaci\u00f3n de prendas, as\u00ed como a la reducci\u00f3n de ingresos diarios de la instituci\u00f3n.<\/p>\n<p>Especialistas advierten que, adem\u00e1s de las p\u00e9rdidas financieras inmediatas, el paro tambi\u00e9n podr\u00eda afectar la confianza de los usuarios, uno de los principales activos del Monte de Piedad.<\/p>\n<p>&nbsp;<\/p>\n<p><strong>As\u00ed afecta la huelga a los clientes<\/strong><\/p>\n<p>&nbsp;<\/p>\n<p>Los principales afectados por el paro son los clientes, quienes han encontrado sucursales cerradas o con atenci\u00f3n limitada. Muchas personas que dependen del Monte de Piedad para obtener liquidez inmediata en esta temporada han tenido que buscar alternativas m\u00e1s costosas en casas de empe\u00f1o privadas.<\/p>\n<p>Adem\u00e1s, algunos usuarios han expresado su preocupaci\u00f3n por el resguardo de las prendas empe\u00f1adas, aunque la instituci\u00f3n ha se\u00f1alado que los bienes se mantienen protegidos pese a la huelga.<\/p>\n<p>&nbsp;<\/p>\n<p><strong>Trabajadores, los m\u00e1s vulnerables durante el paro<\/strong><\/p>\n<p>&nbsp;<\/p>\n<p>Mientras el conflicto laboral contin\u00faa, trabajadores en estados como Guanajuato han reportado que sobreviven gracias al apoyo de familiares, ante la falta de ingresos durante el paro. La situaci\u00f3n ha generado solidaridad entre comunidades, pero tambi\u00e9n una creciente presi\u00f3n para que ambas partes lleguen a un acuerdo lo antes posible.<\/p>\n<p>Diversos sectores han llamado a que el conflicto se resuelva mediante el di\u00e1logo, destacando la relevancia del Nacional Monte de Piedad como una instituci\u00f3n clave de apoyo econ\u00f3mico para millones de personas en M\u00e9xico. Tanto empleados como usuarios coinciden en que una soluci\u00f3n pronta es fundamental para evitar mayores afectaciones sociales y econ\u00f3micas.<\/p>\n<p>&nbsp;<\/p>\n<p>&nbsp;<\/p>\n<p>&nbsp;<\/p>\n<p>&nbsp;<\/p>\n","protected":false},"excerpt":{"rendered":"<p>Lleva casi 3 meses en huelga P\u00e9rdidas millonarias por la suspensi\u00f3n de empe\u00f1os, refrendos y liberaci\u00f3n de prendas &nbsp; La huelga en Nacional Monte de Piedad, que estall\u00f3 en septiembre pasado, afectar\u00e1 a m\u00e1s de un mill\u00f3n de personas que suelen empe\u00f1ar sus bienes en diciembre y enero, temporada en donde presta alrededor de 3 [&hellip;]<\/p>\n","protected":false},"author":14,"featured_media":699723,"comment_status":"open","ping_status":"open","sticky":false,"template":"","format":"standard","meta":{"_monsterinsights_skip_tracking":false,"_monsterinsights_sitenote_active":false,"_monsterinsights_sitenote_note":"","_monsterinsights_sitenote_category":0,"footnotes":""},"categories":[16,8],"tags":[],"class_list":["post-699716","post","type-post","status-publish","format-standard","has-post-thumbnail","hentry","category-destacadas","category-finanzas"],"_links":{"self":[{"href":"https:\/\/www.diarioimagen.net\/index.php?rest_route=\/wp\/v2\/posts\/699716","targetHints":{"allow":["GET"]}}],"collection":[{"href":"https:\/\/www.diarioimagen.net\/index.php?rest_route=\/wp\/v2\/posts"}],"about":[{"href":"https:\/\/www.diarioimagen.net\/index.php?rest_route=\/wp\/v2\/types\/post"}],"author":[{"embeddable":true,"href":"https:\/\/www.diarioimagen.net\/index.php?rest_route=\/wp\/v2\/users\/14"}],"replies":[{"embeddable":true,"href":"https:\/\/www.diarioimagen.net\/index.php?rest_route=%2Fwp%2Fv2%2Fcomments&post=699716"}],"version-history":[{"count":1,"href":"https:\/\/www.diarioimagen.net\/index.php?rest_route=\/wp\/v2\/posts\/699716\/revisions"}],"predecessor-version":[{"id":699753,"href":"https:\/\/www.diarioimagen.net\/index.php?rest_route=\/wp\/v2\/posts\/699716\/revisions\/699753"}],"wp:featuredmedia":[{"embeddable":true,"href":"https:\/\/www.diarioimagen.net\/index.php?rest_route=\/wp\/v2\/media\/699723"}],"wp:attachment":[{"href":"https:\/\/www.diarioimagen.net\/index.php?rest_route=%2Fwp%2Fv2%2Fmedia&parent=699716"}],"wp:term":[{"taxonomy":"category","embeddable":true,"href":"https:\/\/www.diarioimagen.net\/index.php?rest_route=%2Fwp%2Fv2%2Fcategories&post=699716"},{"taxonomy":"post_tag","embeddable":true,"href":"https:\/\/www.diarioimagen.net\/index.php?rest_route=%2Fwp%2Fv2%2Ftags&post=699716"}],"curies":[{"name":"wp","href":"https:\/\/api.w.org\/{rel}","templated":true}]}}