{"id":699819,"date":"2025-12-22T22:11:47","date_gmt":"2025-12-23T04:11:47","guid":{"rendered":"https:\/\/www.diarioimagen.net\/?p=699819"},"modified":"2025-12-22T22:11:47","modified_gmt":"2025-12-23T04:11:47","slug":"se-estrella-aeronave-de-la-semar-en-texas-la-guardia-costera-reporta-varios-muertos","status":"publish","type":"post","link":"https:\/\/www.diarioimagen.net\/?p=699819","title":{"rendered":"Se estrella aeronave de la  Semar en Texas; la Guardia  Costera reporta varios muertos"},"content":{"rendered":"<ul>\n<li><strong>Misi\u00f3n de car\u00e1cter humanitario<\/strong><\/li>\n<li><strong>En la aeronave viajaban ocho personas, cuatro de tripulaci\u00f3n naval y cuatro civiles<\/strong><\/li>\n<\/ul>\n<p><strong>\u00a0<\/strong><\/p>\n<p><img loading=\"lazy\" decoding=\"async\" class=\"alignnone wp-image-699820 size-large\" src=\"https:\/\/www.diarioimagen.net\/wp-content\/uploads\/2025\/12\/SEMAR-ok-438x270.jpg\" alt=\"\" width=\"438\" height=\"270\" srcset=\"https:\/\/www.diarioimagen.net\/wp-content\/uploads\/2025\/12\/SEMAR-ok-438x270.jpg 438w, https:\/\/www.diarioimagen.net\/wp-content\/uploads\/2025\/12\/SEMAR-ok-240x148.jpg 240w, https:\/\/www.diarioimagen.net\/wp-content\/uploads\/2025\/12\/SEMAR-ok-768x473.jpg 768w, https:\/\/www.diarioimagen.net\/wp-content\/uploads\/2025\/12\/SEMAR-ok-1536x947.jpg 1536w, https:\/\/www.diarioimagen.net\/wp-content\/uploads\/2025\/12\/SEMAR-ok-2048x1262.jpg 2048w\" sizes=\"auto, (max-width: 438px) 100vw, 438px\" \/><\/p>\n<p>&nbsp;<\/p>\n<p>La Secretar\u00eda de Marina (Semar) inform\u00f3 este lunes que una aeronave tipo King Air ANX 1209, perteneciente a la Instituci\u00f3n, se accident\u00f3\u00a0 durante su aproximaci\u00f3n en las inmediaciones de Galveston, Texas, Estados Unidos, en el marco del \u201cPlan Marina\u201d en coordinaci\u00f3n con la Fundaci\u00f3n Michou y Mau.<\/p>\n<p>En un comunicado la dependencia se\u00f1al\u00f3 que se realizaba una misi\u00f3n de apoyo en el marco del \u201cPlan Marina\u201d en coordinaci\u00f3n con la Fundaci\u00f3n Michou y Mau y se present\u00f3 un accidente y se hab\u00edan rescatado a seis personas, cuatro con vida y dos muertas.<\/p>\n<p>Indic\u00f3 que la aeronave se encontraba cumpliendo una misi\u00f3n de car\u00e1cter humanitario, orientada al traslado m\u00e9dico especializado, en la que viajaban ocho personas, cuatro de tripulaci\u00f3n naval y cuatro civiles.<\/p>\n<p>\u201cTras el incidente, se activaron de inmediato los protocolos de b\u00fasqueda y rescate, en coordinaci\u00f3n con la Guardia Costera de los Estados Unidos, quienes han rescatado hasta el momento a seis personas, cuatro con vida y dos lamentablemente se confirma su deceso, as\u00ed mismo, contin\u00faan los esfuerzos para el rescate de dos personas m\u00e1s que se encuentran dentro de la aeronave siniestrada\u201d, detall\u00f3 la dependencia en un comunicado.<\/p>\n<p>Abund\u00f3 que se realizar\u00e1n las investigaciones correspondientes en apoyo a las autoridades pertinentes para determinar las causas de los hechos. As\u00ed mismo, se realizan las coordinaciones con el consulado de M\u00e9xico en Houston para los tr\u00e1mites que haya lugar.<\/p>\n<p>La Semar reiter\u00f3 su compromiso con la seguridad de sus operaciones a\u00e9reas, as\u00ed como con la atenci\u00f3n humanitaria y el apoyo a la poblaci\u00f3n, y subray\u00f3 que toda la informaci\u00f3n ser\u00e1 comunicada de manera oportuna y transparente, conforme se cuente con datos confirmados.<\/p>\n<p>Hasta ayer por la tarde, hab\u00edan rescatado a seis personas, cuatro con vida y dos fallecieron, inform\u00f3 la Semar. Sin embargo, la Guardia Costera de EU anunci\u00f3 que se ha confirmado la muerte de tres personas, seg\u00fan report\u00f3 ABC13. Se presume tambi\u00e9n que se dirig\u00edan probablemente al Hospital de Ni\u00f1os Shriner.<\/p>\n<p>La primera llamada al 911 ocurri\u00f3 a las 15:07 horas del lunes y las bases de datos del aeropuerto rastrearon a la aeronave detectando que se trataba de un Beechcraft King Air 350i, con matr\u00edcula ANX1209, tripulado por la Armada de M\u00e9xico.<\/p>\n<p>El reporte de fallecidos a\u00fan no es revelado por el Departamento de Seguridad P\u00fablica de Texas, que junto con la Polic\u00eda del Condado de Galveston, tomaron la batuta de la emergencia, pero informes preliminares aseguran que hay al menos un sobreviviente.<\/p>\n<p>&nbsp;<\/p>\n<p><strong>Buque Escuela \u201cCuauht\u00e9moc\u201d vuelve a Acapulco<\/strong><\/p>\n<p>&nbsp;<\/p>\n<p>En otro tema, el buque \u00abCuauht\u00e9moc\u00bb regres\u00f3 a su puerto base en Acapulco, Guerrero, tras el accidente en Nueva York, su reparaci\u00f3n y finalmente dos meses de navegar en aguas nacionales, como parte del Crucero de Instrucci\u00f3n Consolidaci\u00f3n de la Independencia de M\u00e9xico 2025, inform\u00f3 la Secretar\u00eda de Marina.<\/p>\n<p>En el muelle de la Octava Regi\u00f3n Naval se llev\u00f3 a cabo la Ceremonia de Arribo presidida por el almirante Carlos Eduardo L\u2019eglise Escamilla, comandante de la Octava Regi\u00f3n Naval, quien dijo que el 6 de abril el buque zarp\u00f3 de Acapulco para iniciar el crucero de instrucci\u00f3n, por \u201clos 200 A\u00f1os de la Consolidaci\u00f3n de la Independencia en el Mar\u201d.<\/p>\n<p>El Buque Escuela ha recorrido m\u00e1s de 200 mil millas n\u00e1uticas y en este su m\u00e1s reciente viaje visit\u00f3 los puertos de Kingston, Jamaica; La Habana, Cuba; Nueva York, Estados Unidos, as\u00ed como los puertos nacionales de Progreso, Yucat\u00e1n; Cozumel, Quintana Roo y Veracruz, Veracruz, con 277 elementos, 64 mujeres y 213 hombres.<\/p>\n<p>&nbsp;<\/p>\n<p><strong>\u00a0<\/strong><\/p>\n<p>&nbsp;<\/p>\n","protected":false},"excerpt":{"rendered":"<p>Misi\u00f3n de car\u00e1cter humanitario En la aeronave viajaban ocho personas, cuatro de tripulaci\u00f3n naval y cuatro civiles \u00a0 &nbsp; La Secretar\u00eda de Marina (Semar) inform\u00f3 este lunes que una aeronave tipo King Air ANX 1209, perteneciente a la Instituci\u00f3n, se accident\u00f3\u00a0 durante su aproximaci\u00f3n en las inmediaciones de Galveston, Texas, Estados Unidos, en el marco [&hellip;]<\/p>\n","protected":false},"author":14,"featured_media":699820,"comment_status":"open","ping_status":"open","sticky":false,"template":"","format":"standard","meta":{"_monsterinsights_skip_tracking":false,"_monsterinsights_sitenote_active":false,"_monsterinsights_sitenote_note":"","_monsterinsights_sitenote_category":0,"footnotes":""},"categories":[3],"tags":[],"class_list":["post-699819","post","type-post","status-publish","format-standard","has-post-thumbnail","hentry","category-nacional"],"_links":{"self":[{"href":"https:\/\/www.diarioimagen.net\/index.php?rest_route=\/wp\/v2\/posts\/699819","targetHints":{"allow":["GET"]}}],"collection":[{"href":"https:\/\/www.diarioimagen.net\/index.php?rest_route=\/wp\/v2\/posts"}],"about":[{"href":"https:\/\/www.diarioimagen.net\/index.php?rest_route=\/wp\/v2\/types\/post"}],"author":[{"embeddable":true,"href":"https:\/\/www.diarioimagen.net\/index.php?rest_route=\/wp\/v2\/users\/14"}],"replies":[{"embeddable":true,"href":"https:\/\/www.diarioimagen.net\/index.php?rest_route=%2Fwp%2Fv2%2Fcomments&post=699819"}],"version-history":[{"count":1,"href":"https:\/\/www.diarioimagen.net\/index.php?rest_route=\/wp\/v2\/posts\/699819\/revisions"}],"predecessor-version":[{"id":699821,"href":"https:\/\/www.diarioimagen.net\/index.php?rest_route=\/wp\/v2\/posts\/699819\/revisions\/699821"}],"wp:featuredmedia":[{"embeddable":true,"href":"https:\/\/www.diarioimagen.net\/index.php?rest_route=\/wp\/v2\/media\/699820"}],"wp:attachment":[{"href":"https:\/\/www.diarioimagen.net\/index.php?rest_route=%2Fwp%2Fv2%2Fmedia&parent=699819"}],"wp:term":[{"taxonomy":"category","embeddable":true,"href":"https:\/\/www.diarioimagen.net\/index.php?rest_route=%2Fwp%2Fv2%2Fcategories&post=699819"},{"taxonomy":"post_tag","embeddable":true,"href":"https:\/\/www.diarioimagen.net\/index.php?rest_route=%2Fwp%2Fv2%2Ftags&post=699819"}],"curies":[{"name":"wp","href":"https:\/\/api.w.org\/{rel}","templated":true}]}}