{"id":699855,"date":"2026-01-04T22:52:23","date_gmt":"2026-01-05T04:52:23","guid":{"rendered":"https:\/\/www.diarioimagen.net\/?p=699855"},"modified":"2026-01-04T22:52:23","modified_gmt":"2026-01-05T04:52:23","slug":"el-pueblo-de-mexico-cobrara-la-factura-a-morena-firma-el-panista-anuar-azar","status":"publish","type":"post","link":"https:\/\/www.diarioimagen.net\/?p=699855","title":{"rendered":"El pueblo de M\u00e9xico cobrar\u00e1 la factura  a Morena, firma el panista Anuar Azar"},"content":{"rendered":"<ul>\n<li><strong>Desmiente divisionismo en el PAN<\/strong><\/li>\n<\/ul>\n<div id=\"attachment_699856\" style=\"width: 406px\" class=\"wp-caption alignnone\"><img loading=\"lazy\" decoding=\"async\" aria-describedby=\"caption-attachment-699856\" class=\"wp-image-699856 size-large\" src=\"https:\/\/www.diarioimagen.net\/wp-content\/uploads\/2026\/01\/BAENA-1-ok-396x270.jpg\" alt=\"\" width=\"396\" height=\"270\" srcset=\"https:\/\/www.diarioimagen.net\/wp-content\/uploads\/2026\/01\/BAENA-1-ok-396x270.jpg 396w, https:\/\/www.diarioimagen.net\/wp-content\/uploads\/2026\/01\/BAENA-1-ok-240x164.jpg 240w, https:\/\/www.diarioimagen.net\/wp-content\/uploads\/2026\/01\/BAENA-1-ok-768x524.jpg 768w, https:\/\/www.diarioimagen.net\/wp-content\/uploads\/2026\/01\/BAENA-1-ok.jpg 1500w\" sizes=\"auto, (max-width: 396px) 100vw, 396px\" \/><p id=\"caption-attachment-699856\" class=\"wp-caption-text\">El dirigente de Acci\u00f3n Nacional en el Estado de M\u00e9xico, Anuar Azar Figueroa, luego de reiterar que este instituto pol\u00edtico continuar\u00e1 la defensa de la patria, la familia y la libertad, distanci\u00e1ndose de pasadas alianzas.<\/p><\/div>\n<p>&nbsp;<\/p>\n<p>Por Arturo Baena<\/p>\n<p>&nbsp;<\/p>\n<p>Valle de M\u00e9xico.- La\u00a0 supuesta ruptura y divisi\u00f3n al interior del PAN es falsa y\u00a0 enga\u00f1osa. Estamos unidos frente al autoritarismo de quienes han llevado a nuestro pa\u00eds en reversa, es decir, los gobiernos emanados de Morena que a cualquier precio tratan de desviar la atenci\u00f3n ante el inminente rechazo social que han logrado a pulso.<\/p>\n<p>&nbsp;<\/p>\n<p>As\u00ed lo expres\u00f3 Anuar Azar Figueroa, dirigente de Acci\u00f3n Nacional en el Estado de M\u00e9xico, luego de reiterar que este instituto pol\u00edtico continuar\u00e1 la defensa de la patria, la familia y la libertad, distanci\u00e1ndose de pasadas alianzas.<\/p>\n<p>&nbsp;<\/p>\n<p>El tambi\u00e9n diputado mexiquense destac\u00f3 que bajo el liderazgo nacional de Jorge Romero, se recuperar\u00e1 su identidad y autonom\u00eda, enfoc\u00e1ndose en el humanismo pol\u00edtico y el servicio a la gente.<\/p>\n<p>&nbsp;<\/p>\n<p>Azar Figueroa destac\u00f3 que el defender la familia, la democracia, promover la libertad y construir un M\u00e9xico justo con oportunidades para todas y todos es y siempre ser\u00e1 prioritario<\/p>\n<p>&nbsp;<\/p>\n<p>El dirigente partidista abund\u00f3 que \u00abnuestro partido est\u00e1 listo y preparado para enfrentar los pr\u00f3ximos procesos electorales del 2027 en donde sin duda saldremos victoriosos\u00bb, dijo.<\/p>\n<p>&nbsp;<\/p>\n<p>Finalmente, Anuar Azar record\u00f3 que \u00absin duda alguna el pueblo de M\u00e9xico cobrar\u00e1 la factura a Morena, partido que no ha cumplido a quienes votaron por \u00e9l.<\/p>\n<p>&nbsp;<\/p>\n<p>&nbsp;<\/p>\n<p><strong>\u00a0<\/strong><\/p>\n","protected":false},"excerpt":{"rendered":"<p>Desmiente divisionismo en el PAN &nbsp; Por Arturo Baena &nbsp; Valle de M\u00e9xico.- La\u00a0 supuesta ruptura y divisi\u00f3n al interior del PAN es falsa y\u00a0 enga\u00f1osa. Estamos unidos frente al autoritarismo de quienes han llevado a nuestro pa\u00eds en reversa, es decir, los gobiernos emanados de Morena que a cualquier precio tratan de desviar la [&hellip;]<\/p>\n","protected":false},"author":14,"featured_media":699856,"comment_status":"open","ping_status":"open","sticky":false,"template":"","format":"standard","meta":{"_monsterinsights_skip_tracking":false,"_monsterinsights_sitenote_active":false,"_monsterinsights_sitenote_note":"","_monsterinsights_sitenote_category":0,"footnotes":""},"categories":[5],"tags":[],"class_list":["post-699855","post","type-post","status-publish","format-standard","has-post-thumbnail","hentry","category-estado-de-mexico"],"_links":{"self":[{"href":"https:\/\/www.diarioimagen.net\/index.php?rest_route=\/wp\/v2\/posts\/699855","targetHints":{"allow":["GET"]}}],"collection":[{"href":"https:\/\/www.diarioimagen.net\/index.php?rest_route=\/wp\/v2\/posts"}],"about":[{"href":"https:\/\/www.diarioimagen.net\/index.php?rest_route=\/wp\/v2\/types\/post"}],"author":[{"embeddable":true,"href":"https:\/\/www.diarioimagen.net\/index.php?rest_route=\/wp\/v2\/users\/14"}],"replies":[{"embeddable":true,"href":"https:\/\/www.diarioimagen.net\/index.php?rest_route=%2Fwp%2Fv2%2Fcomments&post=699855"}],"version-history":[{"count":1,"href":"https:\/\/www.diarioimagen.net\/index.php?rest_route=\/wp\/v2\/posts\/699855\/revisions"}],"predecessor-version":[{"id":699857,"href":"https:\/\/www.diarioimagen.net\/index.php?rest_route=\/wp\/v2\/posts\/699855\/revisions\/699857"}],"wp:featuredmedia":[{"embeddable":true,"href":"https:\/\/www.diarioimagen.net\/index.php?rest_route=\/wp\/v2\/media\/699856"}],"wp:attachment":[{"href":"https:\/\/www.diarioimagen.net\/index.php?rest_route=%2Fwp%2Fv2%2Fmedia&parent=699855"}],"wp:term":[{"taxonomy":"category","embeddable":true,"href":"https:\/\/www.diarioimagen.net\/index.php?rest_route=%2Fwp%2Fv2%2Fcategories&post=699855"},{"taxonomy":"post_tag","embeddable":true,"href":"https:\/\/www.diarioimagen.net\/index.php?rest_route=%2Fwp%2Fv2%2Ftags&post=699855"}],"curies":[{"name":"wp","href":"https:\/\/api.w.org\/{rel}","templated":true}]}}