{"id":699858,"date":"2026-01-04T22:55:13","date_gmt":"2026-01-05T04:55:13","guid":{"rendered":"https:\/\/www.diarioimagen.net\/?p=699858"},"modified":"2026-01-04T22:55:13","modified_gmt":"2026-01-05T04:55:13","slug":"el-2026-un-ano-con-muy-buenas-perspectivas-simon-mondragon","status":"publish","type":"post","link":"https:\/\/www.diarioimagen.net\/?p=699858","title":{"rendered":"El 2026, un a\u00f1o con muy buenas  perspectivas: Sim\u00f3n Mondrag\u00f3n"},"content":{"rendered":"<ul>\n<li><strong>Redoblar\u00e1n esfuerzos contra deserci\u00f3n escolar<\/strong><\/li>\n<\/ul>\n<p>&nbsp;<\/p>\n<p><img loading=\"lazy\" decoding=\"async\" class=\"alignnone wp-image-699859 size-large\" src=\"https:\/\/www.diarioimagen.net\/wp-content\/uploads\/2026\/01\/BAENA-2-ok-229x270.jpg\" alt=\"\" width=\"229\" height=\"270\" srcset=\"https:\/\/www.diarioimagen.net\/wp-content\/uploads\/2026\/01\/BAENA-2-ok-229x270.jpg 229w, https:\/\/www.diarioimagen.net\/wp-content\/uploads\/2026\/01\/BAENA-2-ok-203x240.jpg 203w, https:\/\/www.diarioimagen.net\/wp-content\/uploads\/2026\/01\/BAENA-2-ok-768x906.jpg 768w, https:\/\/www.diarioimagen.net\/wp-content\/uploads\/2026\/01\/BAENA-2-ok-1302x1536.jpg 1302w, https:\/\/www.diarioimagen.net\/wp-content\/uploads\/2026\/01\/BAENA-2-ok-1736x2048.jpg 1736w\" sizes=\"auto, (max-width: 229px) 100vw, 229px\" \/><\/p>\n<p>Por Arturo Baena<\/p>\n<p>&nbsp;<\/p>\n<p>Naucalpan, Mex.- \u201cLas perspectivas para este a\u00f1o 2026, presentan un buen panorama en educaci\u00f3n, infraestructura, servicios y desarrollo social. La sociedad y el\u00a0 gobierno del Estado de M\u00e9xico, que encabeza la maestra Delfina G\u00f3mez, vamos con paso firme en beneficio de nuestros hijos y familias en general\u201d.<\/p>\n<p>&nbsp;<\/p>\n<p>Afirm\u00f3 lo anterior, el profesor Sim\u00f3n Mondrag\u00f3n Bernal, director general de Educaci\u00f3n Media Superior mexiquense, luego de desear un feliz inicio de a\u00f1o 2026 a maestros y estudiantes de dicha entidad.<\/p>\n<p>&nbsp;<\/p>\n<p>\u00abEl pr\u00f3ximo a\u00f1o vamos a redoblar esfuerzos para que menos j\u00f3venes abandonen la escuela y para que cada plantel sea un lugar donde valga la pena quedarse, aprender y crecer\u00bb, dijo.<\/p>\n<p>&nbsp;<\/p>\n<p>Por otra parte, destac\u00f3 que \u00abimpulsaremos espacios verdes y acciones para construir escuelas m\u00e1s sustentables, que formen conciencia y tambi\u00e9n mejoren la vida diaria de la comunidad escolar. Adem\u00e1s, fortaleceremos la prevenci\u00f3n con pl\u00e1ticas y acompa\u00f1amiento para enfrentar dos retos urgentes: el embarazo adolescente y las adicciones, con informaci\u00f3n clara, orientaci\u00f3n oportuna y trabajo coordinado con familias e instituciones\u00bb, reiter\u00f3.<\/p>\n<p>&nbsp;<\/p>\n<p>Finalmente, Sim\u00f3n Mondrag\u00f3n record\u00f3 que \u00abeducar es tarea de todos, buscaremos implementar en algunas escuelas identificadas como de atenci\u00f3n prioritaria el programa de Escuela para Padres, para que madres y padres cuenten con herramientas reales y cercanas que les permitan acompa\u00f1ar mejor a sus hijas e hijos en esta etapa decisiva, fortaleciendo la comunicaci\u00f3n, la prevenci\u00f3n y el apoyo en casa\u00bb, concluy\u00f3.<\/p>\n<p>&nbsp;<\/p>\n<p>&nbsp;<\/p>\n<p>&nbsp;<\/p>\n<p>&nbsp;<\/p>\n","protected":false},"excerpt":{"rendered":"<p>Redoblar\u00e1n esfuerzos contra deserci\u00f3n escolar &nbsp; Por Arturo Baena &nbsp; Naucalpan, Mex.- \u201cLas perspectivas para este a\u00f1o 2026, presentan un buen panorama en educaci\u00f3n, infraestructura, servicios y desarrollo social. La sociedad y el\u00a0 gobierno del Estado de M\u00e9xico, que encabeza la maestra Delfina G\u00f3mez, vamos con paso firme en beneficio de nuestros hijos y familias [&hellip;]<\/p>\n","protected":false},"author":14,"featured_media":699859,"comment_status":"open","ping_status":"open","sticky":false,"template":"","format":"standard","meta":{"_monsterinsights_skip_tracking":false,"_monsterinsights_sitenote_active":false,"_monsterinsights_sitenote_note":"","_monsterinsights_sitenote_category":0,"footnotes":""},"categories":[5],"tags":[],"class_list":["post-699858","post","type-post","status-publish","format-standard","has-post-thumbnail","hentry","category-estado-de-mexico"],"_links":{"self":[{"href":"https:\/\/www.diarioimagen.net\/index.php?rest_route=\/wp\/v2\/posts\/699858","targetHints":{"allow":["GET"]}}],"collection":[{"href":"https:\/\/www.diarioimagen.net\/index.php?rest_route=\/wp\/v2\/posts"}],"about":[{"href":"https:\/\/www.diarioimagen.net\/index.php?rest_route=\/wp\/v2\/types\/post"}],"author":[{"embeddable":true,"href":"https:\/\/www.diarioimagen.net\/index.php?rest_route=\/wp\/v2\/users\/14"}],"replies":[{"embeddable":true,"href":"https:\/\/www.diarioimagen.net\/index.php?rest_route=%2Fwp%2Fv2%2Fcomments&post=699858"}],"version-history":[{"count":1,"href":"https:\/\/www.diarioimagen.net\/index.php?rest_route=\/wp\/v2\/posts\/699858\/revisions"}],"predecessor-version":[{"id":699860,"href":"https:\/\/www.diarioimagen.net\/index.php?rest_route=\/wp\/v2\/posts\/699858\/revisions\/699860"}],"wp:featuredmedia":[{"embeddable":true,"href":"https:\/\/www.diarioimagen.net\/index.php?rest_route=\/wp\/v2\/media\/699859"}],"wp:attachment":[{"href":"https:\/\/www.diarioimagen.net\/index.php?rest_route=%2Fwp%2Fv2%2Fmedia&parent=699858"}],"wp:term":[{"taxonomy":"category","embeddable":true,"href":"https:\/\/www.diarioimagen.net\/index.php?rest_route=%2Fwp%2Fv2%2Fcategories&post=699858"},{"taxonomy":"post_tag","embeddable":true,"href":"https:\/\/www.diarioimagen.net\/index.php?rest_route=%2Fwp%2Fv2%2Ftags&post=699858"}],"curies":[{"name":"wp","href":"https:\/\/api.w.org\/{rel}","templated":true}]}}