{"id":700028,"date":"2026-01-05T00:15:56","date_gmt":"2026-01-05T06:15:56","guid":{"rendered":"https:\/\/www.diarioimagen.net\/?p=700028"},"modified":"2026-01-05T00:15:56","modified_gmt":"2026-01-05T06:15:56","slug":"las-voces-infantiles-de-radio-emocionesde-la-uaemex-amplian-su-voz-y-llegan-a-uam-radio","status":"publish","type":"post","link":"https:\/\/www.diarioimagen.net\/?p=700028","title":{"rendered":"Las voces infantiles de \u201cRadio Emociones\u201dde la UAEM\u00e9x ampl\u00edan su voz y llegan a UAM Radio"},"content":{"rendered":"<div id=\"attachment_700029\" style=\"width: 415px\" class=\"wp-caption alignnone\"><img loading=\"lazy\" decoding=\"async\" aria-describedby=\"caption-attachment-700029\" class=\"wp-image-700029 size-large\" src=\"https:\/\/www.diarioimagen.net\/wp-content\/uploads\/2026\/01\/UAEM-2-405x270.jpg\" alt=\"\" width=\"405\" height=\"270\" srcset=\"https:\/\/www.diarioimagen.net\/wp-content\/uploads\/2026\/01\/UAEM-2-405x270.jpg 405w, https:\/\/www.diarioimagen.net\/wp-content\/uploads\/2026\/01\/UAEM-2-240x160.jpg 240w, https:\/\/www.diarioimagen.net\/wp-content\/uploads\/2026\/01\/UAEM-2-768x512.jpg 768w, https:\/\/www.diarioimagen.net\/wp-content\/uploads\/2026\/01\/UAEM-2-1536x1024.jpg 1536w, https:\/\/www.diarioimagen.net\/wp-content\/uploads\/2026\/01\/UAEM-2-2048x1365.jpg 2048w\" sizes=\"auto, (max-width: 405px) 100vw, 405px\" \/><p id=\"caption-attachment-700029\" class=\"wp-caption-text\">La radiodifusora de la UAEM\u00e9x inici\u00f3 recientemente transmisiones a trav\u00e9s de XHUAM-FM 94.1, UAM Radio, la emisora de radio de la Universidad Aut\u00f3noma Metropolitana en la Ciudad de M\u00e9xico.<\/p><\/div>\n<p>&nbsp;<\/p>\n<p>Toluca, M\u00e9x.- El programa infantil \u201cRadio Emociones\u201d, producido por UniRadio 99.7, la radiodifusora de la Universidad Aut\u00f3noma del Estado de M\u00e9xico (UAEM\u00e9x), inici\u00f3 recientemente transmisiones a trav\u00e9s de XHUAM-FM 94.1, UAM Radio, la emisora de radio de la Universidad Aut\u00f3noma Metropolitana en la Ciudad de M\u00e9xico, lo cual ampl\u00eda el alcance del proyecto y reafirma el compromiso compartido por ambas instituciones de educaci\u00f3n superior en cuanto a impulsar contenidos culturales y educativos de calidad.<\/p>\n<p>Lorena Rodr\u00edguez, productora y locutora de \u201cRadio Emociones\u201d, destac\u00f3 que uno de los ejes centrales del programa es proyectar las voces de ni\u00f1as y ni\u00f1os mexiquenses en un espacio que promueve la crianza respetuosa y la participaci\u00f3n activa de las infancias.<\/p>\n<p>\u201cLa llegada de \u2018Radio Emociones\u2019 a UAM Radio representa la oportunidad de seguir tejiendo v\u00ednculos y generar retroalimentaci\u00f3n entre radios p\u00fablicas y universitarias. Trabajar con infancias implica un aprendizaje constante: es fundamental escucharlas y permitirles ser ellas mismas\u201d, afirm\u00f3.<\/p>\n<p>El programa, tambi\u00e9n producido por Tere Bado y N\u00e9stor Guti\u00e9rrez, cuenta actualmente con un equipo rotativo de entre 35 y 40 ni\u00f1as y ni\u00f1os locutores, quienes se integran mediante convocatorias abiertas, uno de los sellos m\u00e1s innovadores de la iniciativa.<\/p>\n<p>Cada episodio aborda temas relevantes para su desarrollo emocional, como el bullying, la separaci\u00f3n de los padres, los celos entre hermanos, la autoestima, los duelos infantiles y la seguridad digital. Adem\u00e1s, los contenidos cuentan con el acompa\u00f1amiento de especialistas de la Facultad de Ciencias de la Conducta de la UAEM\u00e9x.<\/p>\n<p>La alianza con UAM Radio reafirma el compromiso de la UAEM\u00e9x con la difusi\u00f3n de proyectos radiof\u00f3nicos incluyentes y formativos, accesibles para todas las audiencias. \u201cRadio Emociones\u201d se transmite los s\u00e1bados, a las 9:00 horas, por UniRadio 99.7, y en UAM Radio 94.1, los martes, a las 14:00 horas, con repetici\u00f3n los s\u00e1bados a las 10:00 horas.<\/p>\n<p>Gracias a las alianzas estrat\u00e9gicas que ha consolidado con otras instituciones de educaci\u00f3n superior del pa\u00eds, la Universidad Aut\u00f3noma del Estado de M\u00e9xico contin\u00faa fortaleciendo sus redes de colaboraci\u00f3n con medios universitarios, principalmente radiof\u00f3nicos, de instituciones como la Universidad de Colima, la Universidad de Hidalgo, la Universidad Aut\u00f3noma Metropolitana, la Universidad Iberoamericana, la Universidad Aut\u00f3noma de Ciudad Ju\u00e1rez, la Universidad de Monterrey y la Universidad Aut\u00f3noma de Tamaulipas.<\/p>\n<p>&nbsp;<\/p>\n<p>&nbsp;<\/p>\n<p>&nbsp;<\/p>\n","protected":false},"excerpt":{"rendered":"<p>&nbsp; Toluca, M\u00e9x.- El programa infantil \u201cRadio Emociones\u201d, producido por UniRadio 99.7, la radiodifusora de la Universidad Aut\u00f3noma del Estado de M\u00e9xico (UAEM\u00e9x), inici\u00f3 recientemente transmisiones a trav\u00e9s de XHUAM-FM 94.1, UAM Radio, la emisora de radio de la Universidad Aut\u00f3noma Metropolitana en la Ciudad de M\u00e9xico, lo cual ampl\u00eda el alcance del proyecto y [&hellip;]<\/p>\n","protected":false},"author":14,"featured_media":700029,"comment_status":"open","ping_status":"open","sticky":false,"template":"","format":"standard","meta":{"_monsterinsights_skip_tracking":false,"_monsterinsights_sitenote_active":false,"_monsterinsights_sitenote_note":"","_monsterinsights_sitenote_category":0,"footnotes":""},"categories":[16,5],"tags":[],"class_list":["post-700028","post","type-post","status-publish","format-standard","has-post-thumbnail","hentry","category-destacadas","category-estado-de-mexico"],"_links":{"self":[{"href":"https:\/\/www.diarioimagen.net\/index.php?rest_route=\/wp\/v2\/posts\/700028","targetHints":{"allow":["GET"]}}],"collection":[{"href":"https:\/\/www.diarioimagen.net\/index.php?rest_route=\/wp\/v2\/posts"}],"about":[{"href":"https:\/\/www.diarioimagen.net\/index.php?rest_route=\/wp\/v2\/types\/post"}],"author":[{"embeddable":true,"href":"https:\/\/www.diarioimagen.net\/index.php?rest_route=\/wp\/v2\/users\/14"}],"replies":[{"embeddable":true,"href":"https:\/\/www.diarioimagen.net\/index.php?rest_route=%2Fwp%2Fv2%2Fcomments&post=700028"}],"version-history":[{"count":1,"href":"https:\/\/www.diarioimagen.net\/index.php?rest_route=\/wp\/v2\/posts\/700028\/revisions"}],"predecessor-version":[{"id":700030,"href":"https:\/\/www.diarioimagen.net\/index.php?rest_route=\/wp\/v2\/posts\/700028\/revisions\/700030"}],"wp:featuredmedia":[{"embeddable":true,"href":"https:\/\/www.diarioimagen.net\/index.php?rest_route=\/wp\/v2\/media\/700029"}],"wp:attachment":[{"href":"https:\/\/www.diarioimagen.net\/index.php?rest_route=%2Fwp%2Fv2%2Fmedia&parent=700028"}],"wp:term":[{"taxonomy":"category","embeddable":true,"href":"https:\/\/www.diarioimagen.net\/index.php?rest_route=%2Fwp%2Fv2%2Fcategories&post=700028"},{"taxonomy":"post_tag","embeddable":true,"href":"https:\/\/www.diarioimagen.net\/index.php?rest_route=%2Fwp%2Fv2%2Ftags&post=700028"}],"curies":[{"name":"wp","href":"https:\/\/api.w.org\/{rel}","templated":true}]}}