{"id":700083,"date":"2026-01-05T18:23:50","date_gmt":"2026-01-06T00:23:50","guid":{"rendered":"https:\/\/www.diarioimagen.net\/?p=700083"},"modified":"2026-01-05T18:23:50","modified_gmt":"2026-01-06T00:23:50","slug":"reafirma-postura-la-presidenta-claudia-sheinbaum-sobre-el-caso-venezuela","status":"publish","type":"post","link":"https:\/\/www.diarioimagen.net\/?p=700083","title":{"rendered":"Reafirma postura la presidenta Claudia Sheinbaum sobre el caso Venezuela"},"content":{"rendered":"<p><img loading=\"lazy\" decoding=\"async\" class=\"alignnone size-large wp-image-700084\" src=\"https:\/\/www.diarioimagen.net\/wp-content\/uploads\/2026\/01\/BAENA-4-ok-1-460x270.jpg\" alt=\"\" width=\"460\" height=\"270\" srcset=\"https:\/\/www.diarioimagen.net\/wp-content\/uploads\/2026\/01\/BAENA-4-ok-1-460x270.jpg 460w, https:\/\/www.diarioimagen.net\/wp-content\/uploads\/2026\/01\/BAENA-4-ok-1-240x140.jpg 240w, https:\/\/www.diarioimagen.net\/wp-content\/uploads\/2026\/01\/BAENA-4-ok-1-768x449.jpg 768w, https:\/\/www.diarioimagen.net\/wp-content\/uploads\/2026\/01\/BAENA-4-ok-1.jpg 1500w\" sizes=\"auto, (max-width: 460px) 100vw, 460px\" \/><\/p>\n<p>&nbsp;<\/p>\n<p>Valle de M\u00e9xico.- La presidenta de M\u00e9xico, Claudia Sheinbaum, reafirm\u00f3 la posici\u00f3n hist\u00f3rica del pa\u00eds en contra de cualquier forma de intervenci\u00f3n extranjera, al pronunciarse sobre los hechos recientes ocurridos en Venezuela y subrayar que no existe justificaci\u00f3n alguna para vulnerar la soberan\u00eda de otras naciones. La mandataria sostuvo que la experiencia de Am\u00e9rica Latina demuestra que la intervenci\u00f3n nunca ha generado democracia, estabilidad ni bienestar duradero, y recalc\u00f3 que solo los pueblos tienen el derecho de decidir su destino pol\u00edtico, econ\u00f3mico y social. Record\u00f3 que el respeto a la autodeterminaci\u00f3n est\u00e1 consagrado tanto en la Constituci\u00f3n mexicana como en el derecho internacional y en la Carta de las Naciones Unidas, por lo que se trata de un principio irrenunciable y no sujeto a interpretaciones<\/p>\n","protected":false},"excerpt":{"rendered":"<p>&nbsp; Valle de M\u00e9xico.- La presidenta de M\u00e9xico, Claudia Sheinbaum, reafirm\u00f3 la posici\u00f3n hist\u00f3rica del pa\u00eds en contra de cualquier forma de intervenci\u00f3n extranjera, al pronunciarse sobre los hechos recientes ocurridos en Venezuela y subrayar que no existe justificaci\u00f3n alguna para vulnerar la soberan\u00eda de otras naciones. La mandataria sostuvo que la experiencia de Am\u00e9rica [&hellip;]<\/p>\n","protected":false},"author":14,"featured_media":700084,"comment_status":"open","ping_status":"open","sticky":false,"template":"","format":"standard","meta":{"_monsterinsights_skip_tracking":false,"_monsterinsights_sitenote_active":false,"_monsterinsights_sitenote_note":"","_monsterinsights_sitenote_category":0,"footnotes":""},"categories":[5],"tags":[],"class_list":["post-700083","post","type-post","status-publish","format-standard","has-post-thumbnail","hentry","category-estado-de-mexico"],"_links":{"self":[{"href":"https:\/\/www.diarioimagen.net\/index.php?rest_route=\/wp\/v2\/posts\/700083","targetHints":{"allow":["GET"]}}],"collection":[{"href":"https:\/\/www.diarioimagen.net\/index.php?rest_route=\/wp\/v2\/posts"}],"about":[{"href":"https:\/\/www.diarioimagen.net\/index.php?rest_route=\/wp\/v2\/types\/post"}],"author":[{"embeddable":true,"href":"https:\/\/www.diarioimagen.net\/index.php?rest_route=\/wp\/v2\/users\/14"}],"replies":[{"embeddable":true,"href":"https:\/\/www.diarioimagen.net\/index.php?rest_route=%2Fwp%2Fv2%2Fcomments&post=700083"}],"version-history":[{"count":1,"href":"https:\/\/www.diarioimagen.net\/index.php?rest_route=\/wp\/v2\/posts\/700083\/revisions"}],"predecessor-version":[{"id":700085,"href":"https:\/\/www.diarioimagen.net\/index.php?rest_route=\/wp\/v2\/posts\/700083\/revisions\/700085"}],"wp:featuredmedia":[{"embeddable":true,"href":"https:\/\/www.diarioimagen.net\/index.php?rest_route=\/wp\/v2\/media\/700084"}],"wp:attachment":[{"href":"https:\/\/www.diarioimagen.net\/index.php?rest_route=%2Fwp%2Fv2%2Fmedia&parent=700083"}],"wp:term":[{"taxonomy":"category","embeddable":true,"href":"https:\/\/www.diarioimagen.net\/index.php?rest_route=%2Fwp%2Fv2%2Fcategories&post=700083"},{"taxonomy":"post_tag","embeddable":true,"href":"https:\/\/www.diarioimagen.net\/index.php?rest_route=%2Fwp%2Fv2%2Ftags&post=700083"}],"curies":[{"name":"wp","href":"https:\/\/api.w.org\/{rel}","templated":true}]}}