{"id":700119,"date":"2026-01-05T18:51:19","date_gmt":"2026-01-06T00:51:19","guid":{"rendered":"https:\/\/www.diarioimagen.net\/?p=700119"},"modified":"2026-01-05T18:51:19","modified_gmt":"2026-01-06T00:51:19","slug":"se-aprovechara-el-mundial-2026-para-consolidar-los-habitos-deportivos-en-ninos-y-jovenes-mario-delgado","status":"publish","type":"post","link":"https:\/\/www.diarioimagen.net\/?p=700119","title":{"rendered":"Se aprovechar\u00e1 el Mundial 2026 para consolidar los  h\u00e1bitos deportivos en ni\u00f1os y j\u00f3venes: Mario Delgado"},"content":{"rendered":"<ul>\n<li><strong>Anuncia titular de la SEP la Copa Escolar Nacional de Futbol<\/strong><\/li>\n<\/ul>\n<p><strong>\u00a0<\/strong><\/p>\n<div id=\"attachment_700120\" style=\"width: 242px\" class=\"wp-caption alignnone\"><img loading=\"lazy\" decoding=\"async\" aria-describedby=\"caption-attachment-700120\" class=\"size-large wp-image-700120\" src=\"https:\/\/www.diarioimagen.net\/wp-content\/uploads\/2026\/01\/SEP-ok-1-232x270.jpg\" alt=\"\" width=\"232\" height=\"270\" srcset=\"https:\/\/www.diarioimagen.net\/wp-content\/uploads\/2026\/01\/SEP-ok-1-232x270.jpg 232w, https:\/\/www.diarioimagen.net\/wp-content\/uploads\/2026\/01\/SEP-ok-1-206x240.jpg 206w, https:\/\/www.diarioimagen.net\/wp-content\/uploads\/2026\/01\/SEP-ok-1-768x895.jpg 768w, https:\/\/www.diarioimagen.net\/wp-content\/uploads\/2026\/01\/SEP-ok-1-1318x1536.jpg 1318w, https:\/\/www.diarioimagen.net\/wp-content\/uploads\/2026\/01\/SEP-ok-1.jpg 1500w\" sizes=\"auto, (max-width: 232px) 100vw, 232px\" \/><p id=\"caption-attachment-700120\" class=\"wp-caption-text\">Mario Delgado Carrillo inform\u00f3 que, en el marco de la Copa Mundial de F\u00fatbol 2026, M\u00e9xico aprovechar\u00e1 este gran evento internacional para fomentar la actividad f\u00edsica permanente, la convivencia y los h\u00e1bitos saludables entre ni\u00f1os, adolescentes y j\u00f3venes del pa\u00eds.<\/p><\/div>\n<p>&nbsp;<\/p>\n<p>El secretario de Educaci\u00f3n P\u00fablica, Mario Delgado Carrillo, inform\u00f3 que, en el marco de la Copa Mundial de F\u00fatbol 2026, M\u00e9xico aprovechar\u00e1 este gran evento internacional para fomentar la actividad f\u00edsica permanente, la convivencia y los h\u00e1bitos saludables entre ni\u00f1as, ni\u00f1os, adolescentes y j\u00f3venes de todo el pa\u00eds, a trav\u00e9s de la Copa Escolar Nacional de F\u00fatbol \u201cVive saludable, juega feliz\u201d.<\/p>\n<p>El titular de la SEP destac\u00f3 que las escuelas ser\u00e1n el punto de partida de esta iniciativa nacional, que busca motivar a las y los estudiantes a practicar deporte, fortalecer valores y generar un esp\u00edritu deportivo permanente desde edades tempranas.<\/p>\n<p>Detall\u00f3 que la Copa Escolar Nacional de F\u00fatbol contar\u00e1 con la participaci\u00f3n de estudiantes de primaria, secundaria, bachillerato y universidad, quienes competir\u00e1n en etapas escolares, regionales y nacionales, con una convivencia sin precedentes en todo el territorio nacional. Subray\u00f3 que la Gran Final se celebrar\u00e1 en el Estadio Ol\u00edmpico Universitario, uno de los recintos deportivos m\u00e1s emblem\u00e1ticos de M\u00e9xico.<\/p>\n<p>Delgado Carrillo afirm\u00f3 que el f\u00fatbol es una poderosa herramienta de integraci\u00f3n social, ya que promueve el trabajo en equipo, la disciplina, el respeto y la resiliencia. Se\u00f1al\u00f3 que cada cancha escolar representa una oportunidad para que las y los estudiantes descubran sus capacidades, fortalezcan su autoestima y vivan experiencias formativas y recreativas.<\/p>\n<p>Asimismo, precis\u00f3 que este torneo dar\u00e1 inicio en este a\u00f1o y se realizar\u00e1 de manera anual, con un enfoque incluyente, donde el protagonismo recaer\u00e1 en las y los estudiantes, sin distinci\u00f3n, desde quienes ya practican el deporte hasta quienes buscan iniciarse en \u00e9l. Enfatiz\u00f3 que el objetivo no es identificar al mejor futbolista, sino promover la convivencia, la amistad y la formaci\u00f3n de valores dentro y fuera de la cancha.<\/p>\n<p>En este esfuerzo interinstitucional, destac\u00f3 la coordinaci\u00f3n con la Comisi\u00f3n Nacional de Cultura F\u00edsica y Deporte (Conade), a cargo de Rommel Pacheco, que impulsa un ecosistema nacional de formaci\u00f3n futbol\u00edstica con alcance hist\u00f3rico, alineado a la visi\u00f3n del Gobierno de M\u00e9xico de consolidar una educaci\u00f3n integral y comunidades m\u00e1s activas y saludables.<\/p>\n<p>Finalmente, el secretario de Educaci\u00f3n P\u00fablica invit\u00f3 a todas las comunidades educativas a participar e inscribirse una vez que se publique la convocatoria nacional en los canales oficiales de la SEP, reiterando que el deporte escolar es una plataforma de aprendizaje, identidad y bienestar que dejar\u00e1 un legado duradero.<\/p>\n<p>&nbsp;<\/p>\n<p>&nbsp;<\/p>\n<p><strong>\u00a0<\/strong><\/p>\n<p>&nbsp;<\/p>\n","protected":false},"excerpt":{"rendered":"<p>Anuncia titular de la SEP la Copa Escolar Nacional de Futbol \u00a0 &nbsp; El secretario de Educaci\u00f3n P\u00fablica, Mario Delgado Carrillo, inform\u00f3 que, en el marco de la Copa Mundial de F\u00fatbol 2026, M\u00e9xico aprovechar\u00e1 este gran evento internacional para fomentar la actividad f\u00edsica permanente, la convivencia y los h\u00e1bitos saludables entre ni\u00f1as, ni\u00f1os, adolescentes [&hellip;]<\/p>\n","protected":false},"author":14,"featured_media":700120,"comment_status":"open","ping_status":"open","sticky":false,"template":"","format":"standard","meta":{"_monsterinsights_skip_tracking":false,"_monsterinsights_sitenote_active":false,"_monsterinsights_sitenote_note":"","_monsterinsights_sitenote_category":0,"footnotes":""},"categories":[3],"tags":[],"class_list":["post-700119","post","type-post","status-publish","format-standard","has-post-thumbnail","hentry","category-nacional"],"_links":{"self":[{"href":"https:\/\/www.diarioimagen.net\/index.php?rest_route=\/wp\/v2\/posts\/700119","targetHints":{"allow":["GET"]}}],"collection":[{"href":"https:\/\/www.diarioimagen.net\/index.php?rest_route=\/wp\/v2\/posts"}],"about":[{"href":"https:\/\/www.diarioimagen.net\/index.php?rest_route=\/wp\/v2\/types\/post"}],"author":[{"embeddable":true,"href":"https:\/\/www.diarioimagen.net\/index.php?rest_route=\/wp\/v2\/users\/14"}],"replies":[{"embeddable":true,"href":"https:\/\/www.diarioimagen.net\/index.php?rest_route=%2Fwp%2Fv2%2Fcomments&post=700119"}],"version-history":[{"count":1,"href":"https:\/\/www.diarioimagen.net\/index.php?rest_route=\/wp\/v2\/posts\/700119\/revisions"}],"predecessor-version":[{"id":700121,"href":"https:\/\/www.diarioimagen.net\/index.php?rest_route=\/wp\/v2\/posts\/700119\/revisions\/700121"}],"wp:featuredmedia":[{"embeddable":true,"href":"https:\/\/www.diarioimagen.net\/index.php?rest_route=\/wp\/v2\/media\/700120"}],"wp:attachment":[{"href":"https:\/\/www.diarioimagen.net\/index.php?rest_route=%2Fwp%2Fv2%2Fmedia&parent=700119"}],"wp:term":[{"taxonomy":"category","embeddable":true,"href":"https:\/\/www.diarioimagen.net\/index.php?rest_route=%2Fwp%2Fv2%2Fcategories&post=700119"},{"taxonomy":"post_tag","embeddable":true,"href":"https:\/\/www.diarioimagen.net\/index.php?rest_route=%2Fwp%2Fv2%2Ftags&post=700119"}],"curies":[{"name":"wp","href":"https:\/\/api.w.org\/{rel}","templated":true}]}}