{"id":700182,"date":"2026-01-05T19:45:52","date_gmt":"2026-01-06T01:45:52","guid":{"rendered":"https:\/\/www.diarioimagen.net\/?p=700182"},"modified":"2026-01-05T19:45:52","modified_gmt":"2026-01-06T01:45:52","slug":"investigacion-de-uaemex-impulsa-produccion-agropecuaria-sustentable-en-el-sur-del-edomex","status":"publish","type":"post","link":"https:\/\/www.diarioimagen.net\/?p=700182","title":{"rendered":"Investigaci\u00f3n de UAEM\u00e9x impulsa producci\u00f3n  agropecuaria sustentable en el sur del Edomex"},"content":{"rendered":"<p><strong>\u00a0<\/strong><\/p>\n<ul>\n<li><strong>Proyectos del Centro Universitario Temascaltepec fortalecen la seguridad alimentaria y la econom\u00eda de peque\u00f1os productores.<\/strong><\/li>\n<\/ul>\n<div id=\"attachment_700184\" style=\"width: 415px\" class=\"wp-caption alignnone\"><img loading=\"lazy\" decoding=\"async\" aria-describedby=\"caption-attachment-700184\" class=\"wp-image-700184 size-large\" src=\"https:\/\/www.diarioimagen.net\/wp-content\/uploads\/2026\/01\/UAEM-1-1-405x270.jpg\" alt=\"\" width=\"405\" height=\"270\" srcset=\"https:\/\/www.diarioimagen.net\/wp-content\/uploads\/2026\/01\/UAEM-1-1-405x270.jpg 405w, https:\/\/www.diarioimagen.net\/wp-content\/uploads\/2026\/01\/UAEM-1-1-240x160.jpg 240w, https:\/\/www.diarioimagen.net\/wp-content\/uploads\/2026\/01\/UAEM-1-1-768x512.jpg 768w, https:\/\/www.diarioimagen.net\/wp-content\/uploads\/2026\/01\/UAEM-1-1-1536x1023.jpg 1536w, https:\/\/www.diarioimagen.net\/wp-content\/uploads\/2026\/01\/UAEM-1-1-2048x1364.jpg 2048w\" sizes=\"auto, (max-width: 405px) 100vw, 405px\" \/><p id=\"caption-attachment-700184\" class=\"wp-caption-text\">Anastacio Garc\u00eda Mart\u00ednez, investigador y acad\u00e9mico del Centro Universitario Temascaltepec de la UAEM\u00e9x, desarrolla iniciativas enfocadas en la producci\u00f3n y la seguridad alimentaria en la regi\u00f3n sur de la entidad.<\/p><\/div>\n<p><strong>\u00a0<\/strong><\/p>\n<p>Temascaltepec, M\u00e9x.-\u00a0 Con el objetivo de fortalecer proyectos que integren los pilares econ\u00f3mico, social y ambiental del desarrollo sostenible, el investigador y acad\u00e9mico del Centro Universitario Temascaltepec de la Universidad Aut\u00f3noma del Estado de M\u00e9xico (UAEM\u00e9x), Anastacio Garc\u00eda Mart\u00ednez, desarrolla iniciativas enfocadas en la producci\u00f3n y la seguridad alimentaria en la regi\u00f3n sur de la entidad.<\/p>\n<p>Como parte de una red internacional de investigaci\u00f3n integrada por especialistas de Argentina, Paraguay y Costa Rica \u2014en la que M\u00e9xico participa a trav\u00e9s de instituciones como la UAEM\u00e9x, la Universidad Aut\u00f3noma de Guadalajara (UAG), la Universidad Aut\u00f3noma Metropolitana (UAM) y la Universidad Aut\u00f3noma del Estado de Hidalgo (UAEH)\u2014, Garc\u00eda Mart\u00ednez explic\u00f3 que el trabajo se centra en la colaboraci\u00f3n directa con peque\u00f1os productores. El objetivo es dise\u00f1ar sistemas de producci\u00f3n que mejoren el manejo del ganado de doble prop\u00f3sito \u2014carne y leche\u2014 y de los forrajes, bajo esquemas sustentables.<\/p>\n<p>Las investigaciones, desarrolladas en conjunto con el Cuerpo Acad\u00e9mico en Ciencias Agropecuarias y Recursos Naturales del Centro Universitario UAEM Temascaltepec, permiten la participaci\u00f3n activa de docentes y estudiantes de Licenciatura, Maestr\u00eda y Doctorado, quienes acuden a las fincas familiares para conocer de primera mano los procesos productivos y las condiciones reales de la producci\u00f3n de carne y sus derivados.<\/p>\n<p>El acercamiento directo con las y los productores, se\u00f1al\u00f3 el investigador, posibilita la implementaci\u00f3n de estrategias de alimentaci\u00f3n que reducen los costos de producci\u00f3n. Al aprovechar hierbas y pastos propios de la regi\u00f3n, los animales contribuyen de manera natural a la fertilizaci\u00f3n de los suelos, generando un impacto positivo tanto en la econom\u00eda familiar como en el equilibrio ambiental.<\/p>\n<p>\u201cCon las estrategias de alimentaci\u00f3n que implementamos en las unidades de producci\u00f3n incidimos de manera significativa en la econom\u00eda del peque\u00f1o productor. Adem\u00e1s, al mantener al ganado en zonas boscosas se favorece la limpieza de las monta\u00f1as, lo que ha demostrado ser una medida efectiva para la prevenci\u00f3n de incendios forestales\u201d, subray\u00f3.<\/p>\n<p>Asimismo, Garc\u00eda Mart\u00ednez destac\u00f3 que una dieta adecuada y balanceada del ganado se traduce en una mejor calidad de carne, leche y derivados, lo que no solo protege la salud de las y los consumidores, sino que tambi\u00e9n fortalece las cadenas de comercializaci\u00f3n y ampl\u00eda las posibilidades de distribuci\u00f3n de estos productos en otras comunidades y ciudades.<\/p>\n<p>De esta manera, se promueven mecanismos de producci\u00f3n rentables y sustentables para las y los productores, al tiempo que la UAEM\u00e9x contribuye, en los \u00e1mbitos nacional e internacional, al desarrollo de proyectos alineados con los Objetivos de Desarrollo Sostenible (ODS), particularmente en materia de seguridad alimentaria y cuidado del medio ambiente.<\/p>\n<p>Finalmente, el investigador enfatiz\u00f3 que el conocimiento generado a partir del trabajo con peque\u00f1os productores se comparte de forma directa con ellos, mediante foros, talleres, congresos y seminarios impartidos tanto en el pa\u00eds como en el extranjero.<\/p>\n<p>\u201cEstos sistemas de producci\u00f3n tienen un impacto considerable en el medio ambiente, pero tambi\u00e9n fortalecen el trabajo colegiado y ponen en alto el nombre de nuestra UAEM\u00e9x, al formar profesionistas comprometidos con las necesidades de sus entornos\u201d, concluy\u00f3 Anastacio Garc\u00eda Mart\u00ednez.<\/p>\n<p>&nbsp;<\/p>\n<p>&nbsp;<\/p>\n<p>&nbsp;<\/p>\n<p>&nbsp;<\/p>\n<p>&nbsp;<\/p>\n","protected":false},"excerpt":{"rendered":"<p>\u00a0 Proyectos del Centro Universitario Temascaltepec fortalecen la seguridad alimentaria y la econom\u00eda de peque\u00f1os productores. \u00a0 Temascaltepec, M\u00e9x.-\u00a0 Con el objetivo de fortalecer proyectos que integren los pilares econ\u00f3mico, social y ambiental del desarrollo sostenible, el investigador y acad\u00e9mico del Centro Universitario Temascaltepec de la Universidad Aut\u00f3noma del Estado de M\u00e9xico (UAEM\u00e9x), Anastacio Garc\u00eda [&hellip;]<\/p>\n","protected":false},"author":14,"featured_media":700184,"comment_status":"open","ping_status":"open","sticky":false,"template":"","format":"standard","meta":{"_monsterinsights_skip_tracking":false,"_monsterinsights_sitenote_active":false,"_monsterinsights_sitenote_note":"","_monsterinsights_sitenote_category":0,"footnotes":""},"categories":[16,5],"tags":[],"class_list":["post-700182","post","type-post","status-publish","format-standard","has-post-thumbnail","hentry","category-destacadas","category-estado-de-mexico"],"_links":{"self":[{"href":"https:\/\/www.diarioimagen.net\/index.php?rest_route=\/wp\/v2\/posts\/700182","targetHints":{"allow":["GET"]}}],"collection":[{"href":"https:\/\/www.diarioimagen.net\/index.php?rest_route=\/wp\/v2\/posts"}],"about":[{"href":"https:\/\/www.diarioimagen.net\/index.php?rest_route=\/wp\/v2\/types\/post"}],"author":[{"embeddable":true,"href":"https:\/\/www.diarioimagen.net\/index.php?rest_route=\/wp\/v2\/users\/14"}],"replies":[{"embeddable":true,"href":"https:\/\/www.diarioimagen.net\/index.php?rest_route=%2Fwp%2Fv2%2Fcomments&post=700182"}],"version-history":[{"count":1,"href":"https:\/\/www.diarioimagen.net\/index.php?rest_route=\/wp\/v2\/posts\/700182\/revisions"}],"predecessor-version":[{"id":700185,"href":"https:\/\/www.diarioimagen.net\/index.php?rest_route=\/wp\/v2\/posts\/700182\/revisions\/700185"}],"wp:featuredmedia":[{"embeddable":true,"href":"https:\/\/www.diarioimagen.net\/index.php?rest_route=\/wp\/v2\/media\/700184"}],"wp:attachment":[{"href":"https:\/\/www.diarioimagen.net\/index.php?rest_route=%2Fwp%2Fv2%2Fmedia&parent=700182"}],"wp:term":[{"taxonomy":"category","embeddable":true,"href":"https:\/\/www.diarioimagen.net\/index.php?rest_route=%2Fwp%2Fv2%2Fcategories&post=700182"},{"taxonomy":"post_tag","embeddable":true,"href":"https:\/\/www.diarioimagen.net\/index.php?rest_route=%2Fwp%2Fv2%2Ftags&post=700182"}],"curies":[{"name":"wp","href":"https:\/\/api.w.org\/{rel}","templated":true}]}}