{"id":700187,"date":"2026-01-05T19:51:35","date_gmt":"2026-01-06T01:51:35","guid":{"rendered":"https:\/\/www.diarioimagen.net\/?p=700187"},"modified":"2026-01-05T19:51:35","modified_gmt":"2026-01-06T01:51:35","slug":"terapia-ocupacional-al-alcance-de-la-comunidad-en-la-clinica-multidisciplinaria-de-salud","status":"publish","type":"post","link":"https:\/\/www.diarioimagen.net\/?p=700187","title":{"rendered":"Terapia Ocupacional al alcance de la comunidad en la Cl\u00ednica Multidisciplinaria de Salud"},"content":{"rendered":"<div id=\"attachment_700190\" style=\"width: 415px\" class=\"wp-caption alignnone\"><img loading=\"lazy\" decoding=\"async\" aria-describedby=\"caption-attachment-700190\" class=\"wp-image-700190 size-large\" src=\"https:\/\/www.diarioimagen.net\/wp-content\/uploads\/2026\/01\/UAEM-2-1-405x270.jpg\" alt=\"\" width=\"405\" height=\"270\" srcset=\"https:\/\/www.diarioimagen.net\/wp-content\/uploads\/2026\/01\/UAEM-2-1-405x270.jpg 405w, https:\/\/www.diarioimagen.net\/wp-content\/uploads\/2026\/01\/UAEM-2-1-240x160.jpg 240w, https:\/\/www.diarioimagen.net\/wp-content\/uploads\/2026\/01\/UAEM-2-1-768x512.jpg 768w, https:\/\/www.diarioimagen.net\/wp-content\/uploads\/2026\/01\/UAEM-2-1-1536x1023.jpg 1536w, https:\/\/www.diarioimagen.net\/wp-content\/uploads\/2026\/01\/UAEM-2-1-2048x1364.jpg 2048w\" sizes=\"auto, (max-width: 405px) 100vw, 405px\" \/><p id=\"caption-attachment-700190\" class=\"wp-caption-text\">La Cl\u00ednica Multidisciplinaria de Salud brinda el servicio de Terapia Ocupacional, una atenci\u00f3n integral orientada a fortalecer habilidades funcionales y promover la autonom\u00eda de personas de todas las edades.<\/p><\/div>\n<p>&nbsp;<\/p>\n<p>Toluca, M\u00e9x.- La Universidad Aut\u00f3noma del Estado de M\u00e9xico (UAEM\u00e9x), a trav\u00e9s de la Cl\u00ednica Multidisciplinaria de Salud (CMS), brinda el servicio de Terapia Ocupacional, una atenci\u00f3n integral orientada a fortalecer habilidades funcionales y promover la autonom\u00eda de personas de todas las edades.<\/p>\n<p>La jefa del \u00e1rea de Terapia Ocupacional de la Direcci\u00f3n de Servicios M\u00e9dicos a la Sociedad del Valle de Toluca, Am\u00e9rica Pamela Quiroz Mendoza, explic\u00f3 que esta disciplina sociosanitaria busca desarrollar y recuperar habilidades necesarias para la vida diaria, de manera que cada persona pueda desempe\u00f1arse con mayor independencia, sin importar su condici\u00f3n f\u00edsica, mental o social.<\/p>\n<p>\u201cEste servicio atiende a pacientes desde el primer mes de vida hasta la edad adulta mayor. En el caso de los ni\u00f1os, las sesiones se centran en el desarrollo de habilidades motoras, cognitivas, sensoriales y del lenguaje, mientras que, en adultos, se enfocan en la readaptaci\u00f3n laboral, la ergonom\u00eda y la funcionalidad cotidiana\u201d, detall\u00f3.<\/p>\n<p>Entre las condiciones que se atienden destacan trastornos del neurodesarrollo como autismo, TDAH -Trastorno por D\u00e9ficit de Atenci\u00f3n e Hiperactividad- y dispraxias -trastornos neurol\u00f3gicos que afectan la planificaci\u00f3n y ejecuci\u00f3n de movimientos coordinados-, as\u00ed como enfermedades cr\u00f3nico-degenerativas, secuelas de accidentes cerebrovasculares, demencias y Parkinson.<\/p>\n<p>La finalidad del servicio, precis\u00f3 Quiroz Mendoza, es mejorar la calidad de vida y facilitar la realizaci\u00f3n de actividades significativas \u2014desde sostener una cuchara hasta retomar un empleo o un pasatiempo\u2014, mediante un proceso que inicia con una evaluaci\u00f3n inicial y la elaboraci\u00f3n de un plan terap\u00e9utico personalizado. Cada seis meses se efect\u00faa una nueva valoraci\u00f3n para medir avances a trav\u00e9s de pruebas psicom\u00e9tricas y observaciones cualitativas.<\/p>\n<p>La Terapia Ocupacional en la CMS est\u00e1 disponible para el p\u00fablico en general los d\u00edas lunes, martes, jueves y viernes, de 9:00 a 14:00 horas, y los mi\u00e9rcoles, de 14:00 a 19:00 horas. Las citas pueden agendarse en: https:\/\/citascms.uaemex.mx o v\u00eda telef\u00f3nica al 722 212 8027 y 722 219 4122, extensiones 118 y 140.<\/p>\n<p>&nbsp;<\/p>\n<p><strong>\u00a0<\/strong><\/p>\n<p>&nbsp;<\/p>\n<p>&nbsp;<\/p>\n<p>&nbsp;<\/p>\n","protected":false},"excerpt":{"rendered":"<p>&nbsp; Toluca, M\u00e9x.- La Universidad Aut\u00f3noma del Estado de M\u00e9xico (UAEM\u00e9x), a trav\u00e9s de la Cl\u00ednica Multidisciplinaria de Salud (CMS), brinda el servicio de Terapia Ocupacional, una atenci\u00f3n integral orientada a fortalecer habilidades funcionales y promover la autonom\u00eda de personas de todas las edades. La jefa del \u00e1rea de Terapia Ocupacional de la Direcci\u00f3n de [&hellip;]<\/p>\n","protected":false},"author":14,"featured_media":700190,"comment_status":"open","ping_status":"open","sticky":false,"template":"","format":"standard","meta":{"_monsterinsights_skip_tracking":false,"_monsterinsights_sitenote_active":false,"_monsterinsights_sitenote_note":"","_monsterinsights_sitenote_category":0,"footnotes":""},"categories":[16,5],"tags":[],"class_list":["post-700187","post","type-post","status-publish","format-standard","has-post-thumbnail","hentry","category-destacadas","category-estado-de-mexico"],"_links":{"self":[{"href":"https:\/\/www.diarioimagen.net\/index.php?rest_route=\/wp\/v2\/posts\/700187","targetHints":{"allow":["GET"]}}],"collection":[{"href":"https:\/\/www.diarioimagen.net\/index.php?rest_route=\/wp\/v2\/posts"}],"about":[{"href":"https:\/\/www.diarioimagen.net\/index.php?rest_route=\/wp\/v2\/types\/post"}],"author":[{"embeddable":true,"href":"https:\/\/www.diarioimagen.net\/index.php?rest_route=\/wp\/v2\/users\/14"}],"replies":[{"embeddable":true,"href":"https:\/\/www.diarioimagen.net\/index.php?rest_route=%2Fwp%2Fv2%2Fcomments&post=700187"}],"version-history":[{"count":1,"href":"https:\/\/www.diarioimagen.net\/index.php?rest_route=\/wp\/v2\/posts\/700187\/revisions"}],"predecessor-version":[{"id":700191,"href":"https:\/\/www.diarioimagen.net\/index.php?rest_route=\/wp\/v2\/posts\/700187\/revisions\/700191"}],"wp:featuredmedia":[{"embeddable":true,"href":"https:\/\/www.diarioimagen.net\/index.php?rest_route=\/wp\/v2\/media\/700190"}],"wp:attachment":[{"href":"https:\/\/www.diarioimagen.net\/index.php?rest_route=%2Fwp%2Fv2%2Fmedia&parent=700187"}],"wp:term":[{"taxonomy":"category","embeddable":true,"href":"https:\/\/www.diarioimagen.net\/index.php?rest_route=%2Fwp%2Fv2%2Fcategories&post=700187"},{"taxonomy":"post_tag","embeddable":true,"href":"https:\/\/www.diarioimagen.net\/index.php?rest_route=%2Fwp%2Fv2%2Ftags&post=700187"}],"curies":[{"name":"wp","href":"https:\/\/api.w.org\/{rel}","templated":true}]}}