{"id":700267,"date":"2026-01-06T18:46:32","date_gmt":"2026-01-07T00:46:32","guid":{"rendered":"https:\/\/www.diarioimagen.net\/?p=700267"},"modified":"2026-01-06T18:46:32","modified_gmt":"2026-01-07T00:46:32","slug":"respalda-el-congreso-del-edomex-politicas-publicas-de-delfina-gomez","status":"publish","type":"post","link":"https:\/\/www.diarioimagen.net\/?p=700267","title":{"rendered":"Respalda el Congreso del Edomex  pol\u00edticas p\u00fablicas de Delfina G\u00f3mez"},"content":{"rendered":"<ul>\n<li><strong>Aprobaci\u00f3n de reformas<\/strong><\/li>\n<\/ul>\n<p><strong>\u00a0<\/strong><\/p>\n<p><img loading=\"lazy\" decoding=\"async\" class=\"alignnone wp-image-700269 size-large\" src=\"https:\/\/www.diarioimagen.net\/wp-content\/uploads\/2026\/01\/BAENA-3-ok-2-371x270.jpg\" alt=\"\" width=\"371\" height=\"270\" srcset=\"https:\/\/www.diarioimagen.net\/wp-content\/uploads\/2026\/01\/BAENA-3-ok-2-371x270.jpg 371w, https:\/\/www.diarioimagen.net\/wp-content\/uploads\/2026\/01\/BAENA-3-ok-2-240x175.jpg 240w, https:\/\/www.diarioimagen.net\/wp-content\/uploads\/2026\/01\/BAENA-3-ok-2-768x559.jpg 768w, https:\/\/www.diarioimagen.net\/wp-content\/uploads\/2026\/01\/BAENA-3-ok-2-1536x1118.jpg 1536w, https:\/\/www.diarioimagen.net\/wp-content\/uploads\/2026\/01\/BAENA-3-ok-2-2048x1490.jpg 2048w, https:\/\/www.diarioimagen.net\/wp-content\/uploads\/2026\/01\/BAENA-3-ok-2-90x65.jpg 90w\" sizes=\"auto, (max-width: 371px) 100vw, 371px\" \/><\/p>\n<p>Toluca, Mex.- En respaldo a las pol\u00edticas p\u00fablicas de la gobernadora Delfina G\u00f3mez \u00c1lvarez, que se orientan a mejorar la calidad de vida la poblaci\u00f3n, y profundizar la transformaci\u00f3n que requiere la entidad, la LXII Legislatura mexiquense aprob\u00f3 diferentes reformas en materia de donaci\u00f3n de inmuebles en favor de personas sin seguridad social, presupuesto, gobierno digital, castigos por violencia sexual y organizaci\u00f3n de la administraci\u00f3n p\u00fablica.<\/p>\n<p>&nbsp;<\/p>\n<p>En el primer periodo ordinario del segundo a\u00f1o de la gesti\u00f3n legislativa, del 5 de septiembre al 18 de diciembre de 2025, diputados avalaron la donaci\u00f3n de 29 predios de propiedad estatal y municipal a diferentes dependencias de la federaci\u00f3n y el Estado.<\/p>\n<p>&nbsp;<\/p>\n<p>De estos 29, 17 fueron para los Servicios de Salud del Instituto Mexicano del Seguro Social para el Bienestar (IMSS-Bienestar), con el fin de brindar atenci\u00f3n m\u00e9dica integral gratuita a personas sin afiliaci\u00f3n social. Se ubican en los municipios de Valle de Chalco (4), Tlalnepantla de Baz (3), Chalco (2), Atizap\u00e1n de Zaragoza (2), Timilpan (2), Tlalmanalco, Ixtapaluca, Jilotepec y Aculco.<\/p>\n<p>&nbsp;<\/p>\n<p>Dos m\u00e1s fueron donados al Instituto Mexicano del Seguro Social (IMSS) para la construcci\u00f3n de un Centro de Educaci\u00f3n y Cuidado Infantil, en Nezahualc\u00f3yotl, y a la Secretar\u00eda de Educaci\u00f3n P\u00fablica federal, para edificar un plantel de nivel medio superior en Texcoco.<\/p>\n<p>&nbsp;<\/p>\n<p>Seis inmuebles en Ixtapan de la Sal fueron para el \u00abCentro de Bachillerato Tecnol\u00f3gico C.B.T. Calm\u00e9cac, Ixtapan de la Sal\u00bb; la \u00abEscuela Preparatoria Oficial Anexa a la Normal de Ixtapan de la Sal\u00bb; la cl\u00ednica de rehabilitaci\u00f3n, denominada \u00abUnidad de Rehabilitaci\u00f3n e Integraci\u00f3n Social (URIS)\u00bb; juzgados del Tribunal Superior de Justicia; la Escuela Secundaria Oficial n\u00famero 0988 \u00abAgust\u00edn Gonz\u00e1lez Plata\u00bb; y los Servicios Educativos Integrados al Estado de M\u00e9xico (SEIEM) a fin de que el Jard\u00edn de Ni\u00f1os Carolina Agazzi contin\u00fae prestando servicios educativos.<\/p>\n<p>&nbsp;<\/p>\n<p>&nbsp;<\/p>\n<p>&nbsp;<\/p>\n<p>&nbsp;<\/p>\n","protected":false},"excerpt":{"rendered":"<p>Aprobaci\u00f3n de reformas \u00a0 Toluca, Mex.- En respaldo a las pol\u00edticas p\u00fablicas de la gobernadora Delfina G\u00f3mez \u00c1lvarez, que se orientan a mejorar la calidad de vida la poblaci\u00f3n, y profundizar la transformaci\u00f3n que requiere la entidad, la LXII Legislatura mexiquense aprob\u00f3 diferentes reformas en materia de donaci\u00f3n de inmuebles en favor de personas sin [&hellip;]<\/p>\n","protected":false},"author":14,"featured_media":700269,"comment_status":"open","ping_status":"open","sticky":false,"template":"","format":"standard","meta":{"_monsterinsights_skip_tracking":false,"_monsterinsights_sitenote_active":false,"_monsterinsights_sitenote_note":"","_monsterinsights_sitenote_category":0,"footnotes":""},"categories":[5],"tags":[],"class_list":["post-700267","post","type-post","status-publish","format-standard","has-post-thumbnail","hentry","category-estado-de-mexico"],"_links":{"self":[{"href":"https:\/\/www.diarioimagen.net\/index.php?rest_route=\/wp\/v2\/posts\/700267","targetHints":{"allow":["GET"]}}],"collection":[{"href":"https:\/\/www.diarioimagen.net\/index.php?rest_route=\/wp\/v2\/posts"}],"about":[{"href":"https:\/\/www.diarioimagen.net\/index.php?rest_route=\/wp\/v2\/types\/post"}],"author":[{"embeddable":true,"href":"https:\/\/www.diarioimagen.net\/index.php?rest_route=\/wp\/v2\/users\/14"}],"replies":[{"embeddable":true,"href":"https:\/\/www.diarioimagen.net\/index.php?rest_route=%2Fwp%2Fv2%2Fcomments&post=700267"}],"version-history":[{"count":1,"href":"https:\/\/www.diarioimagen.net\/index.php?rest_route=\/wp\/v2\/posts\/700267\/revisions"}],"predecessor-version":[{"id":700270,"href":"https:\/\/www.diarioimagen.net\/index.php?rest_route=\/wp\/v2\/posts\/700267\/revisions\/700270"}],"wp:featuredmedia":[{"embeddable":true,"href":"https:\/\/www.diarioimagen.net\/index.php?rest_route=\/wp\/v2\/media\/700269"}],"wp:attachment":[{"href":"https:\/\/www.diarioimagen.net\/index.php?rest_route=%2Fwp%2Fv2%2Fmedia&parent=700267"}],"wp:term":[{"taxonomy":"category","embeddable":true,"href":"https:\/\/www.diarioimagen.net\/index.php?rest_route=%2Fwp%2Fv2%2Fcategories&post=700267"},{"taxonomy":"post_tag","embeddable":true,"href":"https:\/\/www.diarioimagen.net\/index.php?rest_route=%2Fwp%2Fv2%2Ftags&post=700267"}],"curies":[{"name":"wp","href":"https:\/\/api.w.org\/{rel}","templated":true}]}}