{"id":700320,"date":"2026-01-06T19:40:06","date_gmt":"2026-01-07T01:40:06","guid":{"rendered":"https:\/\/www.diarioimagen.net\/?p=700320"},"modified":"2026-01-06T20:16:27","modified_gmt":"2026-01-07T02:16:27","slug":"la-uaemex-redefine-su-rumbo-academico-con-un-modelo-educativo-de-transformacion-social","status":"publish","type":"post","link":"https:\/\/www.diarioimagen.net\/?p=700320","title":{"rendered":"La UAEM\u00e9x redefine su rumbo acad\u00e9mico con un modelo educativo de transformaci\u00f3n social"},"content":{"rendered":"<p>&nbsp;<\/p>\n<p>&nbsp;<\/p>\n<ul>\n<li><strong>Con enfoque sociocr\u00edtico y humanista, la Aut\u00f3noma mexiquense renueva procesos de ense\u00f1anza, investigaci\u00f3n y vinculaci\u00f3n, y coloca al centro el bienestar de estudiantes, docentes y personal universitario<\/strong><\/li>\n<\/ul>\n<div id=\"attachment_700321\" style=\"width: 228px\" class=\"wp-caption alignnone\"><img loading=\"lazy\" decoding=\"async\" aria-describedby=\"caption-attachment-700321\" class=\"wp-image-700321 size-large\" src=\"https:\/\/www.diarioimagen.net\/wp-content\/uploads\/2026\/01\/UAEM-1-2-218x270.jpg\" alt=\"\" width=\"218\" height=\"270\" \/><p id=\"caption-attachment-700321\" class=\"wp-caption-text\">Francisco Herrera Tapia, titular de la Secretar\u00eda Acad\u00e9mica, explic\u00f3 que el proyecto, impulsado por la rectora Marta Patricia Zarza Delgado, busca transformar la vida universitaria desde una visi\u00f3n humanista, sociocr\u00edtica e incluyente.<\/p><\/div>\n<p>&nbsp;<\/p>\n<p>Toluca, M\u00e9x.- \u00a0La Universidad Aut\u00f3noma del Estado de M\u00e9xico (UAEM\u00e9x) avanza en un proceso de renovaci\u00f3n acad\u00e9mica con el dise\u00f1o de su nuevo modelo educativo, una propuesta que responde directamente a las exigencias, aspiraciones y necesidades de su propia comunidad. Este planteamiento marca un cambio estructural en la manera en que la instituci\u00f3n concibe la ense\u00f1anza, la investigaci\u00f3n, la vinculaci\u00f3n y la responsabilidad social de la educaci\u00f3n superior.<\/p>\n<p>Francisco Herrera Tapia, titular de la Secretar\u00eda Acad\u00e9mica, explic\u00f3 que el proyecto, impulsado por la rectora Marta Patricia Zarza Delgado, busca transformar la vida universitaria desde una visi\u00f3n humanista, sociocr\u00edtica e incluyente, centrada en las personas y en los desaf\u00edos actuales del pa\u00eds y del mundo.<\/p>\n<p>\u201cEl nuevo modelo educativo parte de una revisi\u00f3n profunda del papel social de la Universidad. Su enfoque sociocr\u00edtico y human\u00edstico busca fortalecer la identidad hist\u00f3rica de la UAEM\u00e9x, inspirada en valores liberales, progresistas y orientados a la transformaci\u00f3n social. Esto implica revisar pr\u00e1cticas internas, mejorar procesos acad\u00e9micos y asegurar que el quehacer universitario se traduzca en un impacto real en el entorno\u201d, afirm\u00f3.<\/p>\n<p>Uno de los pilares del nuevo modelo es la integraci\u00f3n del conocimiento. Para ello, se construye un ecosistema educativo multidisciplinario, interdisciplinario y transdisciplinario que permita responder a la complejidad de los problemas contempor\u00e1neos y formar profesionales capaces de trabajar con miradas amplias, colaborativas y orientadas a resolver desaf\u00edos sociales, cient\u00edficos, ambientales y tecnol\u00f3gicos.<\/p>\n<p>\u201cLa excelencia no puede construirse a costa del bienestar de las personas, sino a partir de \u00e9l. El modelo apuesta por procesos de acompa\u00f1amiento estudiantil m\u00e1s cercanos, acciones de salud emocional, formaci\u00f3n docente continua, \u00e9tica acad\u00e9mica e integridad profesional\u201d, sostuvo Herrera Tapia.<\/p>\n<p>El proyecto tambi\u00e9n promueve una participaci\u00f3n corresponsable entre los sectores acad\u00e9mico, estudiantil y administrativo. Incluye mejoras en pr\u00e1cticas profesionales y servicio social, mayor vinculaci\u00f3n entre estudiantes e investigadores, fortalecimiento de la educaci\u00f3n digital y del uso responsable de la inteligencia artificial, as\u00ed como la renovaci\u00f3n de estrategias de ense\u00f1anza y evaluaci\u00f3n, la simplificaci\u00f3n administrativa, la actualizaci\u00f3n de herramientas digitales y una atenci\u00f3n integral a las necesidades emocionales y acad\u00e9micas del estudiantado.<\/p>\n<p>La nueva visi\u00f3n abarca desde el nivel medio superior hasta el posgrado, con el fin de garantizar coherencia formativa a lo largo de toda la trayectoria educativa. Adem\u00e1s, se articula con el enfoque de escuela-comunidad, que impulsa la vinculaci\u00f3n con el entorno y la retribuci\u00f3n social desde todos los programas acad\u00e9micos.<\/p>\n<p>&nbsp;<\/p>\n<p>&nbsp;<\/p>\n<p>&nbsp;<\/p>\n<p><strong>\u00a0<\/strong><\/p>\n","protected":false},"excerpt":{"rendered":"<p>&nbsp; &nbsp; Con enfoque sociocr\u00edtico y humanista, la Aut\u00f3noma mexiquense renueva procesos de ense\u00f1anza, investigaci\u00f3n y vinculaci\u00f3n, y coloca al centro el bienestar de estudiantes, docentes y personal universitario &nbsp; Toluca, M\u00e9x.- \u00a0La Universidad Aut\u00f3noma del Estado de M\u00e9xico (UAEM\u00e9x) avanza en un proceso de renovaci\u00f3n acad\u00e9mica con el dise\u00f1o de su nuevo modelo educativo, [&hellip;]<\/p>\n","protected":false},"author":14,"featured_media":700321,"comment_status":"open","ping_status":"open","sticky":false,"template":"","format":"standard","meta":{"_monsterinsights_skip_tracking":false,"_monsterinsights_sitenote_active":false,"_monsterinsights_sitenote_note":"","_monsterinsights_sitenote_category":0,"footnotes":""},"categories":[16,5],"tags":[],"class_list":["post-700320","post","type-post","status-publish","format-standard","has-post-thumbnail","hentry","category-destacadas","category-estado-de-mexico"],"_links":{"self":[{"href":"https:\/\/www.diarioimagen.net\/index.php?rest_route=\/wp\/v2\/posts\/700320","targetHints":{"allow":["GET"]}}],"collection":[{"href":"https:\/\/www.diarioimagen.net\/index.php?rest_route=\/wp\/v2\/posts"}],"about":[{"href":"https:\/\/www.diarioimagen.net\/index.php?rest_route=\/wp\/v2\/types\/post"}],"author":[{"embeddable":true,"href":"https:\/\/www.diarioimagen.net\/index.php?rest_route=\/wp\/v2\/users\/14"}],"replies":[{"embeddable":true,"href":"https:\/\/www.diarioimagen.net\/index.php?rest_route=%2Fwp%2Fv2%2Fcomments&post=700320"}],"version-history":[{"count":1,"href":"https:\/\/www.diarioimagen.net\/index.php?rest_route=\/wp\/v2\/posts\/700320\/revisions"}],"predecessor-version":[{"id":700322,"href":"https:\/\/www.diarioimagen.net\/index.php?rest_route=\/wp\/v2\/posts\/700320\/revisions\/700322"}],"wp:featuredmedia":[{"embeddable":true,"href":"https:\/\/www.diarioimagen.net\/index.php?rest_route=\/wp\/v2\/media\/700321"}],"wp:attachment":[{"href":"https:\/\/www.diarioimagen.net\/index.php?rest_route=%2Fwp%2Fv2%2Fmedia&parent=700320"}],"wp:term":[{"taxonomy":"category","embeddable":true,"href":"https:\/\/www.diarioimagen.net\/index.php?rest_route=%2Fwp%2Fv2%2Fcategories&post=700320"},{"taxonomy":"post_tag","embeddable":true,"href":"https:\/\/www.diarioimagen.net\/index.php?rest_route=%2Fwp%2Fv2%2Ftags&post=700320"}],"curies":[{"name":"wp","href":"https:\/\/api.w.org\/{rel}","templated":true}]}}