{"id":700457,"date":"2026-01-07T19:50:36","date_gmt":"2026-01-08T01:50:36","guid":{"rendered":"https:\/\/www.diarioimagen.net\/?p=700457"},"modified":"2026-01-07T19:50:36","modified_gmt":"2026-01-08T01:50:36","slug":"aumenta-el-reclutamiento-de-menores-por-el-crimen-organizado","status":"publish","type":"post","link":"https:\/\/www.diarioimagen.net\/?p=700457","title":{"rendered":"Aumenta el reclutamiento de menores por el crimen organizado"},"content":{"rendered":"<ul>\n<li><strong>Problema social invisibilizado<\/strong><\/li>\n<li><strong>Este delito presenta altos niveles de subregistro, particularmente cuando las v\u00edctimas son ni\u00f1os y adolescentes<\/strong><\/li>\n<\/ul>\n<div id=\"attachment_700458\" style=\"width: 369px\" class=\"wp-caption alignnone\"><img loading=\"lazy\" decoding=\"async\" aria-describedby=\"caption-attachment-700458\" class=\"wp-image-700458 size-large\" src=\"https:\/\/www.diarioimagen.net\/wp-content\/uploads\/2026\/01\/NARCO-RECLUTAMIENTO-02-359x270.jpg\" alt=\"\" width=\"359\" height=\"270\" srcset=\"https:\/\/www.diarioimagen.net\/wp-content\/uploads\/2026\/01\/NARCO-RECLUTAMIENTO-02-359x270.jpg 359w, https:\/\/www.diarioimagen.net\/wp-content\/uploads\/2026\/01\/NARCO-RECLUTAMIENTO-02-240x180.jpg 240w, https:\/\/www.diarioimagen.net\/wp-content\/uploads\/2026\/01\/NARCO-RECLUTAMIENTO-02-768x577.jpg 768w, https:\/\/www.diarioimagen.net\/wp-content\/uploads\/2026\/01\/NARCO-RECLUTAMIENTO-02-1536x1154.jpg 1536w, https:\/\/www.diarioimagen.net\/wp-content\/uploads\/2026\/01\/NARCO-RECLUTAMIENTO-02.jpg 1538w\" sizes=\"auto, (max-width: 359px) 100vw, 359px\" \/><p id=\"caption-attachment-700458\" class=\"wp-caption-text\">Durante 2024, entre 388 y mil 84 adolescentes fueron privados de la libertad en el pa\u00eds por delitos en los que suele estar involucrada la delincuencia organizada, lo que permite considerarlos como probables v\u00edctimas de reclutamiento forzado.<\/p><\/div>\n<p>De acuerdo al Balance anual 2025, elaborado por la Red por los Derechos de la Infancia en M\u00e9xico (Redim), durante 2024, entre 388 y mil 84 adolescentes fueron privados de la libertad en el pa\u00eds por delitos en los que suele estar involucrada la delincuencia organizada, lo que permite considerarlos como probables v\u00edctimas de reclutamiento forzado por agrupaciones delictivas<\/p>\n<p>Destaca el documento que la cantidad de privaciones de la libertad de personas adolescentes por estos delitos aument\u00f3 20.6% entre 2023 y 2024, al pasar de 899 a mil 84 casos. El mayor n\u00famero de casos se registr\u00f3 en Estado de M\u00e9xico, Sonora y Chihuahua, entidades asociadas a la presencia de grupos criminales y disputas por el control del territorio.<\/p>\n<p>\u201cDesde Redim observamos este aumento con preocupaci\u00f3n, pues el reclutamiento forzado de ni\u00f1os y adolescentes se enfrenta a la invisibilizaci\u00f3n, empezando porque a\u00fan ni siquiera es considerado como un delito aut\u00f3nomo por las leyes mexicanas\u201d, precisa.<\/p>\n<p>Agrega que delitos como la extorsi\u00f3n, la trata de personas, el reclutamiento o la violencia familiar presentan altos niveles de subregistro, particularmente cuando las v\u00edctimas son ni\u00f1os y adolescentes, debido al miedo, la normalizaci\u00f3n de la violencia, la desconfianza en las autoridades y la falta de mecanismos de denuncia accesibles y especializados.<\/p>\n<p>\u201cEstas limitaciones refuerzan la necesidad de fortalecer los sistemas de denuncia y de informaci\u00f3n, pero tambi\u00e9n subrayan la importancia del trabajo de documentaci\u00f3n que realizan las organizaciones de la sociedad civil. En este sentido, Redim asume que la ausencia o insuficiencia de datos oficiales no puede ser excusa para la inacci\u00f3n y que visibilizar estas carencias es parte fundamental de la atenci\u00f3n a esta poblaci\u00f3n\u201d, menciona.<\/p>\n<p>El documento expone que contextos de violencia, desaparici\u00f3n y reclutamiento, el inter\u00e9s superior de la ni\u00f1ez exige respuestas oportunas, coordinadas y eficaces por parte de las autoridades, as\u00ed como la adopci\u00f3n de pol\u00edticas p\u00fablicas orientadas a evitar da\u00f1os irreparables, pues argumenta que la falta de acciones preventivas o la respuesta tard\u00eda frente a situaciones de riesgo constituye una vulneraci\u00f3n contra los derechos de la infancia y las adolescencias.<\/p>\n<p>Sostiene que al no estar tipificado el reclutamiento forzado no se puede saber la magnitud de esta violaci\u00f3n a los derechos humanos.<\/p>\n<p>Destaca el reclutamiento forzado contra menores de edad, en donde los grupos armados los captan para realizar actividades de movimiento de armas y transporte de drogas.<\/p>\n<p>De acuerdo con el informe Reclutamiento y utilizaci\u00f3n de ni\u00f1as, ni\u00f1os y adolescentes por grupos delictivos en M\u00e9xico realizado entre Redim y el Observatorio Nacional Ciudadano de Seguridad, Justicia y Legalidad (ONC), existen entre 145 mil y 250 mil ni\u00f1os y adolescentes en riesgo de ser cooptados por la delincuencia organizada.<\/p>\n<p>\u201cAl ser sujetos defendidos por la ley son ideales como carne de ca\u00f1\u00f3n para acciones de los grupos armados. Los ni\u00f1os y adolescentes en M\u00e9xico se encuentran en alto grado de vulnerabilidad y son usados para vigilar, para matar, trasladar, vender, para temas sexuales. Hay una gama de expresiones con las que las violencias y la vulneraci\u00f3n a la persona y a su dignidad se presentan\u201d, a\u00f1ade el documento elaborado por la Redim.<\/p>\n<p>Precisa que el Presupuesto de Egresos de la Federaci\u00f3n (PEF) 2026 destin\u00f3 1.1 billones de pesos a ni\u00f1os y adolescentes, pese a que representa un incremento nominal de 8% respecto al a\u00f1o anterior, equivalente a un aumento estimado de 5% en t\u00e9rminos reales, considerando una inflaci\u00f3n cercana a 3%, dicho monto corresponde s\u00f3lo a 10.8% del total del PEF, porcentaje inferior al asignado en 2025 (11%) y significativamente menor al observado en 2015, cuando la infancia y adolescencia concentraban 15% del gasto p\u00fablico federal.<\/p>\n<p>El an\u00e1lisis presupuestario, a\u00f1ade, muestra que el alza propuesta para 2026 resulta insuficiente para revertir las brechas persistentes en el ejercicio efectivo de los derechos de ni\u00f1os y adolescentes, particularmente en un contexto marcado por m\u00faltiples crisis sociales, econ\u00f3micas y de seguridad.<\/p>\n<p>&nbsp;<\/p>\n<p><strong>As\u00ed reclutan j\u00f3venes sin que se den cuenta<\/strong><\/p>\n<p>&nbsp;<\/p>\n<p>&nbsp;<\/p>\n<p>Expertos comparten las formas de reclutamiento de j\u00f3venes, implementadas por el crimen organizado, sin que ellos se den cuenta y los motivos por los que algunos grupos deciden unirse a las actividades delictivas.<\/p>\n<p>En el pa\u00eds, el crimen organizado perfeccion\u00f3 la forma en la que se reclutan a los j\u00f3venes, quienes, sin darse cuenta, terminan involucrados en las actividades delictivas, por lo que acad\u00e9micos advirtieron los factores que hacen m\u00e1s vulnerables a los j\u00f3venes:<\/p>\n<ul>\n<li><\/li>\n<li>El abandono escolar.<\/li>\n<li>Hogares violentos.<\/li>\n<\/ul>\n<p>&nbsp;<\/p>\n<p><strong>\u00bfCu\u00e1les son las formas en las que los j\u00f3venes son reclutados sin que se den cuenta?<\/strong><\/p>\n<p>&nbsp;<\/p>\n<p>Algunos de los casos inician con un trabajo que pudiera parecer sencillo y que implica las siguientes acciones:<\/p>\n<ul>\n<li>Entregar un paquete.<\/li>\n<li>Mover un veh\u00edculo.<\/li>\n<li>Realizar un mandado.<\/li>\n<\/ul>\n<p>Por medio de redes sociales hay anuncios de vacantes labores de choferes, ayudantes y repartidores. Dentro del argot criminal, a estos adolescentes se les conoce como \u00abpollitos de colores\u00bb, que describe tanto su corta edad como su f\u00e1cil reemplazo. Se les asignan pa\u00f1uelos, chalecos o distintivos de distintos colores para identificar su funci\u00f3n: vigilar, transportar mercanc\u00eda o hacer entregas de droga<\/p>\n<p>Los j\u00f3venes reclutados no son formados como l\u00edderes, las organizaciones criminales los usan como piezas desechables dentro de la cadena de las actividades ilegales.<\/p>\n<p>De acuerdo con la Redim, entre 35 mil y 40 mil adolescentes son reclutados anualmente, mientras que m\u00e1s de 300 mil est\u00e1n en riesgo.\u00a0 Coinciden en que estos j\u00f3venes no delinquen por voluntad propia, sino porque el contexto los empuja.<\/p>\n<p>Por su parte, Juli\u00e1n Flores, acad\u00e9mico de la UNAM y del IPN precis\u00f3 que criminalizar a los adolescentes s\u00f3lo profundiza el problema, pues su participaci\u00f3n no responde a decisiones aut\u00f3nomas, sino a condiciones estructurales que los ponen en situaci\u00f3n de vulnerabilidad.<\/p>\n<p>Los especialistas sostienen que una de las v\u00edas para frenar esta tendencia es tipificar el reclutamiento forzado como un delito espec\u00edfico y tratarlo como un asunto de seguridad nacional, porque es una \u00abforma de esclavitud moderna\u00bb.<\/p>\n<p><strong>\u00a0<\/strong><\/p>\n<p>&nbsp;<\/p>\n<p><strong>\u00a0<\/strong><\/p>\n<p><strong>\u00a0<\/strong><\/p>\n","protected":false},"excerpt":{"rendered":"<p>Problema social invisibilizado Este delito presenta altos niveles de subregistro, particularmente cuando las v\u00edctimas son ni\u00f1os y adolescentes De acuerdo al Balance anual 2025, elaborado por la Red por los Derechos de la Infancia en M\u00e9xico (Redim), durante 2024, entre 388 y mil 84 adolescentes fueron privados de la libertad en el pa\u00eds por delitos [&hellip;]<\/p>\n","protected":false},"author":14,"featured_media":700458,"comment_status":"open","ping_status":"open","sticky":false,"template":"","format":"standard","meta":{"_monsterinsights_skip_tracking":false,"_monsterinsights_sitenote_active":false,"_monsterinsights_sitenote_note":"","_monsterinsights_sitenote_category":0,"footnotes":""},"categories":[16,7],"tags":[],"class_list":["post-700457","post","type-post","status-publish","format-standard","has-post-thumbnail","hentry","category-destacadas","category-seguridad"],"_links":{"self":[{"href":"https:\/\/www.diarioimagen.net\/index.php?rest_route=\/wp\/v2\/posts\/700457","targetHints":{"allow":["GET"]}}],"collection":[{"href":"https:\/\/www.diarioimagen.net\/index.php?rest_route=\/wp\/v2\/posts"}],"about":[{"href":"https:\/\/www.diarioimagen.net\/index.php?rest_route=\/wp\/v2\/types\/post"}],"author":[{"embeddable":true,"href":"https:\/\/www.diarioimagen.net\/index.php?rest_route=\/wp\/v2\/users\/14"}],"replies":[{"embeddable":true,"href":"https:\/\/www.diarioimagen.net\/index.php?rest_route=%2Fwp%2Fv2%2Fcomments&post=700457"}],"version-history":[{"count":1,"href":"https:\/\/www.diarioimagen.net\/index.php?rest_route=\/wp\/v2\/posts\/700457\/revisions"}],"predecessor-version":[{"id":700459,"href":"https:\/\/www.diarioimagen.net\/index.php?rest_route=\/wp\/v2\/posts\/700457\/revisions\/700459"}],"wp:featuredmedia":[{"embeddable":true,"href":"https:\/\/www.diarioimagen.net\/index.php?rest_route=\/wp\/v2\/media\/700458"}],"wp:attachment":[{"href":"https:\/\/www.diarioimagen.net\/index.php?rest_route=%2Fwp%2Fv2%2Fmedia&parent=700457"}],"wp:term":[{"taxonomy":"category","embeddable":true,"href":"https:\/\/www.diarioimagen.net\/index.php?rest_route=%2Fwp%2Fv2%2Fcategories&post=700457"},{"taxonomy":"post_tag","embeddable":true,"href":"https:\/\/www.diarioimagen.net\/index.php?rest_route=%2Fwp%2Fv2%2Ftags&post=700457"}],"curies":[{"name":"wp","href":"https:\/\/api.w.org\/{rel}","templated":true}]}}