{"id":700826,"date":"2026-01-11T22:44:53","date_gmt":"2026-01-12T04:44:53","guid":{"rendered":"https:\/\/www.diarioimagen.net\/?p=700826"},"modified":"2026-01-11T22:44:53","modified_gmt":"2026-01-12T04:44:53","slug":"ecatepec-suspende-permisos-para-la-carga-y-descarga-en-la-via-publica","status":"publish","type":"post","link":"https:\/\/www.diarioimagen.net\/?p=700826","title":{"rendered":"\u00a0  Ecatepec suspende permisos para  la carga y descarga en la v\u00eda p\u00fablica"},"content":{"rendered":"<ul>\n<li><strong>Durante el mes de enero<\/strong><\/li>\n<\/ul>\n<p>&nbsp;<\/p>\n<p><img loading=\"lazy\" decoding=\"async\" class=\"alignnone wp-image-700828 size-large\" src=\"https:\/\/www.diarioimagen.net\/wp-content\/uploads\/2026\/01\/BAENA-2-ok-5-385x270.jpg\" alt=\"\" width=\"385\" height=\"270\" srcset=\"https:\/\/www.diarioimagen.net\/wp-content\/uploads\/2026\/01\/BAENA-2-ok-5-385x270.jpg 385w, https:\/\/www.diarioimagen.net\/wp-content\/uploads\/2026\/01\/BAENA-2-ok-5-240x168.jpg 240w, https:\/\/www.diarioimagen.net\/wp-content\/uploads\/2026\/01\/BAENA-2-ok-5-768x539.jpg 768w, https:\/\/www.diarioimagen.net\/wp-content\/uploads\/2026\/01\/BAENA-2-ok-5.jpg 1500w\" sizes=\"auto, (max-width: 385px) 100vw, 385px\" \/><\/p>\n<p>Ecatepec, M\u00e9x.- La a presidenta municipal Azucena Cisneros Coss y el cuerpo edilicio aprobaron la suspensi\u00f3n de la expedici\u00f3n del permiso municipal para realizar maniobras de carga y descarga en la v\u00eda p\u00fablica durante el mes de enero de 2026.<\/p>\n<p>&nbsp;<\/p>\n<p>La alcaldesa inform\u00f3 que dicha medida se tom\u00f3 para que los formatos sean m\u00e1s seguros y para simplificar el tr\u00e1mite.<\/p>\n<p>&nbsp;<\/p>\n<p>\u201cMi funci\u00f3n, mi posici\u00f3n es estar del lado de los ciudadanos. En el tema de carga y descarga se vuelve una cosa a veces engorrosa y a veces se presta para la corrupci\u00f3n, decidimos pararlo (&#8230;) y mejorar los formatos con lo que le llaman papel seguridad y volverlo mucho m\u00e1s simplificado\u201d, refiri\u00f3 y agreg\u00f3 que el objetivo es ayudar a la poblaci\u00f3n.<\/p>\n<p>&nbsp;<\/p>\n<p>Tambi\u00e9n aprobaron las Reglas de Operaci\u00f3n del Programa de Desarrollo Social denominado \u201cUniversitarios en Movimiento para el Bienestar\u201d, cuyo objetivo es contribuir a disminuir el rezago educativo de las personas de 18 a 29 a\u00f1os de edad que habiten en Ecatepec y se encuentren en condici\u00f3n de pobreza para costear su traslado a clases en las instituciones universitarias, mediante el otorgamiento de transferencias monetarias.<\/p>\n<p>&nbsp;<\/p>\n<p>Igualmente, votaron a favor de la campa\u00f1a de bonificaciones en el pago de los derechos por los servicios de suministro de agua potable, drenaje, alcantarillado y recepci\u00f3n de los caudales de aguas residuales para su tratamiento, dirigida a los contribuyentes que realicen su pago anual de manera anticipada, a los contribuyentes cumplidos, a aquellos que reciben el servicio de agua de manera intermitente y a los que pertenecen a alg\u00fan grupo vulnerable.<\/p>\n<p>&nbsp;<\/p>\n<p>&nbsp;<\/p>\n","protected":false},"excerpt":{"rendered":"<p>Durante el mes de enero &nbsp; Ecatepec, M\u00e9x.- La a presidenta municipal Azucena Cisneros Coss y el cuerpo edilicio aprobaron la suspensi\u00f3n de la expedici\u00f3n del permiso municipal para realizar maniobras de carga y descarga en la v\u00eda p\u00fablica durante el mes de enero de 2026. &nbsp; La alcaldesa inform\u00f3 que dicha medida se tom\u00f3 [&hellip;]<\/p>\n","protected":false},"author":14,"featured_media":700828,"comment_status":"open","ping_status":"open","sticky":false,"template":"","format":"standard","meta":{"_monsterinsights_skip_tracking":false,"_monsterinsights_sitenote_active":false,"_monsterinsights_sitenote_note":"","_monsterinsights_sitenote_category":0,"footnotes":""},"categories":[5],"tags":[],"class_list":["post-700826","post","type-post","status-publish","format-standard","has-post-thumbnail","hentry","category-estado-de-mexico"],"_links":{"self":[{"href":"https:\/\/www.diarioimagen.net\/index.php?rest_route=\/wp\/v2\/posts\/700826","targetHints":{"allow":["GET"]}}],"collection":[{"href":"https:\/\/www.diarioimagen.net\/index.php?rest_route=\/wp\/v2\/posts"}],"about":[{"href":"https:\/\/www.diarioimagen.net\/index.php?rest_route=\/wp\/v2\/types\/post"}],"author":[{"embeddable":true,"href":"https:\/\/www.diarioimagen.net\/index.php?rest_route=\/wp\/v2\/users\/14"}],"replies":[{"embeddable":true,"href":"https:\/\/www.diarioimagen.net\/index.php?rest_route=%2Fwp%2Fv2%2Fcomments&post=700826"}],"version-history":[{"count":1,"href":"https:\/\/www.diarioimagen.net\/index.php?rest_route=\/wp\/v2\/posts\/700826\/revisions"}],"predecessor-version":[{"id":700829,"href":"https:\/\/www.diarioimagen.net\/index.php?rest_route=\/wp\/v2\/posts\/700826\/revisions\/700829"}],"wp:featuredmedia":[{"embeddable":true,"href":"https:\/\/www.diarioimagen.net\/index.php?rest_route=\/wp\/v2\/media\/700828"}],"wp:attachment":[{"href":"https:\/\/www.diarioimagen.net\/index.php?rest_route=%2Fwp%2Fv2%2Fmedia&parent=700826"}],"wp:term":[{"taxonomy":"category","embeddable":true,"href":"https:\/\/www.diarioimagen.net\/index.php?rest_route=%2Fwp%2Fv2%2Fcategories&post=700826"},{"taxonomy":"post_tag","embeddable":true,"href":"https:\/\/www.diarioimagen.net\/index.php?rest_route=%2Fwp%2Fv2%2Ftags&post=700826"}],"curies":[{"name":"wp","href":"https:\/\/api.w.org\/{rel}","templated":true}]}}