{"id":700831,"date":"2026-01-11T22:46:42","date_gmt":"2026-01-12T04:46:42","guid":{"rendered":"https:\/\/www.diarioimagen.net\/?p=700831"},"modified":"2026-01-11T22:46:42","modified_gmt":"2026-01-12T04:46:42","slug":"un-pequeno-grupo-trata-de-desvirtuar-los-logros-de-cusaem-dicen-directivos","status":"publish","type":"post","link":"https:\/\/www.diarioimagen.net\/?p=700831","title":{"rendered":"\u00a0  Un peque\u00f1o grupo trata de desvirtuar  los logros de CUSAEM, dicen directivos"},"content":{"rendered":"<ul>\n<li><strong>Manifestaci\u00f3n en Paseo Tollocan<\/strong><\/li>\n<\/ul>\n<p><strong>\u00a0<\/strong><\/p>\n<p><img loading=\"lazy\" decoding=\"async\" class=\"alignnone wp-image-700827 size-large\" src=\"https:\/\/www.diarioimagen.net\/wp-content\/uploads\/2026\/01\/BAENA3-ok-460x258.jpg\" alt=\"\" width=\"460\" height=\"258\" srcset=\"https:\/\/www.diarioimagen.net\/wp-content\/uploads\/2026\/01\/BAENA3-ok-460x258.jpg 460w, https:\/\/www.diarioimagen.net\/wp-content\/uploads\/2026\/01\/BAENA3-ok-240x135.jpg 240w, https:\/\/www.diarioimagen.net\/wp-content\/uploads\/2026\/01\/BAENA3-ok-768x431.jpg 768w, https:\/\/www.diarioimagen.net\/wp-content\/uploads\/2026\/01\/BAENA3-ok-480x270.jpg 480w, https:\/\/www.diarioimagen.net\/wp-content\/uploads\/2026\/01\/BAENA3-ok-235x132.jpg 235w, https:\/\/www.diarioimagen.net\/wp-content\/uploads\/2026\/01\/BAENA3-ok-202x114.jpg 202w, https:\/\/www.diarioimagen.net\/wp-content\/uploads\/2026\/01\/BAENA3-ok-350x196.jpg 350w, https:\/\/www.diarioimagen.net\/wp-content\/uploads\/2026\/01\/BAENA3-ok-220x123.jpg 220w, https:\/\/www.diarioimagen.net\/wp-content\/uploads\/2026\/01\/BAENA3-ok-237x132.jpg 237w, https:\/\/www.diarioimagen.net\/wp-content\/uploads\/2026\/01\/BAENA3-ok.jpg 1500w\" sizes=\"auto, (max-width: 460px) 100vw, 460px\" \/><\/p>\n<p>&nbsp;<\/p>\n<p>Valle de M\u00e9xico.- Aproximadamente 30 integrantes, de los 22 mil que conforman el Cuerpo de Seguridad Auxiliar del Estado de M\u00e9xico (CUSAEM), encabezados por supuestos liderazgos que solo buscan intereses personales, se manifestaron sobre Paseo Tollocan, y solamente lograron causar molestias en el tr\u00e1nsito de la v\u00eda.<\/p>\n<p>&nbsp;<\/p>\n<p>Su inter\u00e9s, afirman directivos de esa corporaci\u00f3n, ha sido en los \u00faltimos tiempos el de \u00abdesvirtuar lo logrado por el actual comandante en jefe de los CUSAEM, Carlos Javier \u00c1lvarez C\u00e1rdenas, quien ha podido cambiar los destinos laborales de los guardias y vigilantes\u00bb, dijeron.<\/p>\n<p>&nbsp;<\/p>\n<p>Entre esos logros -continuaron- se tiene la incorporaci\u00f3n de los elementos a la ruta profesional, a las certificaciones de los mismos, a la salud de cada integrante, y la capacitaci\u00f3n, situaci\u00f3n que estaba olvidada en la organizaci\u00f3n.<\/p>\n<p>&nbsp;<\/p>\n<p>En esta ocasi\u00f3n, la misma Secretar\u00eda de Seguridad estatal les ofreci\u00f3 una mesa de di\u00e1logo, pero sus peticiones estuvieron mal enfocadas, mal asesoradas, por lo que salieron sin respuesta de la reuni\u00f3n.<\/p>\n<p>&nbsp;<\/p>\n<p>Desestimaron los protestantes que los cortes a la circulaci\u00f3n, como los realizaron, son ilegales, ya que son considerados por la ley, ataques a las v\u00edas generales de comunicaci\u00f3n.<\/p>\n<p>&nbsp;<\/p>\n<p>&nbsp;<\/p>\n<p>&nbsp;<\/p>\n","protected":false},"excerpt":{"rendered":"<p>Manifestaci\u00f3n en Paseo Tollocan \u00a0 &nbsp; Valle de M\u00e9xico.- Aproximadamente 30 integrantes, de los 22 mil que conforman el Cuerpo de Seguridad Auxiliar del Estado de M\u00e9xico (CUSAEM), encabezados por supuestos liderazgos que solo buscan intereses personales, se manifestaron sobre Paseo Tollocan, y solamente lograron causar molestias en el tr\u00e1nsito de la v\u00eda. &nbsp; Su [&hellip;]<\/p>\n","protected":false},"author":14,"featured_media":700827,"comment_status":"open","ping_status":"open","sticky":false,"template":"","format":"standard","meta":{"_monsterinsights_skip_tracking":false,"_monsterinsights_sitenote_active":false,"_monsterinsights_sitenote_note":"","_monsterinsights_sitenote_category":0,"footnotes":""},"categories":[5],"tags":[],"class_list":["post-700831","post","type-post","status-publish","format-standard","has-post-thumbnail","hentry","category-estado-de-mexico"],"_links":{"self":[{"href":"https:\/\/www.diarioimagen.net\/index.php?rest_route=\/wp\/v2\/posts\/700831","targetHints":{"allow":["GET"]}}],"collection":[{"href":"https:\/\/www.diarioimagen.net\/index.php?rest_route=\/wp\/v2\/posts"}],"about":[{"href":"https:\/\/www.diarioimagen.net\/index.php?rest_route=\/wp\/v2\/types\/post"}],"author":[{"embeddable":true,"href":"https:\/\/www.diarioimagen.net\/index.php?rest_route=\/wp\/v2\/users\/14"}],"replies":[{"embeddable":true,"href":"https:\/\/www.diarioimagen.net\/index.php?rest_route=%2Fwp%2Fv2%2Fcomments&post=700831"}],"version-history":[{"count":1,"href":"https:\/\/www.diarioimagen.net\/index.php?rest_route=\/wp\/v2\/posts\/700831\/revisions"}],"predecessor-version":[{"id":700832,"href":"https:\/\/www.diarioimagen.net\/index.php?rest_route=\/wp\/v2\/posts\/700831\/revisions\/700832"}],"wp:featuredmedia":[{"embeddable":true,"href":"https:\/\/www.diarioimagen.net\/index.php?rest_route=\/wp\/v2\/media\/700827"}],"wp:attachment":[{"href":"https:\/\/www.diarioimagen.net\/index.php?rest_route=%2Fwp%2Fv2%2Fmedia&parent=700831"}],"wp:term":[{"taxonomy":"category","embeddable":true,"href":"https:\/\/www.diarioimagen.net\/index.php?rest_route=%2Fwp%2Fv2%2Fcategories&post=700831"},{"taxonomy":"post_tag","embeddable":true,"href":"https:\/\/www.diarioimagen.net\/index.php?rest_route=%2Fwp%2Fv2%2Ftags&post=700831"}],"curies":[{"name":"wp","href":"https:\/\/api.w.org\/{rel}","templated":true}]}}